{"id":998,"date":"2023-03-22T18:22:08","date_gmt":"2023-03-22T17:22:08","guid":{"rendered":"http:\/\/wienernachrichten.at\/?p=998"},"modified":"2023-03-22T18:22:08","modified_gmt":"2023-03-22T17:22:08","slug":"valerie-fritsch","status":"publish","type":"post","link":"https:\/\/wienernachrichten.at\/?p=998","title":{"rendered":"Valerie Fritsch"},"content":{"rendered":"\n<h1>Schrecken und Sch\u00f6nheit der Welt<\/h1>\n\n\n\n<p>Schrecken und Sch\u00f6nheit der Welt teilen<a href=\"https:\/\/topos.orf.at\/filter?tags=Kultur\">Kultur<\/a><a href=\"https:\/\/topos.orf.at\/filter?tags=Kultur\/Literatur\">Literatur<\/a><a href=\"https:\/\/topos.orf.at\/filter?tags=Portr%C3%A4t\">Portr\u00e4t<\/a><\/p>\n\n\n\n<p>16. Januar 2023, 15:28 Uhr<\/p>\n\n\n\n<p>Mit ihrem zweiten Roman \u201eWinters Garten\u201c hat sie den Durchbruch geschafft, seitdem ist die Grazer Fotok\u00fcnstlerin und Autorin Valerie Fritsch eine fixe Gr\u00f6\u00dfe in der deutschsprachigen Literatur. Wie wichtig es ist, den gleichzeitigen Schrecken und die Sch\u00f6nheit der Welt auszuhalten, und welches Gl\u00fcck es f\u00fcr sie bedeutet, \u00fcber Abgelegenes zu recherchieren, erz\u00e4hlt sie im ORF-Gespr\u00e4ch (siehe Video oben). Letztlich gehe es um genaues Hinschauen mit einem \u201eanatomischen\u201c Blick.<a href=\"https:\/\/topos.orf.at\/filter?authors=Florian+Baranyi\">Florian Baranyi,&nbsp;<\/a><a href=\"https:\/\/topos.orf.at\/filter?authors=Sophie+Weilandt\">Sophie Weilandt<\/a><\/p>\n\n\n\n<p>Schon fr\u00fch hat Fritsch alles auf eine Karte gesetzt und ist als Autorin hervorgetreten. Als Mitglied des Grazer Autorenkollektivs plattform hat sie ihren ersten Roman \u201eDie Verk\u00f6rperungen\u201c mit 22 herausgebracht, ein Bildband mit Reisebriefen und der Lyrikband \u201eKinder der Unsch\u00e4rferelation\u201c folgten. Der Durchbruch kam 2015 mit \u201eWinters Garten\u201c, verlegt bei Suhrkamp und von der Kritik gepriesen.<\/p>\n\n\n\n<p>Mehr als die Handlung, sie sich in einem nicht genau bestimmbaren apokalyptischen Setting rund um den Vogelz\u00fcchter Anton Winter abspielt, der auf einer Hochhausterrasse inmitten von K\u00e4figen wohnt, beindruckte Fritschs Sprache. In geradezu barocken Tableaus pr\u00e4sentiert Fritsch hier Bilder- und Metaphernansammlungen, die zwischen Sch\u00f6nheit und Schrecken hin- und herspringen.<\/p>\n\n\n\n<figure class=\"wp-block-image\"><img src=\"https:\/\/soph-assets.orf.at\/sis\/image\/e55b4eba-5989-4107-8e91-a8e13dfd5803\/AAABhbqZGX4\/AAABhKSy4UM\/topos_bigpicture_16_9\/archive-des-schreibens-valerie-fritsch114.jpeg\" alt=\"Schriftstellerin Valerie Fritsch steht neben Sessel mit ihren B\u00fcchern\" title=\"Valerie Fritsch mit ihren bisherigen Werken\"\/><figcaption>Valerie Fritsch mit ihren bisherigen Werken<\/figcaption><\/figure>\n\n\n\n<h2>In Sch\u00f6nheit erstarrte Horrorbilder<\/h2>\n\n\n\n<p>Bilder wie die Fehlgeburten von Antons Gro\u00dfmutter, die in Formalin eingelegt im Keller in Gl\u00e4sern aufgereiht stehen, w\u00fcrden anderswo als Inventar dienen, um Horror und Schauder auszul\u00f6sen \u2013 bei Fritsch werden sie zu Bausteinen einer Welt, die emotional und erz\u00e4hlerisch \u00fcberbordet. Den Grundstoff f\u00fcr ihre Texte findet sie dabei in umfangreichen Recherchen, die sowohl am Schreibtisch wie auch auf ausgedehnten Reisen stattfinden.<\/p>\n\n\n\n<p>Ob sie nun eine Woche in Fachliteratur zur Amputation von Gliedma\u00dfen versinkt \u2013 ihr Beitrag \u201eDas Bein\u201c zum Bachmannpreis 2015 handelte davon \u2013 oder Recherchereisen unternimmt, ihr Interesse an der Welt nennt sie \u201eanatomisch\u201c. Ein genaues, offenes Betrachten und Wiedergeben, das trotz aller Verdichtung in ihren Texten niemals ins Tendenzi\u00f6se \u2013 Kitsch auf der einen, Horror auf der anderen Seite \u2013 abgleitet.<\/p>\n\n\n\n<h2>\u201e#f\u00fcnfzehnmillionenmeter\u201c<\/h2>\n\n\n\n<p>Im Gespr\u00e4ch sagt sie: \u201eIch habe irgendwann gemerkt: Jeder Ort ist bereisbar, auch wenn man sich das am Anfang ja gar nicht vorstellen kann.\u201c Es \u00fcberw\u00f6gen meist die Vorurteile, bevor einem die Erfahrung zeige, wie es wirklich ist. \u201eDas Reisen hat mein Verst\u00e4ndnis f\u00fcr die Welt gesch\u00e4rft, wie Dinge anders sein k\u00f6nnen. Das Andere und auch das Schreckliche und Armut \u2013 wie schaut das genau aus? Man ist dem doch oft sehr, sehr fern.\u201c<\/p>\n\n\n\n<p>F\u00fcr ihren Roman \u201eHerzklappen von Johnson &amp; Johnson\u201c (2020) fuhr sie mit dem Auto bis nach Kasachstan. Die Reise dauerte \u00fcber vier Monate und ist auf zahlreichen Polaroids dokumentiert, die Fritsch sp\u00e4ter unter dem Hashtag \u201e#f\u00fcnfzehnmillionenmeter\u201c auf ihrem Instagram-Kanal ver\u00f6ffentlichte.<\/p>\n\n\n\n<ul><li>Valerie Fritsch<img loading=\"lazy\" src=\"https:\/\/soph-assets.orf.at\/sis\/image\/1442ea4b-852e-4641-bad4-fe571769369d\/AAABhbrvNI8\/AAABhKSy4UM\/topos_bigpicture_16_9\/archive-des-schreibens-valerie-fritsch118.jpeg\" alt=\"Bildcombo von zwei Polaroids zeigt die Ruine eines alten Hauses sowie ein j\u00fcdisches Grab mit dem Davidstern\" width=\"2040\" height=\"1148\">Ihre Recherchereise zu \u201eHerzklappen von Johnson &amp; Johnson\u201c f\u00fchrte Fritsch zu verlassenen Orten in der T\u00fcrkei und Ged\u00e4chtnisorten in der Ukraine<\/li><li>Valerie Fritsch<img loading=\"lazy\" src=\"https:\/\/soph-assets.orf.at\/sis\/image\/71300240-8b48-4fc7-a108-711200384218\/AAABhbrw5gw\/AAABhKSy4UM\/topos_bigpicture_16_9\/archive-des-schreibens-valerie-fritsch124.jpeg\" alt=\"Bildcombo von zwei Polaroids zeigt unter Wasser stehende Kreuze sowie mehrere Totensch\u00e4del\" width=\"2040\" height=\"1148\">Sie entdeckte einen von giftigen Abw\u00e4ssern \u00fcberschwemmten Friedhof in Rum\u00e4nien und Katakomben<\/li><li>Valerie Fritsch<img loading=\"lazy\" src=\"https:\/\/soph-assets.orf.at\/sis\/image\/828a2a6d-bff6-4b09-8dc0-7874493abbab\/AAABhbrz9aQ\/AAABhKSy4UM\/topos_bigpicture_16_9\/archive-des-schreibens-valerie-fritsch120.jpeg\" alt=\"Bildcombo von zwei Polaroids zeigt Grabsteine und das Skelett eines verendeten Tieres\" width=\"2040\" height=\"1148\">Sie durchstreifte Friedh\u00f6fe und schlie\u00dflich die kasachische Weite<\/li><li>Valerie Fritsch<img loading=\"lazy\" src=\"https:\/\/soph-assets.orf.at\/sis\/image\/10988fb5-5edc-4f04-b4c0-63c1d2504a6f\/AAABhbrzfhE\/AAABhKSy4UM\/topos_bigpicture_16_9\/archive-des-schreibens-valerie-fritsch122.jpeg\" alt=\"Bildcombo von zwei Polaroids zeigt Menschen auf einem Fahrzeug sowie Pferde neben Betonelementen\" width=\"2040\" height=\"1148\">Das Auto schaffte die 16.000 Kilometer nicht ohne Panne. Die Pferde in Westkasachstan spielen auch im Roman eine Rolle.<\/li><\/ul>\n\n\n\n<h2>Erzogen zum Verschwinden<\/h2>\n\n\n\n<p>War die Besch\u00e4ftigung mit schwierigen Familienkonstellationen schon in \u201eWinters Garten\u201c Thema, stellte Fritsch diese in den Mittelpunkt von \u201eHerzklappen von Johnson &amp; Johnson\u201c \u2013 eine Geschichte rund um eine junge Frau namens Alma, in deren Familie seit Generationen ein beklemmendes Schweigen herrscht.<\/p>\n\n\n\n<p>Es ist eine Familie, in der man \u201edie Kinder zu vorsichtigen, stillen Wesen heranzog, die nicht st\u00f6ren sollten in dieser Welt, kleinen Menschen, die mit gro\u00dfer Ernsthaftigkeit vermieden, eine Last zu sein, aber versuchten, jene diffuse Traurigkeit auszugleichen, die stets in der Luft lag\u201c.<\/p>\n\n\n\n<p>Sendungshinweis: Am Dienstag um 11.05 Uhr ist in den \u00d61-\u201eRadiogeschichten\u201c eine Lesung aus Fritschs Roman \u201eWinters Garten\u201c zu h\u00f6ren.<\/p>\n\n\n\n<h2>Generationen\u00fcbergreifendes Trauma<\/h2>\n\n\n\n<p>Ausgangspunkt dieser generationen\u00fcbergreifenden Weitergabe von Traumata ist Almas Gro\u00dfvater, der als Soldat im Zweiten Weltkrieg gek\u00e4mpft hatte und Jahre als Kriegsgefangener in Kasachstan zubringen musste. Je \u00e4lter Alma wird, desto mehr begreift sie, dass etwas an ihr zehrt, das eigentlich nichts mit ihr zu tun hat. Als sie \u2013 l\u00e4ngst erwachsen geworden \u2013 mit ihrem Partner Friedrich einen Sohn namens Emil bekommt, bef\u00fcrchtet sie, auch diesen damit zu belasten.<\/p>\n\n\n\n<p>Erst sp\u00e4t wird Alma klar, dass Emil gegen das famili\u00e4re Trauma immun ist. Er leidet an einem seltenen Gendefekt, der es ihm unm\u00f6glich macht, Schmerz zu empfinden. Alma und Friedrich m\u00fcssen Emil st\u00e4ndig \u00fcberwachen, ihm langwierig begreifbar machen, was Schmerz ist. Alma erkl\u00e4rt ihrem Sohn, \u201eer m\u00fcsse sich den Schmerz als eine Art Traurigkeit des K\u00f6rpers vorstellen, als einen Liebeskummer der H\u00e4nde, Arme und Beine\u201c.<\/p>\n\n\n\n<p>Dass Fritsch damit auf \u00d6sterreichs NS-Geschichte abzielt, wird im Laufe des Buchs immer deutlicher. Dabei f\u00e4llt auf: Fritsch geht es um die Perspektive und um das Vertrauen in aufwendig gearbeitete Sprache. Im gesamten Buch gibt es keinen Dialog \u2013 der Blick der Erz\u00e4hlerin tr\u00e4gt es. Schlie\u00dflich geht es um das genaue Hinschauen, wie sie im Gespr\u00e4ch sagt: \u201eGenau hinschauen ist nicht immer lustig, aber ich glaube, es ist unvermeidlich \u2013 einerseits als Mensch und anderseits als K\u00fcnstler. Wer als K\u00fcnstler die Augen zudr\u00fcckt, ist glaube ich ganz und gar fehl am Platz.\u201c<\/p>\n\n\n\n<h2>Das Projekt \u201eArchive des Schreibens\u201c<\/h2>\n\n\n\n<p>\u201eArchive des Schreibens\u201c ist ein Kooperationsprojekt zwischen dem ORF und dem Gastlandprojekt \u00d6sterreich bei der Leipziger Buchmesse 2023. TV, Online und Radio pr\u00e4sentieren gemeinsam die neue Generation des Schreibens in \u00d6sterreich. Die Autorinnen und Autoren sprechen dabei \u00fcber sich selbst, ohne dass jemand ihre Arbeit von au\u00dfen kommentiert. Bis zum \u00d6sterreich-Schwerpunkt bei der Leipziger Buchmesse 2023 sollen zahlreiche Portr\u00e4ts des neuen Schreibens entstehen und dar\u00fcber hinaus weiter produziert werden.<\/p>\n\n\n\n<p><em>Sophie Weilandt (Gestaltung), TV-Kultur<\/em>,&nbsp;<em>Florian Baranyi (Text), ORF Topos, Mario H\u00f6tschl (Kamera), f\u00fcr ORF Topos, Yannick Kurzweil (Schnitt), f\u00fcr ORF Topos<\/em><\/p>\n\n\n\n<h2>Links:<\/h2>\n\n\n\n<ul><li><a href=\"https:\/\/valeriefritsch.at\/\">Valerie Fritschs Homepage<\/a><\/li><li><a href=\"https:\/\/www.suhrkamp.de\/person\/valerie-fritsch-p-14222\">Valerie Fritsch im Suhrkamp Verlag<\/a><\/li><li><a href=\"https:\/\/www.leykamverlag.at\/autorenportait\/valerie-fritsch\/\">Valerie Fritsch im Leykam Verlag<\/a><\/li><li><a href=\"https:\/\/www.instagram.com\/valeriefritsch_\/?hl=de\">Polaroidfotos von Valerie Fritsch (Instagram)<\/a><\/li><\/ul>\n\n\n\n<p>v1.0.4-production (14. March 2023, 10:02:17)<\/p>\n\n\n\n<p>QELLE : ORF,AT <\/p>\n","protected":false},"excerpt":{"rendered":"<p>Schrecken und Sch\u00f6nheit der Welt Schrecken und Sch\u00f6nheit der Welt teilenKulturLiteraturPortr\u00e4t 16. Januar 2023, 15:28 Uhr Mit ihrem zweiten Roman \u201eWinters Garten\u201c hat sie den Durchbruch geschafft, seitdem ist die Grazer Fotok\u00fcnstlerin und Autorin Valerie Fritsch eine fixe Gr\u00f6\u00dfe in der deutschsprachigen Literatur. Wie wichtig es ist, den gleichzeitigen Schrecken<span class=\"more-link\"><a href=\"https:\/\/wienernachrichten.at\/?p=998\">Continue Reading<\/a><\/span><\/p>\n","protected":false},"author":2,"featured_media":0,"comment_status":"open","ping_status":"open","sticky":false,"template":"","format":"standard","meta":[],"categories":[1],"tags":[],"_links":{"self":[{"href":"https:\/\/wienernachrichten.at\/index.php?rest_route=\/wp\/v2\/posts\/998"}],"collection":[{"href":"https:\/\/wienernachrichten.at\/index.php?rest_route=\/wp\/v2\/posts"}],"about":[{"href":"https:\/\/wienernachrichten.at\/index.php?rest_route=\/wp\/v2\/types\/post"}],"author":[{"embeddable":true,"href":"https:\/\/wienernachrichten.at\/index.php?rest_route=\/wp\/v2\/users\/2"}],"replies":[{"embeddable":true,"href":"https:\/\/wienernachrichten.at\/index.php?rest_route=%2Fwp%2Fv2%2Fcomments&post=998"}],"version-history":[{"count":1,"href":"https:\/\/wienernachrichten.at\/index.php?rest_route=\/wp\/v2\/posts\/998\/revisions"}],"predecessor-version":[{"id":999,"href":"https:\/\/wienernachrichten.at\/index.php?rest_route=\/wp\/v2\/posts\/998\/revisions\/999"}],"wp:attachment":[{"href":"https:\/\/wienernachrichten.at\/index.php?rest_route=%2Fwp%2Fv2%2Fmedia&parent=998"}],"wp:term":[{"taxonomy":"category","embeddable":true,"href":"https:\/\/wienernachrichten.at\/index.php?rest_route=%2Fwp%2Fv2%2Fcategories&post=998"},{"taxonomy":"post_tag","embeddable":true,"href":"https:\/\/wienernachrichten.at\/index.php?rest_route=%2Fwp%2Fv2%2Ftags&post=998"}],"curies":[{"name":"wp","href":"https:\/\/api.w.org\/{rel}","templated":true}]}}