{"id":990,"date":"2023-03-22T18:13:47","date_gmt":"2023-03-22T17:13:47","guid":{"rendered":"http:\/\/wienernachrichten.at\/?p=990"},"modified":"2023-03-22T18:13:47","modified_gmt":"2023-03-22T17:13:47","slug":"politik-6","status":"publish","type":"post","link":"https:\/\/wienernachrichten.at\/?p=990","title":{"rendered":"POLITIK"},"content":{"rendered":"\n<h1>SP\u00d6: Mitgliederbefragung startet direkt nach Salzburg-Wahl<\/h1>\n\n\n\n<p><strong>Die SP\u00d6 wird ihre Mitgliederbefragung \u00fcber den Parteivorsitz schon am Tag nach der Salzburger Landtagswahl starten, das hei\u00dft am 24. April. Wie Parteichefin Pamela Rendi-Wagner in einer Pressekonferenz nach dem Pr\u00e4sidium mitteilte, kann man bis 10. Mai die Stimme abgeben.<\/strong>Online seit heute, 12.09 Uhr&nbsp;(Update: 17.33 Uhr)Teilen<\/p>\n\n\n\n<p>Am 3. Juni soll dann die Vorsitzfrage bei einem Bundesparteitag endg\u00fcltig gekl\u00e4rt werden. Zudem wurde klar gestellt, dass es mehrere Kandidaten geben kann, also nicht nur Amtsinhaberin Pamela Rendi-Wagner und den burgenl\u00e4ndischen Landeshauptmann Hans Peter Doskozil. Nur eine Parteifunktion ist Voraussetzung f\u00fcr eine Kandidatur. Nach derzeitigem Stand gibt es f\u00fcnf Bewerber, wie Schriftf\u00fchrerin Selma Yildirim mitteilte. Neben den Favoriten ist bisher \u00f6ffentlich nur das Interesse des Wiener Bezirksfunktion\u00e4rs Nikolaus Kowall bekannt.<\/p>\n\n\n\n<figure class=\"wp-block-image\"><img src=\"https:\/\/oekastatic.orf.at\/mims\/2023\/12\/44\/crops\/w=1280,q=90\/1724306_bigpicture_637844_apaspoe-praesidium_zur_umsetzung_der_mitgliederbefragung_doskozil_.jpg?s=f06adada997568c3a6af11bd60de4d3047b469ea\" alt=\"Hans Peter Doskozil (Landeshauptmann Burgenland) nach einer Sitzung des SP\u00d6 Pr\u00e4sidiums \"\/><figcaption>Hans Peter Doskozil nach dem SP\u00d6 Pr\u00e4sidium<\/figcaption><\/figure>\n\n\n\n<h2>24. M\u00e4rz als Stichtag<\/h2>\n\n\n\n<p>Der Stichtag wurde mit kommendem Freitag festgelegt. Wer bis dahin ordentliches Mitglied ist, ist wahlbeteiligt. Abgestimmt wird elektronisch oder alternativ per Brief. Abgewickelt wird der Prozess von der Wahlkommission mit Begleitung eines Notars. Am Montag sollen ein weiteres Pr\u00e4sidium und in letzter Konsequenz der Vorstand das Prozedere abschlie\u00dfen.<\/p>\n\n\n\n<p>red, burgenland.ORF.at\/<a href=\"https:\/\/orf.at\/stories\/impressum-nachrichtenagenturen\/\">Agenturen<\/a><\/p>\n\n\n\n<h2>Links:<\/h2>\n\n\n\n<ul><li><a href=\"https:\/\/burgenland.orf.at\/stories\/3199357\/\">Doskozil-Lager lehnt Vorsitzenden der Wahlkommission ab<\/a><\/li><li><a href=\"https:\/\/burgenland.orf.at\/stories\/3199136\/\">Spekulationen \u00fcber Doskozil-Nachfolge<\/a><\/li><li><a href=\"https:\/\/burgenland.orf.at\/stories\/3199082\/\">Doskozil: \u201eBundeskanzler klares Ziel\u201c<\/a><\/li><\/ul>\n\n\n\n<p>QELLE : ORF.AT <\/p>\n","protected":false},"excerpt":{"rendered":"<p>SP\u00d6: Mitgliederbefragung startet direkt nach Salzburg-Wahl Die SP\u00d6 wird ihre Mitgliederbefragung \u00fcber den Parteivorsitz schon am Tag nach der Salzburger Landtagswahl starten, das hei\u00dft am 24. April. Wie Parteichefin Pamela Rendi-Wagner in einer Pressekonferenz nach dem Pr\u00e4sidium mitteilte, kann man bis 10. Mai die Stimme abgeben.Online seit heute, 12.09 Uhr&nbsp;(Update:<span class=\"more-link\"><a href=\"https:\/\/wienernachrichten.at\/?p=990\">Continue Reading<\/a><\/span><\/p>\n","protected":false},"author":2,"featured_media":0,"comment_status":"open","ping_status":"open","sticky":false,"template":"","format":"standard","meta":[],"categories":[1],"tags":[],"_links":{"self":[{"href":"https:\/\/wienernachrichten.at\/index.php?rest_route=\/wp\/v2\/posts\/990"}],"collection":[{"href":"https:\/\/wienernachrichten.at\/index.php?rest_route=\/wp\/v2\/posts"}],"about":[{"href":"https:\/\/wienernachrichten.at\/index.php?rest_route=\/wp\/v2\/types\/post"}],"author":[{"embeddable":true,"href":"https:\/\/wienernachrichten.at\/index.php?rest_route=\/wp\/v2\/users\/2"}],"replies":[{"embeddable":true,"href":"https:\/\/wienernachrichten.at\/index.php?rest_route=%2Fwp%2Fv2%2Fcomments&post=990"}],"version-history":[{"count":1,"href":"https:\/\/wienernachrichten.at\/index.php?rest_route=\/wp\/v2\/posts\/990\/revisions"}],"predecessor-version":[{"id":991,"href":"https:\/\/wienernachrichten.at\/index.php?rest_route=\/wp\/v2\/posts\/990\/revisions\/991"}],"wp:attachment":[{"href":"https:\/\/wienernachrichten.at\/index.php?rest_route=%2Fwp%2Fv2%2Fmedia&parent=990"}],"wp:term":[{"taxonomy":"category","embeddable":true,"href":"https:\/\/wienernachrichten.at\/index.php?rest_route=%2Fwp%2Fv2%2Fcategories&post=990"},{"taxonomy":"post_tag","embeddable":true,"href":"https:\/\/wienernachrichten.at\/index.php?rest_route=%2Fwp%2Fv2%2Ftags&post=990"}],"curies":[{"name":"wp","href":"https:\/\/api.w.org\/{rel}","templated":true}]}}