{"id":988,"date":"2023-03-22T18:12:07","date_gmt":"2023-03-22T17:12:07","guid":{"rendered":"http:\/\/wienernachrichten.at\/?p=988"},"modified":"2023-03-22T18:12:07","modified_gmt":"2023-03-22T17:12:07","slug":"wirtschaft-5","status":"publish","type":"post","link":"https:\/\/wienernachrichten.at\/?p=988","title":{"rendered":"WIRTSCHAFT"},"content":{"rendered":"\n<h1>Weltwassertag im Zeichen der Trockenheit<\/h1>\n\n\n\n<p><strong>Der heurige UN-Weltwassertag steht ganz im Zeichen der Trockenheit. Weltweit leiden Millionen Menschen an Wasserknappheit. Im Burgenland ist die Wasserversorgung f\u00fcr die n\u00e4chsten Jahre gesichert. Der Wasserpreis erh\u00f6ht sich, aber die Erh\u00f6hung ist nicht so stark zu sp\u00fcren.<\/strong>Online seit heute, 12.21 UhrTeilen<\/p>\n\n\n\n<p>Es ist hierzulande selbstverst\u00e4ndlich jederzeit klares Trinkwasser aus der Leitung trinken zu k\u00f6nnen. Eine Studie im Auftrag von Burgenland Wasser zeigt, dass mehr als 90 Prozent der Menschen im Land zufrieden mit der Wasserversorgung sind. Und Leitungswasser kostet im Gegensatz zu anderen lebensnotwendigen Ressourcen sehr wenig. Mit rund zwei Euro kann eine Person ein Jahr lang aus der Leitung Wasser trinken, und w\u00fcrde damit seinen Jahresbedarf decken.<a href=\"https:\/\/orf.at\/stories\/datenschutz-voting\">Datenschutz-Info<\/a><\/p>\n\n\n\n<blockquote class=\"wp-block-quote\"><p><\/p><\/blockquote>\n\n\n\n<h2>Wasserpreis um zehn Prozent gestiegen<\/h2>\n\n\n\n<p>Aufgrund der Teuerung im Energiebereich ist auch der Wasserpreis gestiegen. Diese Preissteigerung f\u00e4llt aber deutlich weniger ins Gewicht. Im Burgenland zahlt man seit J\u00e4nner im Durchschnitt um rund zehn Prozent mehr. F\u00fcr einen Vier-Personen-Haushalt, der in etwa 170 Kubikmeter Wasser j\u00e4hrlich braucht, fallen damit rund 45 Euro pro Jahr mehr an.<\/p>\n\n\n\n<h2>Wasserversorgung gesichert<\/h2>\n\n\n\n<p>Trotz der Trockenheit ist im Burgenland die Wasserversorgung aktuell und auch in den n\u00e4chsten Jahren gesichert. Nur im Sommer k\u00f6nnte es zu Einschr\u00e4nkungen au\u00dferhalb der Haushalte kommen etwa- wenn die Menschen gleichzeitig beginnen, ihre G\u00e4rten zu bew\u00e4ssern oder die Pools einzulassen.<\/p>\n\n\n\n<p>red, burgenland.ORF.at<\/p>\n\n\n\n<h2>Links:<\/h2>\n\n\n\n<ul><li><a href=\"https:\/\/burgenland.orf.at\/stories\/3199730\/\">Millionenprojekt f\u00fcr die Rettung der Salzlacken<\/a><\/li><li><a href=\"https:\/\/burgenland.orf.at\/stories\/3199011\/\">Zw\u00f6lf Millionen f\u00fcr Erhalt der Salzlacken<\/a><\/li><li><a href=\"https:\/\/burgenland.orf.at\/stories\/3198502\/\">Trockenheit: Auch Fl\u00fcssen fehlt Wasser<\/a><\/li><li><a href=\"https:\/\/burgenland.orf.at\/stories\/3197254\/\">Trockenheit befeuert Flurbrandgefahr<\/a><\/li><\/ul>\n\n\n\n<p>QELLE : ORF.AT <\/p>\n","protected":false},"excerpt":{"rendered":"<p>Weltwassertag im Zeichen der Trockenheit Der heurige UN-Weltwassertag steht ganz im Zeichen der Trockenheit. Weltweit leiden Millionen Menschen an Wasserknappheit. Im Burgenland ist die Wasserversorgung f\u00fcr die n\u00e4chsten Jahre gesichert. Der Wasserpreis erh\u00f6ht sich, aber die Erh\u00f6hung ist nicht so stark zu sp\u00fcren.Online seit heute, 12.21 UhrTeilen Es ist hierzulande<span class=\"more-link\"><a href=\"https:\/\/wienernachrichten.at\/?p=988\">Continue Reading<\/a><\/span><\/p>\n","protected":false},"author":2,"featured_media":0,"comment_status":"open","ping_status":"open","sticky":false,"template":"","format":"standard","meta":[],"categories":[1],"tags":[],"_links":{"self":[{"href":"https:\/\/wienernachrichten.at\/index.php?rest_route=\/wp\/v2\/posts\/988"}],"collection":[{"href":"https:\/\/wienernachrichten.at\/index.php?rest_route=\/wp\/v2\/posts"}],"about":[{"href":"https:\/\/wienernachrichten.at\/index.php?rest_route=\/wp\/v2\/types\/post"}],"author":[{"embeddable":true,"href":"https:\/\/wienernachrichten.at\/index.php?rest_route=\/wp\/v2\/users\/2"}],"replies":[{"embeddable":true,"href":"https:\/\/wienernachrichten.at\/index.php?rest_route=%2Fwp%2Fv2%2Fcomments&post=988"}],"version-history":[{"count":1,"href":"https:\/\/wienernachrichten.at\/index.php?rest_route=\/wp\/v2\/posts\/988\/revisions"}],"predecessor-version":[{"id":989,"href":"https:\/\/wienernachrichten.at\/index.php?rest_route=\/wp\/v2\/posts\/988\/revisions\/989"}],"wp:attachment":[{"href":"https:\/\/wienernachrichten.at\/index.php?rest_route=%2Fwp%2Fv2%2Fmedia&parent=988"}],"wp:term":[{"taxonomy":"category","embeddable":true,"href":"https:\/\/wienernachrichten.at\/index.php?rest_route=%2Fwp%2Fv2%2Fcategories&post=988"},{"taxonomy":"post_tag","embeddable":true,"href":"https:\/\/wienernachrichten.at\/index.php?rest_route=%2Fwp%2Fv2%2Ftags&post=988"}],"curies":[{"name":"wp","href":"https:\/\/api.w.org\/{rel}","templated":true}]}}