{"id":986,"date":"2023-03-22T18:11:06","date_gmt":"2023-03-22T17:11:06","guid":{"rendered":"http:\/\/wienernachrichten.at\/?p=986"},"modified":"2023-03-22T18:11:06","modified_gmt":"2023-03-22T17:11:06","slug":"kultur-6","status":"publish","type":"post","link":"https:\/\/wienernachrichten.at\/?p=986","title":{"rendered":"KULTUR"},"content":{"rendered":"\n<h1>GAV: Neue F\u00fchrung im Burgenland<\/h1>\n\n\n\n<p><strong>Die Regionaldelegation f\u00fcr das Burgenland der \u201eGrazer Autorinnen Autoren Versammlung\u201c hat eine neue F\u00fchrung. Elke Steiner und Raoul Eisele haben diese Aufgaben neu \u00fcbernommen. Der Verein hat \u00f6sterreichweit 700 Mitglieder und gilt als gr\u00f6\u00dfter Schriftstellerverein des Landes.<\/strong>Online seit heute, 18.08 UhrTeilen<\/p>\n\n\n\n<p>1973 wurde die Grazer Autorinnen Autorenversammlung, kurz GAV, gegr\u00fcndet \u2013 als Gegengewicht zum \u00f6sterreichischen P.E.N. Club. Seit 1988 gibt es in allen Bundesl\u00e4ndern auch Regionaldelegationen. Der Lyriker Raoul Eisele und die Romanautorin Elke Steiner sind die neuen Regionaldelegierten. \u201eRaoul Eisele und ich haben die sch\u00f6ne Aufgabe von Karin Ivancsics und Gerhard Altmann \u00fcbernommen, die das in den letzten Jahren gemacht haben, die burgenl\u00e4ndische Literaturszene sozusagen zu bereichern\u201c, sagte Steiner.<\/p>\n\n\n\n<figure class=\"wp-block-image\"><img src=\"https:\/\/oekastatic.orf.at\/mims\/2022\/49\/23\/crops\/w=1280,q=90\/1724018_bigpicture_582623_elke_steiner_copyright_sindy_brunner.jpg?s=cc40eb03ad42ae000a551a7a2edf4017862672db\" alt=\"Elke Steiner \"\/><figcaption>Elke Steiner<\/figcaption><\/figure>\n\n\n\n<h2>\u201eAutorinnen und Autoren vor den Vorhang holen\u201c<\/h2>\n\n\n\n<p>Neben Ivancsics und Altmann sind etwa Dine Petrik, Beatrice Simonsen, Clemens Berger oder Rudolf Hochwarter Teil der GAV. In diesem Jahr sind bisher acht Veranstaltungen geplant. \u201eWir m\u00f6chten gerne dieses vielf\u00e4ltige literarische Schaffen, das sich auch teilweise abseits des Mainstreams befindet, und diese diese vielf\u00e4ltigen literarischen Verfahrensweisen auch aufzeigen und von Nord bis S\u00fcd Veranstaltungen organisieren im Burgenland und diese Autorinnen und Autoren vor den Vorhang holen\u201c, so Steiner.<\/p>\n\n\n\n<figure class=\"wp-block-image\"><img src=\"https:\/\/oekastatic.orf.at\/mims\/2023\/12\/54\/crops\/w=1280,q=90\/1724329_bigpicture_637854_dscf6361.jpg?s=18d1717e78bec930bef21ceb30fd888365258bf1\" alt=\"Raoul Eisele\"\/><figcaption>Raoul Eisele<\/figcaption><\/figure>\n\n\n\n<p>Zu den H\u00f6hepunkten des Jahres z\u00e4hlt ein gemeinsames Fest mit dem P.E.N. Club im Juni. Unter dem Motto 150 Jahre GAV und P.E.N. wird im Literaturhaus Mattersburg mit Autorinnen und Autoren und Musikbands gefeiert.<\/p>\n\n\n\n<p>red, burgennland.ORF.at<\/p>\n\n\n\n<p>Link:<\/p>\n\n\n\n<ul><li><a href=\"https:\/\/www.gav.at\/\">GAV<\/a><\/li><\/ul>\n\n\n\n<p>QELLE : ORF.AT <\/p>\n","protected":false},"excerpt":{"rendered":"<p>GAV: Neue F\u00fchrung im Burgenland Die Regionaldelegation f\u00fcr das Burgenland der \u201eGrazer Autorinnen Autoren Versammlung\u201c hat eine neue F\u00fchrung. Elke Steiner und Raoul Eisele haben diese Aufgaben neu \u00fcbernommen. Der Verein hat \u00f6sterreichweit 700 Mitglieder und gilt als gr\u00f6\u00dfter Schriftstellerverein des Landes.Online seit heute, 18.08 UhrTeilen 1973 wurde die Grazer<span class=\"more-link\"><a href=\"https:\/\/wienernachrichten.at\/?p=986\">Continue Reading<\/a><\/span><\/p>\n","protected":false},"author":2,"featured_media":0,"comment_status":"open","ping_status":"open","sticky":false,"template":"","format":"standard","meta":[],"categories":[1],"tags":[],"_links":{"self":[{"href":"https:\/\/wienernachrichten.at\/index.php?rest_route=\/wp\/v2\/posts\/986"}],"collection":[{"href":"https:\/\/wienernachrichten.at\/index.php?rest_route=\/wp\/v2\/posts"}],"about":[{"href":"https:\/\/wienernachrichten.at\/index.php?rest_route=\/wp\/v2\/types\/post"}],"author":[{"embeddable":true,"href":"https:\/\/wienernachrichten.at\/index.php?rest_route=\/wp\/v2\/users\/2"}],"replies":[{"embeddable":true,"href":"https:\/\/wienernachrichten.at\/index.php?rest_route=%2Fwp%2Fv2%2Fcomments&post=986"}],"version-history":[{"count":1,"href":"https:\/\/wienernachrichten.at\/index.php?rest_route=\/wp\/v2\/posts\/986\/revisions"}],"predecessor-version":[{"id":987,"href":"https:\/\/wienernachrichten.at\/index.php?rest_route=\/wp\/v2\/posts\/986\/revisions\/987"}],"wp:attachment":[{"href":"https:\/\/wienernachrichten.at\/index.php?rest_route=%2Fwp%2Fv2%2Fmedia&parent=986"}],"wp:term":[{"taxonomy":"category","embeddable":true,"href":"https:\/\/wienernachrichten.at\/index.php?rest_route=%2Fwp%2Fv2%2Fcategories&post=986"},{"taxonomy":"post_tag","embeddable":true,"href":"https:\/\/wienernachrichten.at\/index.php?rest_route=%2Fwp%2Fv2%2Ftags&post=986"}],"curies":[{"name":"wp","href":"https:\/\/api.w.org\/{rel}","templated":true}]}}