{"id":984,"date":"2023-03-22T18:09:50","date_gmt":"2023-03-22T17:09:50","guid":{"rendered":"http:\/\/wienernachrichten.at\/?p=984"},"modified":"2023-03-22T18:09:50","modified_gmt":"2023-03-22T17:09:50","slug":"politik-5","status":"publish","type":"post","link":"https:\/\/wienernachrichten.at\/?p=984","title":{"rendered":"POLITIK"},"content":{"rendered":"\n<h1>Kovacs: Rede in regionaler Kammer des Europarates<\/h1>\n\n\n\n<p><strong>Bundesratspr\u00e4sident G\u00fcnter Kovacs nahm am Mittwoch in Stra\u00dfburg an der Plenarsitzung des Kongresses der Gemeinden und Regionen des Europarates teil. In seiner Rede \u00e4u\u00dferte er sich zum Thema, ob regionale Interessen ausreichend durch die Zweite Kammer des Parlaments repr\u00e4sentiert sind.<\/strong>Online seit heute, 16.15 UhrTeilen<\/p>\n\n\n\n<p>Kovacs, der \u00fcber die Erfahrungen mit dem Zweikammer-System berichtete, betonte \u201eden besonderen Stellenwert des F\u00f6deralismus in \u00d6sterreich\u201c. Eine \u201eDemokratie der N\u00e4he\u201c setze voraus, dass es \u201eein Europa starker Regionen gibt\u201c. Der Bundesratspr\u00e4sident w\u00fcrdigte auch die Bestrebungen des Kongresses der Gemeinden und Regionen: \u201eDieser tr\u00e4gt wesentlich dazu bei, dass die Regionen in Europa Stimme und Gewicht haben.\u201c Man m\u00fcsse in Europa \u201egemeinsam daran arbeiten, dass lokale und regionale Interessen auch f\u00fcr die Zukunft gewahrt sind\u201c.<\/p>\n\n\n\n<h2>\u201eMehr Demokratie durch starke Regionen\u201c<\/h2>\n\n\n\n<p>Mit starken Regionen seien auch \u201emehr Demokratie, mehr Innovation und mehr Vielfalt\u201c verbunden, zeigte sich Kovacs \u00fcberzeugt. Ein Schwerpunkt der Bundesratspr\u00e4sidentschaft ist das Thema Pflege. Als ein positives Beispiel nannte Kovacs daher das burgenl\u00e4ndische Pflegemodell, das erst vor wenigen Wochen auch im Ausschuss der Regionen vorgestellt wurde und nahezu einstimmig angenommen wurde. \u201eDas ist doch ein sehr gutes Beispiel daf\u00fcr, welche Impulse von Regionen ausgehen k\u00f6nnen.\u201c<\/p>\n\n\n\n<figure class=\"wp-block-image\"><img src=\"https:\/\/oekastatic.orf.at\/mims\/2023\/12\/07\/crops\/w=800,q=90\/1724208_body_637807_guenter_kovacs_marija_pejinovi_buricandice_imbert_photographe.jpg?s=8f42e9d4ee1d1a130aa3797922fab9e97c8605d8\" alt=\"G\u00fcnter Kovacs und Marija Pej\u010dinovi\u0107 Buri\u0107, Generalsekret\u00e4rin des Europarates\"\/><figcaption>G\u00fcnter Kovacs und Marija Pej\u010dinovi\u0107 Buri\u0107, Generalsekret\u00e4rin des Europarates<\/figcaption><\/figure>\n\n\n\n<p>Grunds\u00e4tzlich k\u00f6nne aus seiner Sicht f\u00fcr \u00d6sterreich gesagt werden, dass \u201edie regionalen Interessen durch den Bundesrat sehr gut repr\u00e4sentiert werden\u201c. Dies gelte es aber auch f\u00fcr die Zukunft sicherzustellen: \u201eDurch eine starke und aktive L\u00e4nderkammer ebenso wie durch den Austausch und dem gemeinsamen Bestreben der Regionen auf europ\u00e4ischer Ebene\u201c, wie Kovacs betonte. Noch einmal hob er das positive Wirken des Kongresses der Gemeinden und Regionen im Zusammenhang mit Regionalit\u00e4t in Europa und einer St\u00e4rkung der Gemeinde- und Regionaldemokratie hervor<\/p>\n\n\n\n<p>red, burgenland.ORF.at\/<a href=\"https:\/\/orf.at\/stories\/impressum-nachrichtenagenturen\/\">Agenturen<\/a><\/p>\n\n\n\n<h2>Links:<\/h2>\n\n\n\n<ul><li><a href=\"https:\/\/burgenland.orf.at\/stories\/3194978\/\">Kovacs und Doskozil: Pl\u00e4doyer f\u00fcr F\u00f6deralismus<\/a><\/li><li><a href=\"https:\/\/burgenland.orf.at\/stories\/3194892\/\">Bundesrat: Burgenland-Vorsitz startet mit Doskozil-Erkl\u00e4rung<\/a><\/li><li><a href=\"https:\/\/burgenland.orf.at\/stories\/3189973\/\">Kovacs will demokratiepolitisch \u201ein die Offensive gehen\u201c<\/a><\/li><\/ul>\n\n\n\n<p>QELLE : ORF.AT <\/p>\n","protected":false},"excerpt":{"rendered":"<p>Kovacs: Rede in regionaler Kammer des Europarates Bundesratspr\u00e4sident G\u00fcnter Kovacs nahm am Mittwoch in Stra\u00dfburg an der Plenarsitzung des Kongresses der Gemeinden und Regionen des Europarates teil. In seiner Rede \u00e4u\u00dferte er sich zum Thema, ob regionale Interessen ausreichend durch die Zweite Kammer des Parlaments repr\u00e4sentiert sind.Online seit heute, 16.15<span class=\"more-link\"><a href=\"https:\/\/wienernachrichten.at\/?p=984\">Continue Reading<\/a><\/span><\/p>\n","protected":false},"author":2,"featured_media":0,"comment_status":"open","ping_status":"open","sticky":false,"template":"","format":"standard","meta":[],"categories":[1],"tags":[],"_links":{"self":[{"href":"https:\/\/wienernachrichten.at\/index.php?rest_route=\/wp\/v2\/posts\/984"}],"collection":[{"href":"https:\/\/wienernachrichten.at\/index.php?rest_route=\/wp\/v2\/posts"}],"about":[{"href":"https:\/\/wienernachrichten.at\/index.php?rest_route=\/wp\/v2\/types\/post"}],"author":[{"embeddable":true,"href":"https:\/\/wienernachrichten.at\/index.php?rest_route=\/wp\/v2\/users\/2"}],"replies":[{"embeddable":true,"href":"https:\/\/wienernachrichten.at\/index.php?rest_route=%2Fwp%2Fv2%2Fcomments&post=984"}],"version-history":[{"count":1,"href":"https:\/\/wienernachrichten.at\/index.php?rest_route=\/wp\/v2\/posts\/984\/revisions"}],"predecessor-version":[{"id":985,"href":"https:\/\/wienernachrichten.at\/index.php?rest_route=\/wp\/v2\/posts\/984\/revisions\/985"}],"wp:attachment":[{"href":"https:\/\/wienernachrichten.at\/index.php?rest_route=%2Fwp%2Fv2%2Fmedia&parent=984"}],"wp:term":[{"taxonomy":"category","embeddable":true,"href":"https:\/\/wienernachrichten.at\/index.php?rest_route=%2Fwp%2Fv2%2Fcategories&post=984"},{"taxonomy":"post_tag","embeddable":true,"href":"https:\/\/wienernachrichten.at\/index.php?rest_route=%2Fwp%2Fv2%2Ftags&post=984"}],"curies":[{"name":"wp","href":"https:\/\/api.w.org\/{rel}","templated":true}]}}