{"id":982,"date":"2023-03-22T18:08:21","date_gmt":"2023-03-22T17:08:21","guid":{"rendered":"http:\/\/wienernachrichten.at\/?p=982"},"modified":"2023-03-22T18:08:21","modified_gmt":"2023-03-22T17:08:21","slug":"kultur-5","status":"publish","type":"post","link":"https:\/\/wienernachrichten.at\/?p=982","title":{"rendered":"KULTUR"},"content":{"rendered":"\n<h1>Monika Wagner wird neue KUGES-Gesch\u00e4ftsf\u00fchrerin<\/h1>\n\n\n\n<p><strong>Die Gesch\u00e4fte der Kulturh\u00e4user-Betriebsgesellschaft (KUGES) werden ab 1. September 2023 von Monika Wagner gef\u00fchrt. Sie war von der Auswahlkommission der KUGES einstimmig empfohlen worden und wurde am Mittwoch von der Landeregierung bestellt. Die Juristin folgt auf Werner D\u00f6ring, der in den Ruhestand tritt.<\/strong>Online seit heute, 16.25 UhrTeilen<\/p>\n\n\n\n<p>\u201eMonika Wagner bringt eine hohe Fach- und Kommunikations-Kompetenz f\u00fcr diese Aufgabe mit und ist aufgrund ihrer T\u00e4tigkeit als Leiterin der Rechtsabteilung der KUGES bereits bestens mit der Institution vertraut&#8220;, betonte Landeshauptmann Markus Wallner (\u00d6VP) in einer Aussendung. \u201eZudem ist Frau Wagner in der Kunst- und Kulturszene gut vernetzt\u201c, so Landesstatthalterin Barbara Sch\u00f6bi-Fink (\u00d6VP).<\/p>\n\n\n\n<h2>Juristin, Tourismuskauffrau und Mediatorin<\/h2>\n\n\n\n<p>Die Bregenzerin (Jahrgang 1972) studierte Rechtswissenschaften an der Universit\u00e4t Innsbruck, die sie 2004 abschloss. Zudem absolvierte sie Ausbildungen zur Tourismuskauffrau und Mediatorin. 2005 bis 2008 arbeitete sie als Juristin im Amt der Vorarlberger Landesregierung, anschlie\u00dfend leitete sie bis 2013 den Bereich Sponsoring und Development bei den Bregenzer Festspielen.<\/p>\n\n\n\n<h2>Wagner leitet bisher die KUGES-Rechtsabteilung<\/h2>\n\n\n\n<p>2013 wechselte sie als Pr\u00fcferin zum Landes-Rechnungshof, im Jahr 2016 \u00fcbernahm Wagner die Leitung der Organisation und Durchf\u00fchrung der Aktivit\u00e4ten zum Jubil\u00e4umsjahr \u201e800 Jahre Stadt Feldkirch.\u201c Anfang 2019 trat sie eine neue Stelle als stellvertretende Direktorin des \u00d6sterreichischen Kulturforums Bern an. Seit Oktober 2020 ist die Mutter eines erwachsenen Sohnes Leiterin der Abteilung Recht und Organisation bei der KUGES.<\/p>\n\n\n\n<p>Monika Wagner ist au\u00dferdem Beir\u00e4tin im Stiftungsvorstand der Impulse Privatstiftung und der Musik in der Pforte in Feldkirch sowie Vorstandsmitglied des Vereins AMAZONE in Bregenz.<\/p>\n\n\n\n<p>red, vorarlberg.ORF.at<\/p>\n\n\n\n<p>QELLE : ORF.AT <\/p>\n","protected":false},"excerpt":{"rendered":"<p>Monika Wagner wird neue KUGES-Gesch\u00e4ftsf\u00fchrerin Die Gesch\u00e4fte der Kulturh\u00e4user-Betriebsgesellschaft (KUGES) werden ab 1. September 2023 von Monika Wagner gef\u00fchrt. Sie war von der Auswahlkommission der KUGES einstimmig empfohlen worden und wurde am Mittwoch von der Landeregierung bestellt. Die Juristin folgt auf Werner D\u00f6ring, der in den Ruhestand tritt.Online seit heute,<span class=\"more-link\"><a href=\"https:\/\/wienernachrichten.at\/?p=982\">Continue Reading<\/a><\/span><\/p>\n","protected":false},"author":2,"featured_media":0,"comment_status":"open","ping_status":"open","sticky":false,"template":"","format":"standard","meta":[],"categories":[1],"tags":[],"_links":{"self":[{"href":"https:\/\/wienernachrichten.at\/index.php?rest_route=\/wp\/v2\/posts\/982"}],"collection":[{"href":"https:\/\/wienernachrichten.at\/index.php?rest_route=\/wp\/v2\/posts"}],"about":[{"href":"https:\/\/wienernachrichten.at\/index.php?rest_route=\/wp\/v2\/types\/post"}],"author":[{"embeddable":true,"href":"https:\/\/wienernachrichten.at\/index.php?rest_route=\/wp\/v2\/users\/2"}],"replies":[{"embeddable":true,"href":"https:\/\/wienernachrichten.at\/index.php?rest_route=%2Fwp%2Fv2%2Fcomments&post=982"}],"version-history":[{"count":1,"href":"https:\/\/wienernachrichten.at\/index.php?rest_route=\/wp\/v2\/posts\/982\/revisions"}],"predecessor-version":[{"id":983,"href":"https:\/\/wienernachrichten.at\/index.php?rest_route=\/wp\/v2\/posts\/982\/revisions\/983"}],"wp:attachment":[{"href":"https:\/\/wienernachrichten.at\/index.php?rest_route=%2Fwp%2Fv2%2Fmedia&parent=982"}],"wp:term":[{"taxonomy":"category","embeddable":true,"href":"https:\/\/wienernachrichten.at\/index.php?rest_route=%2Fwp%2Fv2%2Fcategories&post=982"},{"taxonomy":"post_tag","embeddable":true,"href":"https:\/\/wienernachrichten.at\/index.php?rest_route=%2Fwp%2Fv2%2Ftags&post=982"}],"curies":[{"name":"wp","href":"https:\/\/api.w.org\/{rel}","templated":true}]}}