{"id":978,"date":"2023-03-22T18:05:43","date_gmt":"2023-03-22T17:05:43","guid":{"rendered":"http:\/\/wienernachrichten.at\/?p=978"},"modified":"2023-03-22T18:05:43","modified_gmt":"2023-03-22T17:05:43","slug":"wirtschaft-4","status":"publish","type":"post","link":"https:\/\/wienernachrichten.at\/?p=978","title":{"rendered":"WIRTSCHAFT"},"content":{"rendered":"\n<h1>BMW mit Rekordumsatz in \u00d6sterreich<\/h1>\n\n\n\n<p><strong>Die Niederlassung von BMW in \u00d6sterreich mit Hauptsitz in Salzburg hat 2022 einen Rekord bei Autoverk\u00e4ufen eingefahren. Mit einem Umsatz von 7,6 Mrd. Euro legten der bayerische Autobauer im Jahresvergleich um 15 Prozent zu.<\/strong>Online seit heute, 16.35 UhrTeilen<\/p>\n\n\n\n<p>W\u00e4hrend der Gesamtmarkt im Vorjahr um 10,3 Prozent auf 215.050 Pkw zur\u00fcckgegangen ist, verzeichnete die Marke BMW einen Anstieg bei den Neuzulassungen von 4,4 Prozent auf 16.316 Pkw. Schlechter lief es f\u00fcr MINI (minus 14,5 Prozent, 2.202 Autos) und BMW Motorrad (minus 24,1 Prozent, 1.582 St\u00fcck).<\/p>\n\n\n\n<h2>Platz drei insgesamt<\/h2>\n\n\n\n<p>Auf dem Gesamt-Automarkt h\u00e4lt die in Salzburg beheimatete BMW Group Austria nun 8,6 Prozent und somit Platz drei. &#8222;Die BMW Group verteidigt mit 18.518 neu zugelassenen Fahrzeugen den Titel als erfolgreichster Premiumhersteller \u00d6sterreichs, so BMW-Austria-Chef Christian Morawa. Sehr gut gelaufen seien die Elektromodelle. Im Vorjahr waren \u00fcber 11 Prozent aller verkauften Elektroautos in \u00d6sterreich von BMW und MINI.<\/p>\n\n\n\n<p>Die Marke BMW verzeichnete in diesem Bereich ein enormes Wachstum von \u00fcber 60 Prozent gegen\u00fcber dem Vorjahreszeitraum&#8220;, rechnete Morawa vor. Insbesondere die SUV-Modelle X1 und X3 w\u00fcrden sich in der Elektroversion sehr gut verkaufen. W\u00e4hrend der Gesamtmarkt einen Marktanteil bei den Stromern von acht Prozent aufweise, seien es bei der BMW Group Austria elf Prozent.<\/p>\n\n\n\n<h2>Weniger Bikes als im Rekordjahr 2021<\/h2>\n\n\n\n<p>Den deutlichen Verkaufsr\u00fcckgang bei Motorr\u00e4dern begr\u00fcndet Morawa damit, dass 2021 ein Rekordjahr gewesen sei. Umso besser lief es im SUV-Segment: Laut Morawa ist BMW seit 2010 der f\u00fchrende Allradanbieter im Premiumsegment. Der Allradanteil von BMW belief sich per Dezember 2022 auf 62 Prozent.<\/p>\n\n\n\n<p>Ebenfalls auf vollen Touren lief das Gesch\u00e4ft der BMW Vertriebs GmbH, die von Salzburg aus die Region Zentral- und S\u00fcdosteuropa betreut. Sie beendete das Gesch\u00e4ftsjahr 2022 mit einem Umsatz von rund 2,4 Mrd. Euro \u2013 ein Plus von 28 Prozent gegen\u00fcber 2021. Was wohl den gestiegenen Autopreisen und teureren Modellen mit h\u00f6heren Margen geschuldet war, denn die Zulassungszahlen von BMW und MINI legten hier nur um 1,6 Prozent zu.<\/p>\n\n\n\n<h2>Eigene Hausbank mit Rekordumsatz<\/h2>\n\n\n\n<p>2022 finanzierten 16.826 Neukunden ihre Automobile \u00fcber BMW Financial Services. Der kombinierte Umsatz der BMW Austria Leasing GmbH und der BMW Austria Bank stieg um zehn Prozent auf den neuen Spitzenwert von 411 Mio. Euro. Der Flottenkundenanbieter Alphabet verzeichnete 2022 einen Zuwachs von insgesamt 3.425 Neukunden und ein Umsatzplus von \u00fcber acht Prozent.<\/p>\n\n\n\n<p>2022 z\u00e4hlte die BMW Gruppe in \u00d6sterreich 5.260 Besch\u00e4ftigte, ein Anstieg von drei Prozent bzw. von \u00fcber 140 Besch\u00e4ftigten im Jahresvergleich. Klaus von Moltke, Chef des BMW-Motorenwerks in Steyr, betonte im Gespr\u00e4ch mit der APA: \u201eWir sind bestens f\u00fcr die Zukunft ger\u00fcstet, der Standort Steyr nimmt bei der Elektromobilit\u00e4t eine bedeutende Rolle im Konzern ein.\u201c Und Morawa erg\u00e4nzte, dass die BMW Group Austria wohl auch heuer wieder zu den TOP-10 der umsatzst\u00e4rksten heimischen Unternehmen geh\u00f6ren werde.<\/p>\n\n\n\n<h2>St\u00e4rkere Motoren bei Neuzulassungen popul\u00e4r<\/h2>\n\n\n\n<p>\u00dcber den gesamten \u00f6sterreichischen Automarkt gerechnet sind 2022 die Neuzulassungen um 10,3 Prozent auf 215.050 Pkw zur\u00fcckgegangen. Damit war die Zahl der Pkw-Neuzulassungen 2022 so niedrig wie zuletzt vor 43 Jahren. Bei den Neu-Autos hatte sich der Trend zu PS-starken Unters\u00e4tzen fortgesetzt, der Gro\u00dfteil der Neuwagenk\u00e4ufer sind nach wie vor Firmen.<\/p>\n\n\n\n<p>red, salzburg.ORF.at\/<a href=\"https:\/\/orf.at\/stories\/impressum-nachrichtenagenturen\/\">Agenturen<\/a><\/p>\n\n\n\n<p>QELLE : ORF.AT <\/p>\n","protected":false},"excerpt":{"rendered":"<p>BMW mit Rekordumsatz in \u00d6sterreich Die Niederlassung von BMW in \u00d6sterreich mit Hauptsitz in Salzburg hat 2022 einen Rekord bei Autoverk\u00e4ufen eingefahren. Mit einem Umsatz von 7,6 Mrd. Euro legten der bayerische Autobauer im Jahresvergleich um 15 Prozent zu.Online seit heute, 16.35 UhrTeilen W\u00e4hrend der Gesamtmarkt im Vorjahr um 10,3<span class=\"more-link\"><a href=\"https:\/\/wienernachrichten.at\/?p=978\">Continue Reading<\/a><\/span><\/p>\n","protected":false},"author":2,"featured_media":0,"comment_status":"open","ping_status":"open","sticky":false,"template":"","format":"standard","meta":[],"categories":[1],"tags":[],"_links":{"self":[{"href":"https:\/\/wienernachrichten.at\/index.php?rest_route=\/wp\/v2\/posts\/978"}],"collection":[{"href":"https:\/\/wienernachrichten.at\/index.php?rest_route=\/wp\/v2\/posts"}],"about":[{"href":"https:\/\/wienernachrichten.at\/index.php?rest_route=\/wp\/v2\/types\/post"}],"author":[{"embeddable":true,"href":"https:\/\/wienernachrichten.at\/index.php?rest_route=\/wp\/v2\/users\/2"}],"replies":[{"embeddable":true,"href":"https:\/\/wienernachrichten.at\/index.php?rest_route=%2Fwp%2Fv2%2Fcomments&post=978"}],"version-history":[{"count":1,"href":"https:\/\/wienernachrichten.at\/index.php?rest_route=\/wp\/v2\/posts\/978\/revisions"}],"predecessor-version":[{"id":979,"href":"https:\/\/wienernachrichten.at\/index.php?rest_route=\/wp\/v2\/posts\/978\/revisions\/979"}],"wp:attachment":[{"href":"https:\/\/wienernachrichten.at\/index.php?rest_route=%2Fwp%2Fv2%2Fmedia&parent=978"}],"wp:term":[{"taxonomy":"category","embeddable":true,"href":"https:\/\/wienernachrichten.at\/index.php?rest_route=%2Fwp%2Fv2%2Fcategories&post=978"},{"taxonomy":"post_tag","embeddable":true,"href":"https:\/\/wienernachrichten.at\/index.php?rest_route=%2Fwp%2Fv2%2Ftags&post=978"}],"curies":[{"name":"wp","href":"https:\/\/api.w.org\/{rel}","templated":true}]}}