{"id":976,"date":"2023-03-22T18:04:26","date_gmt":"2023-03-22T17:04:26","guid":{"rendered":"http:\/\/wienernachrichten.at\/?p=976"},"modified":"2023-03-22T18:04:26","modified_gmt":"2023-03-22T17:04:26","slug":"kultur-4","status":"publish","type":"post","link":"https:\/\/wienernachrichten.at\/?p=976","title":{"rendered":"KULTUR"},"content":{"rendered":"\n<h1>Steiermark Schau zwischen Kunst und Klima<\/h1>\n\n\n\n<p><strong>Die zweite Auflage der Steiermark Schau tr\u00e4gt den Titel \u201eVielfalt des Lebens\u201c, den Untertitel \u201eAtmosph\u00e4ren\u201c und besch\u00e4ftigt sich in zehn Kunst-Videos mit Klima- und Weltraumforschung. Am Mittwoch wird sie auf dem Wiener Heldenplatz er\u00f6ffnet.<\/strong>Online seit heute, 16.51 UhrTeilen<\/p>\n\n\n\n<p>Bereits 2021 war der mobile Pavillon der Steiermark Schau am Wiener Heldenplatz aufgebaut \u2013 \u201edann hat uns der Ostlockdown einen Strich durch die Rechnung gemacht\u201c, erinnerte sich Landeshauptmann Christopher Drexler (\u00d6VP) im Rahmen der Er\u00f6ffnungs-Pressekonferenz am Mittwoch.<\/p>\n\n\n\n<p>Jetzt ist ist es so weit: Die Steiermark Schau ist wieder zu erleben und r\u00fcckt die Bedrohung der Biodiversit\u00e4t und die radikalen Ver\u00e4nderungen des Klimas ins Zentrum.<\/p>\n\n\n\n<h2>Zw\u00f6lf Tage in Wien, dann in Herberstein<\/h2>\n\n\n\n<p>Zw\u00f6lf Tage lang ist der 35 Meter lange, 20 Meter breite und acht Meter hohe Pavillon von Alexander Kada am Heldenplatz zug\u00e4nglich, ehe er wieder abgebaut wird und in die Tierwelt Herberstein umzieht \u2013 als Teil einer gro\u00dfen Schau, die am 29. April er\u00f6ffnet wird.<\/p>\n\n\n\n<h3>Fotostrecke mit 5 Bildern<\/h3>\n\n\n\n<figure class=\"wp-block-image\"><img src=\"https:\/\/oekastatic.orf.at\/mims\/2023\/12\/54\/crops\/w=1280,q=90\/1724085_bigpicture_637754_apapg_ausstellung_steiermark_schau_-_mobiler_pavillion_atmosphaeren._kunst_klima-_und_weltraumforschung.jpg?s=9b1612f8ff7a3f9dfde621a7c52ecf799805b683\" alt=\"ABD0052_20230322 \u2013 WIEN \u2013 \u0085STERREICH: (V.l.n.r.) Kuratorin Astrid Kury, LH Christopher Drexler (\u0085VP) sowie Designer Alexander Kada am Mittwoch, 22. M\u008arz 2023, anl. eines Pressegespr\u008achs im Rahmen einer Ausstellung \u201eSteiermark Schau \u2013 Mobiler Pavillon: Atmosph\u008aren. Kunst, Klima- und Weltraumforschung\u201c am Heldenplatz in Wien. \u2013 FOTO: APA\/TOBIAS STEINMAURER\"\/><figcaption>Atmosph\u00e4ren. Kunst, Klima- und Weltraumforschung \u2013 die Themen, die im Inneren des Pavillons behandelt werden.<\/figcaption><\/figure>\n\n\n\n<figure class=\"wp-block-image\"><img src=\"https:\/\/oekastatic.orf.at\/mims\/2023\/12\/53\/crops\/w=1280,q=90\/1724082_bigpicture_637753_apapg_ausstellung_steiermark_schau_-_mobiler_pavillion_atmosphaeren._kunst_klima-_und_weltraumforschung.jpg?s=7d08e527fc512a4dbd252e6bd80ca0c451e377a7\" alt=\"ABD0043_20230322 \u2013 WIEN \u2013 \u0085STERREICH: (V.l.n.r.) Der wissenschaftliche Direktor des Universalmuseums Joanneum Marko Mele, LR Ursula Lackner (SP\u0085), LH Christopher Drexler (\u0085VP), Designer Alexander Kada und Kuratorin Astrid Kury am Mittwoch, 22. M\u008arz 2023, anl. eines Pressegespr\u008achs im Rahmen einer Ausstellung \u201eSteiermark Schau \u2013 Mobiler Pavillon: Atmosph\u008aren. Kunst, Klima- und Weltraumforschung\u201c am Heldenplatz in Wien. \u2013 FOTO: APA\/TOBIAS STEINMAURER\"\/><figcaption>Von links: Der wissenschaftliche Direktor des Universalmuseums Joanneum Marko Mele, Landesr\u00e4tin Ursula Lackner, Landeshauptmann Christopher Drexler, Designer Alexander Kada und Kuratorin Astrid Kury im Rahmen einer Pressekonferenz<\/figcaption><\/figure>\n\n\n\n<p>Bild&nbsp;1von&nbsp;5Weiter in der Fotostrecke<\/p>\n\n\n\n<p>\u201eMan braucht kein gro\u00dfer Wissenschaftler sein, um zu merken, dass sich die Tierwelt ver\u00e4ndert hat\u201c, erinnerte Marko Mele, wissenschaftlicher Direktor des Universalmuseums Joanneum (zu dem die Tierwelt Herberstein seit 2022 geh\u00f6rt), an von Froschgequake und M\u00fcckenschw\u00e4rmen gepr\u00e4gte Kindheitssommer, die heutigen Kindern wie im M\u00e4rchen vork\u00e4men: Die acht Stelen des Au\u00dfenbereich des Pavillons bereiten aufr\u00fcttelnde Daten anschaulich auf, die von der GeoSphere Austria Regionalstelle Steiermark und dem Wegener Center f\u00fcr einen \u201eKlimaatlas Steiermark\u201c zusammengetragen wurden.<\/p>\n\n\n\n<h2>Steiermark Schau: \u201eVielfalt des Lebens\u201c<\/h2>\n\n\n\n<p>Der mobile Pavillon am Wiener Heldenplatz ist bis 3. April, t\u00e4glich von 10.00 bis 18.00 Uhr bei freiem Eintritt zu besuchen.<\/p>\n\n\n\n<p>Umweltlandesr\u00e4tin Ursula Lackner (SP\u00d6) versicherte, die Steiermark habe \u201eeiniges aufzuwarten, was diese Themen angeht\u201c und sich in dieser Legislaturperiode den Kampf gegen den Klimawandel ganz oben auf die Agenda geschrieben.<\/p>\n\n\n\n<h2>Silbernes Ei, die Kunst als Herzst\u00fcck<\/h2>\n\n\n\n<p>Das Herzst\u00fcck des Pavillons ist jedoch ein \u201esilbernes Ei\u201c und geh\u00f6rt der Kunst: In \u201eeiner Art Cockpit mit ovalem Grundriss\u201c (Architekt Kada) bietet eine gekr\u00fcmmte Projektionsfl\u00e4che von 200 Quadratmetern ein immersives Raumerlebnis, das in einem 75-min\u00fctigen Loop von zehn Video-Kunstbeitr\u00e4gen, Statements von Forscherinnen und Forschern zu Atmosph\u00e4ren auf der Erde und anderen Planeten sowie Basisinformationen \u00fcber den Klimaatlas bespielt wird. \u201eAtmosph\u00e4re und Leben sind eine untrennbare Verbindung\u201c, betonte Astrid Kury, die die Ausstellungsbeitr\u00e4ge kuratierte.<\/p>\n\n\n\n<figure class=\"wp-block-image\"><img src=\"https:\/\/oekastatic.orf.at\/mims\/2023\/12\/51\/crops\/w=1280,q=90\/1724080_bigpicture_637751_apapg_ausstellung_steiermark_schau_-_mobiler_pavillion_atmosphaeren._kunst_klima-_und_weltraumforschung.jpg?s=434810f75508d055e3c85b11de44e472be669f18\" alt=\"ABD0055_20230322 \u2013 WIEN \u2013 \u0085STERREICH: Blick auf den mobilen Pavillion, aufgenommen am Mittwoch, 22. M\u008arz 2023, im Rahmen eines Pressegespr\u008achs anl. einer Ausstellung \u201eSteiermark Schau \u2013 Mobiler Pavillon: Atmosph\u008aren. Kunst, Klima- und Weltraumforschung\u201c am Heldenplatz in Wien. \u2013 FOTO: APA\/TOBIAS STEINMAURER\"\/><figcaption>Eine gekr\u00fcmmte Projektionsfl\u00e4che von 200 Quadratmetern bietet ein immersives Raumerlebnis.<\/figcaption><\/figure>\n\n\n\n<p>Die zehn Videos stammen von 17 K\u00fcnstlern und K\u00fcnstlerinnen mit Steiermark-Bezug aus neun L\u00e4ndern: Azra Ak\u0161amija &amp; Dietmar Offenhuber, Adina Camhy, Michaela Grill, Markus Jeschaunig, Rainer Kohlberger, Gudrun Krebitz, Ralo Meyer, Muntean\/Rosenblum, Kay Walkowiak und Richard Wilhelmer. Dazu haben Daniela Brasil und Silvana Beraldo das Thema f\u00fcr Kinder k\u00fcnstlerisch aufbereitet.<\/p>\n\n\n\n<h2>Mini-Variante f\u00fcr l\u00e4ngere Touren<\/h2>\n\n\n\n<p>Eine Miniatur-Variante des Pavillons soll die gleichen Videos und Themen in Kulturforen in Europa und den USA zeigen. Mit 200 Kilogramm k\u00f6nne diese Version deutlich leichter auf Reisen gehen als der f\u00fcnf Tonnen schwere Original-Pavillon, hie\u00df es.<\/p>\n\n\n\n<p>red, steiermark.ORF.at<\/p>\n\n\n\n<h2>Link:<\/h2>\n\n\n\n<ul><li><a href=\"https:\/\/www.steiermarkschau.at\/\">Steiermark Schau<\/a><\/li><\/ul>\n\n\n\n<p>QELLE : ORF.AT <\/p>\n","protected":false},"excerpt":{"rendered":"<p>Steiermark Schau zwischen Kunst und Klima Die zweite Auflage der Steiermark Schau tr\u00e4gt den Titel \u201eVielfalt des Lebens\u201c, den Untertitel \u201eAtmosph\u00e4ren\u201c und besch\u00e4ftigt sich in zehn Kunst-Videos mit Klima- und Weltraumforschung. Am Mittwoch wird sie auf dem Wiener Heldenplatz er\u00f6ffnet.Online seit heute, 16.51 UhrTeilen Bereits 2021 war der mobile Pavillon<span class=\"more-link\"><a href=\"https:\/\/wienernachrichten.at\/?p=976\">Continue Reading<\/a><\/span><\/p>\n","protected":false},"author":2,"featured_media":0,"comment_status":"open","ping_status":"open","sticky":false,"template":"","format":"standard","meta":[],"categories":[1],"tags":[],"_links":{"self":[{"href":"https:\/\/wienernachrichten.at\/index.php?rest_route=\/wp\/v2\/posts\/976"}],"collection":[{"href":"https:\/\/wienernachrichten.at\/index.php?rest_route=\/wp\/v2\/posts"}],"about":[{"href":"https:\/\/wienernachrichten.at\/index.php?rest_route=\/wp\/v2\/types\/post"}],"author":[{"embeddable":true,"href":"https:\/\/wienernachrichten.at\/index.php?rest_route=\/wp\/v2\/users\/2"}],"replies":[{"embeddable":true,"href":"https:\/\/wienernachrichten.at\/index.php?rest_route=%2Fwp%2Fv2%2Fcomments&post=976"}],"version-history":[{"count":1,"href":"https:\/\/wienernachrichten.at\/index.php?rest_route=\/wp\/v2\/posts\/976\/revisions"}],"predecessor-version":[{"id":977,"href":"https:\/\/wienernachrichten.at\/index.php?rest_route=\/wp\/v2\/posts\/976\/revisions\/977"}],"wp:attachment":[{"href":"https:\/\/wienernachrichten.at\/index.php?rest_route=%2Fwp%2Fv2%2Fmedia&parent=976"}],"wp:term":[{"taxonomy":"category","embeddable":true,"href":"https:\/\/wienernachrichten.at\/index.php?rest_route=%2Fwp%2Fv2%2Fcategories&post=976"},{"taxonomy":"post_tag","embeddable":true,"href":"https:\/\/wienernachrichten.at\/index.php?rest_route=%2Fwp%2Fv2%2Ftags&post=976"}],"curies":[{"name":"wp","href":"https:\/\/api.w.org\/{rel}","templated":true}]}}