{"id":974,"date":"2023-03-22T18:02:30","date_gmt":"2023-03-22T17:02:30","guid":{"rendered":"http:\/\/wienernachrichten.at\/?p=974"},"modified":"2023-03-22T18:02:30","modified_gmt":"2023-03-22T17:02:30","slug":"chronik-6","status":"publish","type":"post","link":"https:\/\/wienernachrichten.at\/?p=974","title":{"rendered":"CHRONIK"},"content":{"rendered":"\n<h1>Zwei schwere Unf\u00e4lle bei Holzarbeiten<\/h1>\n\n\n\n<p><strong>Zwei M\u00e4nner sind am Mittwoch in Vorarlberg bei Arbeitsunf\u00e4llen schwer verletzt worden. Ein 48-J\u00e4hriger geriet in Reuthe im Bregenzerwald mit den Fingern in eine Holzsortiermaschine. In Vandans im Montafon wurde ein 27-J\u00e4hriger von der Abspaltung eines Baumes getroffen.<\/strong>Online seit heute, 16.57 UhrTeilen<\/p>\n\n\n\n<p>Der 48-J\u00e4hrige war laut Polizei am Mittwoch bei einer Firma in Reuthe an einer Holz-Sortiermaschine besch\u00e4ftigt. Als ihm ein pl\u00f6tzlich verwickelter Keilriemen in der Maschine auffiel, griff er hinein, um den Keilriemen wieder ordnungsgem\u00e4\u00df anzubringen. Dabei geriet er mit den Fingern zwischen Keilriemen und Antriebsrolle. Der Schwerverletzte wurde nach einer Erstversorgung durch Rettungskr\u00e4fte mit dem Notarzthubschrauber Gallus 2 ins Landeskrankenhaus Feldkirch geflogen.<\/p>\n\n\n\n<h2>Von Baum-Abspaltung zu Boden geworfen<\/h2>\n\n\n\n<p>Der 27-J\u00e4hrige war laut Polizei gegen 10.30 Uhr im Rellstal bei Vandans im Montafon zusammen mit zwei weiteren Arbeitern am Holzf\u00e4llen. Bei der Spaltung eines Baumstamms wurde er von einer Abspaltung am Brustkorb getroffen und zu Boden geschleudert. Dabei erlitt er Verletzungen unbestimmten Grades und wurde mit dem Rettungshubschrauber C8 ins Landeskrankenhaus Feldkirch geflogen.<\/p>\n\n\n\n<p>red, vorarlberg.ORF.at<\/p>\n\n\n\n<p>QELLE : ORF.AT <\/p>\n","protected":false},"excerpt":{"rendered":"<p>Zwei schwere Unf\u00e4lle bei Holzarbeiten Zwei M\u00e4nner sind am Mittwoch in Vorarlberg bei Arbeitsunf\u00e4llen schwer verletzt worden. Ein 48-J\u00e4hriger geriet in Reuthe im Bregenzerwald mit den Fingern in eine Holzsortiermaschine. In Vandans im Montafon wurde ein 27-J\u00e4hriger von der Abspaltung eines Baumes getroffen.Online seit heute, 16.57 UhrTeilen Der 48-J\u00e4hrige war<span class=\"more-link\"><a href=\"https:\/\/wienernachrichten.at\/?p=974\">Continue Reading<\/a><\/span><\/p>\n","protected":false},"author":2,"featured_media":0,"comment_status":"open","ping_status":"open","sticky":false,"template":"","format":"standard","meta":[],"categories":[1],"tags":[],"_links":{"self":[{"href":"https:\/\/wienernachrichten.at\/index.php?rest_route=\/wp\/v2\/posts\/974"}],"collection":[{"href":"https:\/\/wienernachrichten.at\/index.php?rest_route=\/wp\/v2\/posts"}],"about":[{"href":"https:\/\/wienernachrichten.at\/index.php?rest_route=\/wp\/v2\/types\/post"}],"author":[{"embeddable":true,"href":"https:\/\/wienernachrichten.at\/index.php?rest_route=\/wp\/v2\/users\/2"}],"replies":[{"embeddable":true,"href":"https:\/\/wienernachrichten.at\/index.php?rest_route=%2Fwp%2Fv2%2Fcomments&post=974"}],"version-history":[{"count":1,"href":"https:\/\/wienernachrichten.at\/index.php?rest_route=\/wp\/v2\/posts\/974\/revisions"}],"predecessor-version":[{"id":975,"href":"https:\/\/wienernachrichten.at\/index.php?rest_route=\/wp\/v2\/posts\/974\/revisions\/975"}],"wp:attachment":[{"href":"https:\/\/wienernachrichten.at\/index.php?rest_route=%2Fwp%2Fv2%2Fmedia&parent=974"}],"wp:term":[{"taxonomy":"category","embeddable":true,"href":"https:\/\/wienernachrichten.at\/index.php?rest_route=%2Fwp%2Fv2%2Fcategories&post=974"},{"taxonomy":"post_tag","embeddable":true,"href":"https:\/\/wienernachrichten.at\/index.php?rest_route=%2Fwp%2Fv2%2Ftags&post=974"}],"curies":[{"name":"wp","href":"https:\/\/api.w.org\/{rel}","templated":true}]}}