{"id":972,"date":"2023-03-22T18:01:19","date_gmt":"2023-03-22T17:01:19","guid":{"rendered":"http:\/\/wienernachrichten.at\/?p=972"},"modified":"2023-03-22T18:01:19","modified_gmt":"2023-03-22T17:01:19","slug":"kultur-3","status":"publish","type":"post","link":"https:\/\/wienernachrichten.at\/?p=972","title":{"rendered":"KULTUR"},"content":{"rendered":"\n<h1>Tonk\u00fcnstler: Noch schneller zum Abokonzert<\/h1>\n\n\n\n<p><strong>Das Tonk\u00fcnstler-Orchester f\u00fchrt in der Saison 2023\/24 eine vereinfachte Abo-Struktur f\u00fcr seine Konzerte im Wiener Musikverein ein. Au\u00dferdem wird das Orchester wie bisher bei Produktionen im Festspielhaus St. P\u00f6lten sowie beim Grafenegg Festival mitwirken.<\/strong>Online seit heute, 17.05 UhrTeilen<\/p>\n\n\n\n<p>F\u00fcnf, sieben oder zw\u00f6lf Konzerte im Abonnement, w\u00e4hlbar jeweils f\u00fcr den Sonntagnachmittag oder den Abend und ein entsprechender Preisnachlass: Mit einer vereinfachten Abonnementstruktur f\u00fcr seine symphonischen Konzertprogramme erleichtert das Tonk\u00fcnstler-Orchester dem Publikum die Auswahl seiner Musikangebote im Musikverein Wien. Auf eine Einteilung in die Serien A und B wird k\u00fcnftig verzichtet, auch Spezialabonnements wie \u201eSymphonisches am Sonntag\u201c oder thematische Zusammenstellungen entfallen.<\/p>\n\n\n\n<p>Erhalten bleibt das im Vorjahr eingef\u00fchrte Angebot speziell f\u00fcr Familien mit Kindern: Im Zuge seiner Vermittlungsarbeit bietet das Orchester an drei ausgew\u00e4hlten Familiensonntagen ein generationen\u00fcbergreifendes Nachmittagsprogramm. In einem kreativen Workshop werden Kinder w\u00e4hrend einer Konzerth\u00e4lfte an die Orchesterst\u00fccke herangef\u00fchrt und erleben in einer zweiten Konzerth\u00e4lfte im Goldenen Saal des Musikvereins popul\u00e4re Meisterwerke. Als Teil jedes Abonnements im Musikverein Wien ist optional wieder das traditionelle Neujahrskonzert der Tonk\u00fcnstler buchbar.<\/p>\n\n\n\n<h2>Ein Programm in der besten Tradition der Symphonik<\/h2>\n\n\n\n<p>F\u00fcr die Tonk\u00fcnstler-Saison 2023\/24 im Musikverein Wien sind \u2013 beginnend mit der \u00f6sterreichischen Erstauff\u00fchrung von Thomas Larchers neuem Orchesterst\u00fcck \u201eTime\u201c bis hin zur 9. Symphonie von Gustav Mahler zum Saisonfinale \u2013 wieder ein Dutzend symphonische Abonnementprogramme geplant, die \u201esich vollst\u00e4ndig in den gro\u00dfen Reihen des Abendabonnements und der Sonntagnachmittags-Konzerte widerspiegeln. Die besten Traditionen der Symphonik finden sich in Meisterwerken von Pjotr Iljitsch Tschaikowski, Anton Bruckner und Gustav Mahler wieder, exzellente Gastsolistinnen und -solisten spielen Virtuosenkonzerte der Klassik und der Romantik\u201c, hei\u00dft es auf der Website des Orchesters.<\/p>\n\n\n\n<figure class=\"wp-block-image\"><img src=\"https:\/\/oekastatic.orf.at\/mims\/2023\/12\/38\/crops\/w=1280,q=90\/1722942_bigpicture_637238_tonkuenstler-orchester_im_musikverein_-c-_werner_kmetitsch.jpg?s=739fdab4d328c1df4c9db66bbf6fefe97b76efe4\" alt=\"Tonk\u00fcnstler-Orchester in Musikverein Wien\"\/><figcaption>Das Tonk\u00fcnstler-Orchester im Goldenen Saal des Wiener Musikvereins<\/figcaption><\/figure>\n\n\n\n<p>F\u00fcnf Konzertprogramme werden von Tonk\u00fcnstler-Chefdirigent Yutaka Sado dirigiert. Mit Jun M\u00e4rkl, John Storgards, Tomas Netopil, Hugh Wolff und Fabien Gabel kehren renommierte Gastdirigenten ans Pult des Orchesters zur\u00fcck; Tabita Berglund und Riccardo Frizza leiten erstmals symphonische Abonnementkonzerte der Tonk\u00fcnstler im Musikverein.<\/p>\n\n\n\n<h2>Ein Orchester, das \u00fcber drei Residenzen verf\u00fcgt<\/h2>\n\n\n\n<p>Neben zw\u00f6lf symphonischen Abonnementprogrammen bieten die Tonk\u00fcnstler in der Weltmusik-Reihe Plugged-In an drei Abenden wieder eine breite stilistische Palette. Zus\u00e4tzlich werden Festtagskonzerte zu Weihnachten, Silvester, Neujahr und am Karfreitag angeboten. Drei B\u00fchnenproduktionen im Festspielhaus St. P\u00f6lten stehen ebenso auf dem Programm wie die Mitwirkung beim Grafenegg Festival im Sommer 2023.<\/p>\n\n\n\n<p>Mit einem Fest f\u00fcr St. P\u00f6lten er\u00f6ffnen die Tonk\u00fcnstler und ihre prominenten G\u00e4ste am 8. September den neugestalteten Domplatz in der Landeshauptstadt St. P\u00f6lten. Der im Fr\u00fchjahr 2022 verstorbene Aktionsk\u00fcnstler und Maler Hermann Nitsch wird am 31. Oktober mit einem Gedenkkonzert im Musikverein Wien unter der Leitung von Patrick Hahn gew\u00fcrdigt. Zahlreiche Konzerte geben die Tonk\u00fcnstler auch in ihren nieder\u00f6sterreichischen Residenzen Baden und Wiener Neustadt.<\/p>\n\n\n\n<figure class=\"wp-block-image\"><img src=\"https:\/\/oekastatic.orf.at\/mims\/2022\/33\/96\/crops\/w=1280,q=90\/1453879_bigpicture_526096_ton_orchester05-foto_udo_titz1-1.jpeg?s=3a390880d236dd7fddd8ab70831a053441a1b3b9\" alt=\"Tonk\u00fcnstler Orchester\"\/><figcaption>Das Tonk\u00fcnstler-Orchester ist fixer Bestandteil des Grafenegg Festivals<\/figcaption><\/figure>\n\n\n\n<p>In der Saison 2023\/24 dirigiert Yutaka Sado 22 Konzerte der Tonk\u00fcnstler in Wien und Nieder\u00f6sterreich \u2013 inklusive der Sommernachtsgala, einem Festivalkonzert und dem Jubil\u00e4umskonzert zu \u201e50 Jahre Tonk\u00fcnstler\u201c in Grafenegg, f\u00fcnf symphonischer Abonnementprogramme und eines Plugged-In-Programms. Zu den Konzerth\u00f6hepunkten mit dem Chefdirigenten z\u00e4hlen 2023\/24 die Auff\u00fchrungen der sechsten und der neunten Symphonie von Gustav Mahler im Oktober 2023 und Juni 2024 sowie der 7. Symphonie von Anton Bruckner im Februar 2024. Yutaka Sado bleibt bis zum Sommer 2025 Chefdirigent des Orchesters.<\/p>\n\n\n\n<h2>\u201eTonspiele\u201c f\u00fcr Kinder, Familien und Schulen<\/h2>\n\n\n\n<p>Mit dem Musikvermittlungsprogramm \u201eTonspiele\u201c halten die Tonk\u00fcnstler Angebote f\u00fcr Kinder, Jugendliche, Schulen und Familien bereit. Den Vermittlungsaspekt ihrer Arbeit best\u00e4rkt nicht zuletzt das erneut dreiteilige Abonnement zum moderierten Konzertformat \u201eErkl\u00e4rt. Erlebt!\u201c mit dem \u00d61-Redakteur Albert Hosp. Konzerteinf\u00fchrungen, Probenbesuche und moderierte Formate richten sich auch an erwachsene Musikfreundinnen und -freunde.<\/p>\n\n\n\n<p>Im orchestereigenen CD-Label erschienen seit 2016 25 CDs, davon 18 unter der Leitung Yutaka Sados. Allein 2023 kamen mit der 3. und 4. Symphonie von Gustav Mahler und der \u201ePlugged-In\u201c-Produktion \u201eSymphonic Alps\u201c, aufgenommen mit dem Herbert Pixner Projekt, bereits drei neue CDs heraus. In Vorbereitung sind derzeit die 7- und die 1. Symphonie Gustav Mahlers unter der Leitung von Yutaka Sado, beide werden noch in diesem Jahr ver\u00f6ffentlicht.<\/p>\n\n\n\n<p>In der Orchesterakademie des Tonk\u00fcnstler Orchesters stellen sich derzeit 13 junge Musikerinnen und Musiker auf die unterschiedlichen Herausforderungen des Orchesterbetriebs ein. Die Tonk\u00fcnstler-Akademie bietet Platz f\u00fcr bis zu 14 Nachwuchsmusikerinnen und -musiker.<\/p>\n\n\n\n<p>Das Tonk\u00fcnstler-Orchester ist das einzige \u00f6sterreichische Symphonieorchester, das mit seinen Spielst\u00e4tten im Musikverein Wien, im Festspielhaus St. P\u00f6lten und in Grafenegg \u00fcber drei gro\u00dfe Residenzen verf\u00fcgt. Es besteht zu 40 Prozent aus Frauen. Der Altersdurchschnitt liegt bei 42 Jahren.<\/p>\n\n\n\n<p>red, noe.ORF.at\/<a href=\"https:\/\/orf.at\/stories\/impressum-nachrichtenagenturen\/\">Agenturen<\/a><\/p>\n\n\n\n<h2>Link:<\/h2>\n\n\n\n<ul><li><a href=\"https:\/\/www.tonkuenstler.at\/de\">Tonk\u00fcnstler-Orchester<\/a><\/li><\/ul>\n\n\n\n<p>QELLE : ORF.AT <\/p>\n","protected":false},"excerpt":{"rendered":"<p>Tonk\u00fcnstler: Noch schneller zum Abokonzert Das Tonk\u00fcnstler-Orchester f\u00fchrt in der Saison 2023\/24 eine vereinfachte Abo-Struktur f\u00fcr seine Konzerte im Wiener Musikverein ein. Au\u00dferdem wird das Orchester wie bisher bei Produktionen im Festspielhaus St. P\u00f6lten sowie beim Grafenegg Festival mitwirken.Online seit heute, 17.05 UhrTeilen F\u00fcnf, sieben oder zw\u00f6lf Konzerte im Abonnement,<span class=\"more-link\"><a href=\"https:\/\/wienernachrichten.at\/?p=972\">Continue Reading<\/a><\/span><\/p>\n","protected":false},"author":2,"featured_media":0,"comment_status":"open","ping_status":"open","sticky":false,"template":"","format":"standard","meta":[],"categories":[1],"tags":[],"_links":{"self":[{"href":"https:\/\/wienernachrichten.at\/index.php?rest_route=\/wp\/v2\/posts\/972"}],"collection":[{"href":"https:\/\/wienernachrichten.at\/index.php?rest_route=\/wp\/v2\/posts"}],"about":[{"href":"https:\/\/wienernachrichten.at\/index.php?rest_route=\/wp\/v2\/types\/post"}],"author":[{"embeddable":true,"href":"https:\/\/wienernachrichten.at\/index.php?rest_route=\/wp\/v2\/users\/2"}],"replies":[{"embeddable":true,"href":"https:\/\/wienernachrichten.at\/index.php?rest_route=%2Fwp%2Fv2%2Fcomments&post=972"}],"version-history":[{"count":1,"href":"https:\/\/wienernachrichten.at\/index.php?rest_route=\/wp\/v2\/posts\/972\/revisions"}],"predecessor-version":[{"id":973,"href":"https:\/\/wienernachrichten.at\/index.php?rest_route=\/wp\/v2\/posts\/972\/revisions\/973"}],"wp:attachment":[{"href":"https:\/\/wienernachrichten.at\/index.php?rest_route=%2Fwp%2Fv2%2Fmedia&parent=972"}],"wp:term":[{"taxonomy":"category","embeddable":true,"href":"https:\/\/wienernachrichten.at\/index.php?rest_route=%2Fwp%2Fv2%2Fcategories&post=972"},{"taxonomy":"post_tag","embeddable":true,"href":"https:\/\/wienernachrichten.at\/index.php?rest_route=%2Fwp%2Fv2%2Ftags&post=972"}],"curies":[{"name":"wp","href":"https:\/\/api.w.org\/{rel}","templated":true}]}}