{"id":970,"date":"2023-03-22T17:59:22","date_gmt":"2023-03-22T16:59:22","guid":{"rendered":"http:\/\/wienernachrichten.at\/?p=970"},"modified":"2023-03-22T17:59:22","modified_gmt":"2023-03-22T16:59:22","slug":"chronik-5","status":"publish","type":"post","link":"https:\/\/wienernachrichten.at\/?p=970","title":{"rendered":"CHRONIK"},"content":{"rendered":"\n<h1>Terrorverdacht: 18-J\u00e4hriger verurteilt<\/h1>\n\n\n\n<p><strong>In Innsbruck ist am Mittwoch ein 18-J\u00e4hriger wegen des Verdachts der Aufforderung zu terroristischen Straftaten und Verbrechen der terroristischen Vereinigung vor Gericht gestanden. Der Fall hatte im Vorjahr f\u00fcr Aufsehen gesorgt, weil die Mutter des Jugendlichen mit ihrem Auto zwei Cobra-Beamte angefahren und teils schwer verletzt hat.<\/strong>Online seit heute, 17.22 UhrTeilen<\/p>\n\n\n\n<p>IS-Propagandavideos auf der Plattform Tik Tok, Aufrufe zur T\u00f6tung Andersgl\u00e4ubiger, teilweise extrem gewaltvolle Videos zur Anleitung f\u00fcr Terrorattentate, der Treueeid auf den Islamischen Staat. Es ist eine lange Liste an Vorw\u00fcrfen, f\u00fcr die sich der 18-J\u00e4hrige am Mittwoch am Landesgericht unter Ausschluss der \u00d6ffentlichkeit verantworten musste. Der \u00f6sterreichische Staatsb\u00fcrger mit t\u00fcrkischen Wurzeln soll sich gro\u00dfteils gest\u00e4ndig gezeigt haben, mehrere Monate bis zu seiner Verhaftung im Juli letzten Jahres tief \u00fcber Soziale Medien in die Szene der Terrororganisation IS gerutscht zu sein.<\/p>\n\n\n\n<figure class=\"wp-block-image\"><img src=\"https:\/\/cdn2.movad.net\/outstream\/v3\/images\/icons\/close.svg\" alt=\"\"\/><\/figure>\n\n\n\n<figure class=\"wp-block-image\"><img src=\"https:\/\/cdn2.movad.net\/outstream\/v3\/images\/icons\/mute.svg\" alt=\"\"\/><\/figure>\n\n\n\n<p><video preload=\"metadata\"><\/video><\/p>\n\n\n\n<h2>Monatelang im Visier des Verfassungsschutzes<\/h2>\n\n\n\n<p>Monatelang hatte der Verfassungsschutz den Lehrling im Visier. Irgendwann seien die Ansichten extremer und konkreter geworden. Der 18-J\u00e4hrige habe u.a. davon gesprochen, Angriffe auf Polizistinnen und Polizisten ver\u00fcben zu wollen. Deshalb seien die Beh\u00f6rden dann t\u00e4tig geworden, sagte damals nach der Festnahme Harald S\u00f6r\u00f6s, der Ressortsprecher des Innenministeriums<\/p>\n\n\n\n<p>Bei der anschlie\u00dfenden Festnahme in Sellrain spielten sich dramatische Szenen ab, die Mutter des Verd\u00e4chtigen fuhr zwei Cobrabeamte nieder und verletzte einen davon schwer.<\/p>\n\n\n\n<figure class=\"wp-block-image\"><img src=\"https:\/\/oekastatic.orf.at\/mims\/2022\/31\/63\/crops\/w=1280,q=90\/1444069_bigpicture_521963_dl-sellrain-zugriff-5694.jpg?s=fbec452bfb2121aa12af331d4948d309a1da4b3c\" alt=\"Polizei zugriff \u2013 Sellrain\"\/><figcaption>Die Mutter des 18-J\u00e4hrigen fuhr damals zwei Cobrabeamte nieder<\/figcaption><\/figure>\n\n\n\n<h2>F\u00fcnf Monate unbedingt bereits abgesessen<\/h2>\n\n\n\n<p>Radikalisierungsprozesse wie diese habe es immer gegeben. Sie w\u00fcrden aber insbesondere durch soziale Medien an Fahrt aufnehmen, warnt die Leiterin der bundesweiten Beratungsstelle f\u00fcr Extremismus, Verena Fabris. Angeh\u00f6rige, Freunde oder Lehrpersonen sollten deshalb fr\u00fch auf Warnsignale h\u00f6ren. Der 18-j\u00e4hrige Angeklagte wurde nicht rechtskr\u00e4ftig zu 18 Monaten Freiheitsstrafe verurteilt. F\u00fcnf Monate davon unbedingt, diese hat er aber bereits durch die U-Haft abgesessen.<\/p>\n\n\n\n<p>red, tirol.ORF.at<\/p>\n\n\n\n<p>QELLE : ORF.AT <\/p>\n","protected":false},"excerpt":{"rendered":"<p>Terrorverdacht: 18-J\u00e4hriger verurteilt In Innsbruck ist am Mittwoch ein 18-J\u00e4hriger wegen des Verdachts der Aufforderung zu terroristischen Straftaten und Verbrechen der terroristischen Vereinigung vor Gericht gestanden. Der Fall hatte im Vorjahr f\u00fcr Aufsehen gesorgt, weil die Mutter des Jugendlichen mit ihrem Auto zwei Cobra-Beamte angefahren und teils schwer verletzt hat.Online<span class=\"more-link\"><a href=\"https:\/\/wienernachrichten.at\/?p=970\">Continue Reading<\/a><\/span><\/p>\n","protected":false},"author":2,"featured_media":0,"comment_status":"open","ping_status":"open","sticky":false,"template":"","format":"standard","meta":[],"categories":[1],"tags":[],"_links":{"self":[{"href":"https:\/\/wienernachrichten.at\/index.php?rest_route=\/wp\/v2\/posts\/970"}],"collection":[{"href":"https:\/\/wienernachrichten.at\/index.php?rest_route=\/wp\/v2\/posts"}],"about":[{"href":"https:\/\/wienernachrichten.at\/index.php?rest_route=\/wp\/v2\/types\/post"}],"author":[{"embeddable":true,"href":"https:\/\/wienernachrichten.at\/index.php?rest_route=\/wp\/v2\/users\/2"}],"replies":[{"embeddable":true,"href":"https:\/\/wienernachrichten.at\/index.php?rest_route=%2Fwp%2Fv2%2Fcomments&post=970"}],"version-history":[{"count":1,"href":"https:\/\/wienernachrichten.at\/index.php?rest_route=\/wp\/v2\/posts\/970\/revisions"}],"predecessor-version":[{"id":971,"href":"https:\/\/wienernachrichten.at\/index.php?rest_route=\/wp\/v2\/posts\/970\/revisions\/971"}],"wp:attachment":[{"href":"https:\/\/wienernachrichten.at\/index.php?rest_route=%2Fwp%2Fv2%2Fmedia&parent=970"}],"wp:term":[{"taxonomy":"category","embeddable":true,"href":"https:\/\/wienernachrichten.at\/index.php?rest_route=%2Fwp%2Fv2%2Fcategories&post=970"},{"taxonomy":"post_tag","embeddable":true,"href":"https:\/\/wienernachrichten.at\/index.php?rest_route=%2Fwp%2Fv2%2Ftags&post=970"}],"curies":[{"name":"wp","href":"https:\/\/api.w.org\/{rel}","templated":true}]}}