{"id":968,"date":"2023-03-22T17:58:05","date_gmt":"2023-03-22T16:58:05","guid":{"rendered":"http:\/\/wienernachrichten.at\/?p=968"},"modified":"2023-03-22T17:58:05","modified_gmt":"2023-03-22T16:58:05","slug":"chronik-4","status":"publish","type":"post","link":"https:\/\/wienernachrichten.at\/?p=968","title":{"rendered":"CHRONIK"},"content":{"rendered":"\n<h1>Fridays for Future: Kundgebung gegen \u00d6VP-FP\u00d6<\/h1>\n\n\n\n<p><strong>Rund 300 Demonstrierende der Klimabewegung \u201eFridays for Future\u201c haben am Mittwoch am St. P\u00f6ltner Rathausplatz gegen die De-facto Koalition \u00d6VP-FP\u00d6 demonstriert. \u201eNein zum Klima Gau mit Schwarz-Blau\u201c lautete das Motto der Kundgebung.<\/strong>Online seit heute, 17.35 UhrTeilen<\/p>\n\n\n\n<p>\u201eF\u00fcr Menschenrechte und Klimaschutz\u201c war u. a. auf den Schildern und Bannern zu lesen. Die Kundgebung, an der laut Fridays for Future etwa 300 Menschen teilnahmen, richtete sich gegen die schwarz-blaue Koalition im Bundesland, \u201eunter der Menschenrechte mit F\u00fc\u00dfen getreten werden und die Klimakrise geleugnet wird\u201c, hie\u00df es von \u201eFridays for Future\u201c. Das \u00d6VP-FP\u00d6-Arbeits\u00fcbereinkommen werde das Bundesland \u201eweg von einem Zukunftspfad zur\u00fcck in die Vergangenheit f\u00fchren\u201c.<\/p>\n\n\n\n<p>\u201eNein zum Klima Gau mit Schwarz-Blau und Ja zu Menschenrechten und Klimaschutz\u201c, lautete das Motto der Kundgebung. \u201eDiese Regierung bedeute Stillstand und R\u00fcckschritt f\u00fcr die nieder\u00f6sterreichische Klimapolitik, w\u00e4hrend die Klimakrise immer weiter eskaliert. Besonders nach der Ver\u00f6ffentlichung des Berichts des Weltklimarats diese Woche ist das, was in Nieder\u00f6sterreich gerade passiert, mehr als unverantwortlich\u201c, hielt Flora Peham von Fridays For Future St. P\u00f6lten in einer Aussendung fest \u2013 mehr dazu in \u2013&nbsp;<a href=\"https:\/\/orf.at\/stories\/3309541\/\">Ohne drastische Schritte eskaliert Klimakrise<\/a>&nbsp;(news.ORF.at, 20.3.2023) \u2013<\/p>\n\n\n\n<h3>Fotostrecke mit 4 Bildern<\/h3>\n\n\n\n<figure class=\"wp-block-image\"><img src=\"https:\/\/oekastatic.orf.at\/mims\/2023\/12\/20\/crops\/w=1280,q=90\/1724234_bigpicture_637820_portest2.jpg?s=e30c5389ff5d5970e828fe5100d8ca6ffdd8f8f0\" alt=\"Protestierende Plakate Transparente St. P\u00f6lten\"\/><figcaption>Rund 300 Demonstrantinnen und Demonstranten von \u201eFridays for Future\u201c demonstrierten am Mittwoch gegen die Zusammenarbeit von \u00d6VP und FP\u00d6<\/figcaption><\/figure>\n\n\n\n<figure class=\"wp-block-image\"><img src=\"https:\/\/oekastatic.orf.at\/mims\/2023\/12\/18\/crops\/w=1280,q=90\/1724232_bigpicture_637818_protest3.jpg?s=a81344350160937a69e05dc65e96b837c3746731\" alt=\"Protestierende Plakate Transparente St. P\u00f6lten\"\/><\/figure>\n\n\n\n<p>Bild&nbsp;1von&nbsp;4Weiter in der Fotostrecke<\/p>\n\n\n\n<p>Das Arbeits\u00fcbereinkommen der schwarz-blauen Koalition sei f\u00fcr die Klimabewegung \u201eein klimapolitischer Scherz\u201c. Begriffe wie Klimaneutralit\u00e4t, Treibhausgas oder Klimaziel w\u00fcrden in dem Papier nicht einmal erw\u00e4hnt werden, hei\u00dft es. Es werde weiter von Wirtschaftswachstum in Nieder\u00f6sterreich gesprochen, w\u00e4hrend man sich vehement gegen jegliche Innovationen str\u00e4ube und stattdessen an veralteten und l\u00e4ngst \u00fcberholten Technologien wie dem Verbrennungsmotor festhalte, so die Kritik.<a href=\"https:\/\/noe.orf.at\/stories\/3199703\/\">MEHR ZUM THEMAGro\u00dfe Kritik an fehlenden Klimapl\u00e4nen<\/a><\/p>\n\n\n\n<h2>\u201eStandortvorteil nutzen\u201c<\/h2>\n\n\n\n<p>\u201eNieder\u00f6sterreich hat \u00f6sterreichweit die gr\u00f6\u00dften Potenziale f\u00fcr Erneuerbare Energien. Wenn es dieser Koalition um Wirtschaftsaufschwung geht, dann w\u00e4re es nur sinnvoll, diesen extremen Standortvorteil zu nutzen und zur Energiehochburg \u00d6sterreichs zu werden\u201c, erkl\u00e4rte Johanna Fr\u00fchwald von \u201eFridays For Future\u201c St. P\u00f6lten.<\/p>\n\n\n\n<p>Die Landes-\u00d6VP habe mit der schwarz-blauen Koalition endg\u00fcltig bewiesen, dass sie f\u00fcr Machterhalt die eigenen Werte und die Zukunft der Nieder\u00f6sterreicherinnen und Nieder\u00f6sterreicher \u00fcber Bord werfe, lautete der Grundtenor der Kundgebung. Auch wenn die notwendigen Ma\u00dfnahmen weitgehend gefehlt h\u00e4tten, habe sich die Volkspartei im Wahlkampf dem Klimaschutz verschrieben und sich zur Klimaneutralit\u00e4t 2040 bekannt. Jetzt fahre sie \u201eam Beifahrersitz der FP\u00d6 meilenweit an diesem Ziel vorbei und rast mit Vollgas in die Klimakrise\u201c, hei\u00dft es.<\/p>\n\n\n\n<h2>Demo vor Landtagssitzung geplant<\/h2>\n\n\n\n<p>Die Initiative #aufstehn wird am Donnerstag ab 08.00 Uhr u.a. gemeinsam mit dem Organisator der Kundgebung -SOS Mitmensch \u2013 und Omas gegen Rechts vor dem Landhaus in St. P\u00f6lten protestieren, ehe ab 10.00 Uhr die konstituierende Sitzung des Landtags \u00fcber die B\u00fchne geht. \u201eKeine Koalition mit Rassisten\u201c lautet da die Forderung.<\/p>\n\n\n\n<p>red, noe.ORF.at\/<a href=\"https:\/\/orf.at\/stories\/impressum-nachrichtenagenturen\/\">Agenturen<\/a><\/p>\n\n\n\n<p>QELLE : ORF.AT <\/p>\n","protected":false},"excerpt":{"rendered":"<p>Fridays for Future: Kundgebung gegen \u00d6VP-FP\u00d6 Rund 300 Demonstrierende der Klimabewegung \u201eFridays for Future\u201c haben am Mittwoch am St. P\u00f6ltner Rathausplatz gegen die De-facto Koalition \u00d6VP-FP\u00d6 demonstriert. \u201eNein zum Klima Gau mit Schwarz-Blau\u201c lautete das Motto der Kundgebung.Online seit heute, 17.35 UhrTeilen \u201eF\u00fcr Menschenrechte und Klimaschutz\u201c war u. a. auf<span class=\"more-link\"><a href=\"https:\/\/wienernachrichten.at\/?p=968\">Continue Reading<\/a><\/span><\/p>\n","protected":false},"author":2,"featured_media":0,"comment_status":"open","ping_status":"open","sticky":false,"template":"","format":"standard","meta":[],"categories":[1],"tags":[],"_links":{"self":[{"href":"https:\/\/wienernachrichten.at\/index.php?rest_route=\/wp\/v2\/posts\/968"}],"collection":[{"href":"https:\/\/wienernachrichten.at\/index.php?rest_route=\/wp\/v2\/posts"}],"about":[{"href":"https:\/\/wienernachrichten.at\/index.php?rest_route=\/wp\/v2\/types\/post"}],"author":[{"embeddable":true,"href":"https:\/\/wienernachrichten.at\/index.php?rest_route=\/wp\/v2\/users\/2"}],"replies":[{"embeddable":true,"href":"https:\/\/wienernachrichten.at\/index.php?rest_route=%2Fwp%2Fv2%2Fcomments&post=968"}],"version-history":[{"count":1,"href":"https:\/\/wienernachrichten.at\/index.php?rest_route=\/wp\/v2\/posts\/968\/revisions"}],"predecessor-version":[{"id":969,"href":"https:\/\/wienernachrichten.at\/index.php?rest_route=\/wp\/v2\/posts\/968\/revisions\/969"}],"wp:attachment":[{"href":"https:\/\/wienernachrichten.at\/index.php?rest_route=%2Fwp%2Fv2%2Fmedia&parent=968"}],"wp:term":[{"taxonomy":"category","embeddable":true,"href":"https:\/\/wienernachrichten.at\/index.php?rest_route=%2Fwp%2Fv2%2Fcategories&post=968"},{"taxonomy":"post_tag","embeddable":true,"href":"https:\/\/wienernachrichten.at\/index.php?rest_route=%2Fwp%2Fv2%2Ftags&post=968"}],"curies":[{"name":"wp","href":"https:\/\/api.w.org\/{rel}","templated":true}]}}