{"id":966,"date":"2023-03-22T17:56:07","date_gmt":"2023-03-22T16:56:07","guid":{"rendered":"http:\/\/wienernachrichten.at\/?p=966"},"modified":"2023-03-22T17:56:07","modified_gmt":"2023-03-22T16:56:07","slug":"wirtschaft-3","status":"publish","type":"post","link":"https:\/\/wienernachrichten.at\/?p=966","title":{"rendered":"WIRTSCHAFT"},"content":{"rendered":"\n<h1>Engel neuer Rektor der Fachhochschule<\/h1>\n\n\n\n<p><strong>Neuer Rektor der Fachhochschule (FH) Salzburg ist Dominik Engel. Er war ihr bisheriger Gesch\u00e4ftsf\u00fchrer und bleibt neben der neuen Aufgabe auch in dieser Funktion. Engel folgt auf Gerhard Blechinger, der 2022 als Rektor vorzeitig abtrat.<\/strong>Online seit heute, 17.38 UhrTeilen<\/p>\n\n\n\n<p>Der 45-j\u00e4hrige Engel ist Experte f\u00fcr IT- und Internet-Sicherheit. Er hat nun die wichtigsten F\u00e4den der FH in der Hand und kann als erste F\u00fchrungskraft allein \u00fcber Budget, Personal, Ausrichtung der Forschungen und \u00fcber die Lehrpl\u00e4ne entscheiden.<\/p>\n\n\n\n<figure class=\"wp-block-image\"><img src=\"https:\/\/oekastatic.orf.at\/mims\/2020\/06\/50\/crops\/w=1280,q=90\/459652_bigpicture_153450_drohnenaufnahme_campus_urstein__fh_salzburg_c_neumayr.jpg?s=37175eb139c60257a363c565334e2be6d0c5c96d\" alt=\"Campus Puch Urstein der Fachhochschule Salzburg aus der Luft\"\/><\/figure>\n\n\n\n<p>Damit d\u00fcrfte eine mehrj\u00e4hrige Neuorientierung der Institution abgeschlossen sein, die von vielen internen Konflikten begleitet war. 2021 wurden in der FH Salzburg zum Beispiel gleich zwei Gesch\u00e4ftsf\u00fchrer entmachtet.<\/p>\n\n\n\n<p>red, salzburg.ORF.at<\/p>\n\n\n\n<h2>Links:<\/h2>\n\n\n\n<ul><li><a href=\"https:\/\/salzburg.orf.at\/stories\/3163937\/\">FH-Rektor Blechinger geht vorzeitig<\/a>&nbsp;(salzburg.ORF.at; 7.7.2022)<\/li><li><a href=\"https:\/\/salzburg.orf.at\/stories\/3161544\/\">FH entscheidet \u00fcber Gesch\u00e4ftsf\u00fchrung<\/a>&nbsp;(salzburg.ORF.at; 20.6.2022)<\/li><li><a href=\"https:\/\/salzburg.orf.at\/stories\/3133344\/\">Fachhochschule entmachtet zwei Gesch\u00e4ftsf\u00fchrer<\/a>&nbsp;(salzburg.ORF.at; 6.12.2021)<\/li><\/ul>\n\n\n\n<p>QELLE : ORF.AT <\/p>\n","protected":false},"excerpt":{"rendered":"<p>Engel neuer Rektor der Fachhochschule Neuer Rektor der Fachhochschule (FH) Salzburg ist Dominik Engel. Er war ihr bisheriger Gesch\u00e4ftsf\u00fchrer und bleibt neben der neuen Aufgabe auch in dieser Funktion. Engel folgt auf Gerhard Blechinger, der 2022 als Rektor vorzeitig abtrat.Online seit heute, 17.38 UhrTeilen Der 45-j\u00e4hrige Engel ist Experte f\u00fcr<span class=\"more-link\"><a href=\"https:\/\/wienernachrichten.at\/?p=966\">Continue Reading<\/a><\/span><\/p>\n","protected":false},"author":2,"featured_media":0,"comment_status":"open","ping_status":"open","sticky":false,"template":"","format":"standard","meta":[],"categories":[1],"tags":[],"_links":{"self":[{"href":"https:\/\/wienernachrichten.at\/index.php?rest_route=\/wp\/v2\/posts\/966"}],"collection":[{"href":"https:\/\/wienernachrichten.at\/index.php?rest_route=\/wp\/v2\/posts"}],"about":[{"href":"https:\/\/wienernachrichten.at\/index.php?rest_route=\/wp\/v2\/types\/post"}],"author":[{"embeddable":true,"href":"https:\/\/wienernachrichten.at\/index.php?rest_route=\/wp\/v2\/users\/2"}],"replies":[{"embeddable":true,"href":"https:\/\/wienernachrichten.at\/index.php?rest_route=%2Fwp%2Fv2%2Fcomments&post=966"}],"version-history":[{"count":1,"href":"https:\/\/wienernachrichten.at\/index.php?rest_route=\/wp\/v2\/posts\/966\/revisions"}],"predecessor-version":[{"id":967,"href":"https:\/\/wienernachrichten.at\/index.php?rest_route=\/wp\/v2\/posts\/966\/revisions\/967"}],"wp:attachment":[{"href":"https:\/\/wienernachrichten.at\/index.php?rest_route=%2Fwp%2Fv2%2Fmedia&parent=966"}],"wp:term":[{"taxonomy":"category","embeddable":true,"href":"https:\/\/wienernachrichten.at\/index.php?rest_route=%2Fwp%2Fv2%2Fcategories&post=966"},{"taxonomy":"post_tag","embeddable":true,"href":"https:\/\/wienernachrichten.at\/index.php?rest_route=%2Fwp%2Fv2%2Ftags&post=966"}],"curies":[{"name":"wp","href":"https:\/\/api.w.org\/{rel}","templated":true}]}}