{"id":964,"date":"2023-03-22T17:54:42","date_gmt":"2023-03-22T16:54:42","guid":{"rendered":"http:\/\/wienernachrichten.at\/?p=964"},"modified":"2023-03-22T17:54:42","modified_gmt":"2023-03-22T16:54:42","slug":"wissenschaft","status":"publish","type":"post","link":"https:\/\/wienernachrichten.at\/?p=964","title":{"rendered":"WISSENSCHAFT"},"content":{"rendered":"\n<h1>Neue App soll Demenz vorhersagen<\/h1>\n\n\n\n<p><strong>Um bestm\u00f6glich damit umzugehen, ist das fr\u00fche Erkennen von Demenz wichtig \u2013 eine App mit dazugeh\u00f6rigem Vorhersagemodell soll dabei unterst\u00fctzen. Entwickelt wurde sie im Rahmen eines EU-Projekts am Institut eHealth der FH Joanneum.<\/strong>Online seit heute, 17.41 UhrTeilen<\/p>\n\n\n\n<p>Bis heute ist Demenz nicht heilbar, der Krankheitsverlauf l\u00e4sst sich jedoch durch fr\u00fchzeitige, pr\u00e4ventive Ma\u00dfnahmen positiv beeinflussen. In dem vom Institut eHealth koordinierten EU-Projekt LETHE entwickelten 15 internationale Partnerorganisationen ein personalisiertes Vorhersage- und Interventionsmodell mittels k\u00fcnstlicher Intelligenz.<\/p>\n\n\n\n<h2>\u201eErste Symptome hinausz\u00f6gern\u201c<\/h2>\n\n\n\n<p>\u201eDiese mittels Machine-Learning-Methoden trainierten Modelle sollen dann eine gezielte, schnelle und digitale Intervention erm\u00f6glichen, um pr\u00e4ventiv dem Fortschreiten der Krankheit entgegenzuwirken beziehungsweise erste Symptome hinauszuz\u00f6gern\u201c, so Sten Hanke, LETHE-Projektleiter am Institut eHealth.<\/p>\n\n\n\n<figure class=\"wp-block-image\"><img src=\"https:\/\/oekastatic.orf.at\/mims\/2023\/12\/89\/crops\/w=800,q=90\/1724156_body_637789_apaeu-projekt_lethe_fh_joanneum_erprobt_vorhersagemodell_fuer_demenzrisiko_und_begleitet_pilotstudie_mit_2.jpg?s=5a5ea923a5cd3f9eeed7bd2fb47082778219d477\" alt=\"Lethe\"\/><figcaption>\u00dcber die App bekommen die Testpersonen virtuelle Coachings, Ern\u00e4hrungs- und \u00dcbungspl\u00e4ne, aber auch motivierende Nachrichten des Klinikpersonals.<\/figcaption><\/figure>\n\n\n\n<p>Das Vorhersagemodell basiert auf verschiedenen klinischen Faktoren, Medikationsdaten und Lebensstilfaktoren wie Ern\u00e4hrung oder regelm\u00e4\u00dfige Bewegung. Studierende und Forschende des Instituts entwickelten die App und ein Clinical Trial Management System, um unter anderem Einfluss auf die Lebensstile der Patientinnen und Patienten nehmen zu k\u00f6nnen.<\/p>\n\n\n\n<h2>Aktuelle Studie mit 160 Personen<\/h2>\n\n\n\n<p>Seit Jahresbeginn wird die Entwicklung im Rahmen einer klinischen Pilotstudie mit insgesamt 160 Personen zwei Jahre lang getestet \u2013 in \u00d6sterreich f\u00fchrt die Universit\u00e4tsklinik f\u00fcr Neurologie der Medizinischen Universit\u00e4t Wien die Studie mit 40 Patientinnen und Patienten durch. Die Studienteilnehmerinnen und -teilnehmer in fr\u00fchen Stadien einer kognitiven Beeintr\u00e4chtigung erhalten ein Plastikarmband, das laufend k\u00f6rperliche Fitness-Daten bis hin zur Schlafqualit\u00e4t und Rauchverhalten und Alkoholkonsum aufzeichnet.<\/p>\n\n\n\n<p>\u00dcber die App bekommen sie virtuelle Coachings, Ern\u00e4hrungs- und \u00dcbungspl\u00e4ne, aber auch motivierende Nachrichten des begleitenden Klinikpersonals. Zus\u00e4tzlich kommen die Teilnehmenden regelm\u00e4\u00dfig zu Untersuchungen in die Kliniken und es gibt Treffen und Workshops. Nach Studienende wird ausgewertet, ob die berechneten Vorhersagen zutreffend sind.<\/p>\n\n\n\n<p>red, steiermark.ORF.at\/<a href=\"https:\/\/orf.at\/stories\/impressum-nachrichtenagenturen\/\">Agenturen<\/a><\/p>\n\n\n\n<h2>Link:<\/h2>\n\n\n\n<ul><li><a href=\"https:\/\/www.lethe-project.eu\/lethe\/\">LETHE Project<\/a><\/li><\/ul>\n\n\n\n<p>QELLE : ORF.AT <\/p>\n","protected":false},"excerpt":{"rendered":"<p>Neue App soll Demenz vorhersagen Um bestm\u00f6glich damit umzugehen, ist das fr\u00fche Erkennen von Demenz wichtig \u2013 eine App mit dazugeh\u00f6rigem Vorhersagemodell soll dabei unterst\u00fctzen. Entwickelt wurde sie im Rahmen eines EU-Projekts am Institut eHealth der FH Joanneum.Online seit heute, 17.41 UhrTeilen Bis heute ist Demenz nicht heilbar, der Krankheitsverlauf<span class=\"more-link\"><a href=\"https:\/\/wienernachrichten.at\/?p=964\">Continue Reading<\/a><\/span><\/p>\n","protected":false},"author":2,"featured_media":0,"comment_status":"open","ping_status":"open","sticky":false,"template":"","format":"standard","meta":[],"categories":[1],"tags":[],"_links":{"self":[{"href":"https:\/\/wienernachrichten.at\/index.php?rest_route=\/wp\/v2\/posts\/964"}],"collection":[{"href":"https:\/\/wienernachrichten.at\/index.php?rest_route=\/wp\/v2\/posts"}],"about":[{"href":"https:\/\/wienernachrichten.at\/index.php?rest_route=\/wp\/v2\/types\/post"}],"author":[{"embeddable":true,"href":"https:\/\/wienernachrichten.at\/index.php?rest_route=\/wp\/v2\/users\/2"}],"replies":[{"embeddable":true,"href":"https:\/\/wienernachrichten.at\/index.php?rest_route=%2Fwp%2Fv2%2Fcomments&post=964"}],"version-history":[{"count":1,"href":"https:\/\/wienernachrichten.at\/index.php?rest_route=\/wp\/v2\/posts\/964\/revisions"}],"predecessor-version":[{"id":965,"href":"https:\/\/wienernachrichten.at\/index.php?rest_route=\/wp\/v2\/posts\/964\/revisions\/965"}],"wp:attachment":[{"href":"https:\/\/wienernachrichten.at\/index.php?rest_route=%2Fwp%2Fv2%2Fmedia&parent=964"}],"wp:term":[{"taxonomy":"category","embeddable":true,"href":"https:\/\/wienernachrichten.at\/index.php?rest_route=%2Fwp%2Fv2%2Fcategories&post=964"},{"taxonomy":"post_tag","embeddable":true,"href":"https:\/\/wienernachrichten.at\/index.php?rest_route=%2Fwp%2Fv2%2Ftags&post=964"}],"curies":[{"name":"wp","href":"https:\/\/api.w.org\/{rel}","templated":true}]}}