{"id":960,"date":"2023-03-22T17:50:43","date_gmt":"2023-03-22T16:50:43","guid":{"rendered":"http:\/\/wienernachrichten.at\/?p=960"},"modified":"2023-03-22T17:50:43","modified_gmt":"2023-03-22T16:50:43","slug":"em-qualifikation","status":"publish","type":"post","link":"https:\/\/wienernachrichten.at\/?p=960","title":{"rendered":"EM-QUALIFIKATION"},"content":{"rendered":"\n<h1>Vertauschte Rolle f\u00fcr W\u00f6ber im \u00d6FB-Team<\/h1>\n\n\n\n<p><strong>Maximilian W\u00f6ber ist erstmals als Spieler eines Abstiegskandidaten ins Teamcamp des \u00f6sterreichischen Nationalteams in Windischgarsten einger\u00fcckt. Der Verteidiger k\u00e4mpft mit Leeds United in der Premier League um den Klassenerhalt. Seinen Stammplatz in der Leeds-Abwehr hat der 25-J\u00e4hrige auch nach einem Trainerwechsel von seinem F\u00f6rderer Jesse Marsch zu Javi Gracia behalten. In Leeds spielt W\u00f6ber in der Innenverteidigung, im \u00d6FB-Team ist f\u00fcr ihn aber eine andere Rolle vorgesehen.<\/strong>Online seit heute, 12.16 UhrTeilen<\/p>\n\n\n\n<p>\u00d6FB-Teamchef Ralf Rangnick m\u00f6chte W\u00f6ber in der Nationalmannschaft als Linksverteidiger einsetzen. \u201eDa gilt es, die richtige Mischung zu finden, sich auch in die Offensive einzuschalten und gef\u00e4hrliche Aktionen einzuleiten\u201c, wei\u00df W\u00f6ber. Auf eine Position, die ihm mehr behagt, wollte sich der Wiener nicht festlegen. \u201eDas ist komplett egal f\u00fcr mich.\u201c Auch Leeds habe ihn prim\u00e4r als linken Verteidiger geholt. \u201eUnd dann ist alles anders gekommen.\u201c<\/p>\n\n\n\n<p>Marsch, dessen Philosophie er aus Salzburg kannte, sei \u201eein Mitgrund\u201c f\u00fcr den Wechsel Anfang J\u00e4nner gewesen, erkl\u00e4rte W\u00f6ber. Einen Monat sp\u00e4ter war der US-Amerikaner in Leeds Geschichte. Unter Nachfolger Gracia haben die \u201eWhites\u201c aus vier Ligaspielen zuletzt sieben Punkte geholt \u2013 und sind im extrem engen Abstiegskampf vorerst \u00fcber den Strich auf Platz 14 geklettert. \u201eAbstiegskampf habe ich in meiner Karriere noch nie mitmachen d\u00fcrfen\u201c, sagte W\u00f6ber.<\/p>\n\n\n\n<p><a href=\"https:\/\/tvthek.orf.at\/profile\/Sport-Aktuell\/889789\/Sport-Aktuell\/14172381\/Woeber-vor-EM-Quali-siegessicher\/15362960\">Sport Aktuell, 21.3.2023<\/a><strong>Derzeit gibt es ein Problem mit diesem Video (Fehler 1208)<\/strong><\/p>\n\n\n\n<h2>An der Situation wachsen<\/h2>\n\n\n\n<p>In dreieinhalb Jahren in Salzburg war er das Siegen gew\u00f6hnt. Die neue Situation mache etwas mit einem als Menschen, man lerne dazu. \u201eNat\u00fcrlich w\u00e4re mir lieber, wir w\u00fcrden gem\u00fctlich Siebenter oder Achter werden. Aber es ist etwas, woran man als Mannschaft wachsen kann.\u201c Es gehe in jedem Spiel um alles. \u201eMan merkt am Feld, dass es wie um Leben und Tod geht. Jeder Zweikampf wird mit 100 Prozent gef\u00fchrt\u201c, erkl\u00e4rte W\u00f6ber.<\/p>\n\n\n\n<figure class=\"wp-block-image\"><img src=\"https:\/\/assets.orf.at\/mims\/2023\/12\/28\/crops\/w=1280,q=90\/1722673_bigpicture_637128_fus_em_quali_vor_auftakt_woeber_body_im.jpg?s=397dc0aca0ead824cb4b61b8372abd12b4669fde\" alt=\"Max Wober (Leeds)\"\/><figcaption>Zwei Punkte trennen Maximilian W\u00f6ber mit Leeds derzeit von einem Abstiegsplatz in der Premier League<\/figcaption><\/figure>\n\n\n\n<p>Er selbst ist mittendrin. W\u00f6ber hat sich in Leeds bei verschiedenen Trainern durchgesetzt. 13 Partien hat er bisher f\u00fcr seinen neuen Arbeitgeber bestritten, acht von zehn in der Liga \u00fcber die volle Distanz. \u201eWenn man gute Leistungen zeigt, spielt man, das ist bei jedem Trainer gleich\u201c, meinte der Ex-Rapidler. Die Anforderungen an ihn h\u00e4tten sich nicht gro\u00dfartig ver\u00e4ndert, auch wenn Gracia nicht immer so bedingungslos pressen l\u00e4sst wie Marsch. W\u00f6ber: \u201eIch muss immer noch den St\u00fcrmern in den Arsch treten.\u201c<a href=\"https:\/\/debatte.orf.at\/stories\/1826729\/\">DEBATTEWie stehen die EM-Qualichancen f\u00fcr das \u00d6FB-Team?<\/a><\/p>\n\n\n\n<h2>W\u00f6ber erwartet Geduldsspiel<\/h2>\n\n\n\n<p>Im Nationalteam sind auch offensive Akzente gefordert. Zum Auftakt der EM-Qualifikation am Freitag (20.45 Uhr) gegen Aserbaidschan und am Montag (20.45 Uhr, live in ORF1) gegen Estland ist man in Linz jeweils klarer Favorit. Man habe im Test im November gegen Andorra (1:0) gesehen, wie schwer derartige Spiele sein k\u00f6nnen, erinnerte W\u00f6ber. \u201eWenn die erste Chance vorne reingeht, ist das der Dosen\u00f6ffner.\u201c Gegen die \u00e4u\u00dferst defensiven Esten k\u00f6nnte es aber ein Geduldsspiel werden.<\/p>\n\n\n\n<p>Die j\u00fcngste Diskussion um den Standort f\u00fcr das Heimspiel am 20. Juni gegen Schweden wollte W\u00f6ber nicht \u00fcberbewerten. Die Absage seines Ex-Clubs Rapid an den \u00d6FB hat er vernommen. \u201eF\u00fcr uns ist es egal, in welchem Stadion wir spielen\u201c, sagte W\u00f6ber. Man wolle durch gute Leistungen wie vor der EM 2016 wieder zu einem \u201eFanmagneten\u201c werden. \u201eEs muss unser Ziel sein als Nationalteam, dass wir es wieder schaffen, Stadien zu f\u00fcllen \u2013 welches, das ist dann egal.\u201c<\/p>\n\n\n\n<p>red, ORF.at\/<a href=\"https:\/\/orf.at\/stories\/impressum-nachrichtenagenturen\/\">Agenturen<\/a><\/p>\n\n\n\n<h2>Links:<\/h2>\n\n\n\n<ul><li><a href=\"https:\/\/www.oefb.at\/\">\u00d6FB<\/a><\/li><li><a href=\"https:\/\/de.uefa.com\/\">UEFA<\/a><\/li><\/ul>\n\n\n\n<p>QELLE : ORF.AT <\/p>\n","protected":false},"excerpt":{"rendered":"<p>Vertauschte Rolle f\u00fcr W\u00f6ber im \u00d6FB-Team Maximilian W\u00f6ber ist erstmals als Spieler eines Abstiegskandidaten ins Teamcamp des \u00f6sterreichischen Nationalteams in Windischgarsten einger\u00fcckt. Der Verteidiger k\u00e4mpft mit Leeds United in der Premier League um den Klassenerhalt. Seinen Stammplatz in der Leeds-Abwehr hat der 25-J\u00e4hrige auch nach einem Trainerwechsel von seinem F\u00f6rderer<span class=\"more-link\"><a href=\"https:\/\/wienernachrichten.at\/?p=960\">Continue Reading<\/a><\/span><\/p>\n","protected":false},"author":2,"featured_media":0,"comment_status":"open","ping_status":"open","sticky":false,"template":"","format":"standard","meta":[],"categories":[1],"tags":[],"_links":{"self":[{"href":"https:\/\/wienernachrichten.at\/index.php?rest_route=\/wp\/v2\/posts\/960"}],"collection":[{"href":"https:\/\/wienernachrichten.at\/index.php?rest_route=\/wp\/v2\/posts"}],"about":[{"href":"https:\/\/wienernachrichten.at\/index.php?rest_route=\/wp\/v2\/types\/post"}],"author":[{"embeddable":true,"href":"https:\/\/wienernachrichten.at\/index.php?rest_route=\/wp\/v2\/users\/2"}],"replies":[{"embeddable":true,"href":"https:\/\/wienernachrichten.at\/index.php?rest_route=%2Fwp%2Fv2%2Fcomments&post=960"}],"version-history":[{"count":1,"href":"https:\/\/wienernachrichten.at\/index.php?rest_route=\/wp\/v2\/posts\/960\/revisions"}],"predecessor-version":[{"id":961,"href":"https:\/\/wienernachrichten.at\/index.php?rest_route=\/wp\/v2\/posts\/960\/revisions\/961"}],"wp:attachment":[{"href":"https:\/\/wienernachrichten.at\/index.php?rest_route=%2Fwp%2Fv2%2Fmedia&parent=960"}],"wp:term":[{"taxonomy":"category","embeddable":true,"href":"https:\/\/wienernachrichten.at\/index.php?rest_route=%2Fwp%2Fv2%2Fcategories&post=960"},{"taxonomy":"post_tag","embeddable":true,"href":"https:\/\/wienernachrichten.at\/index.php?rest_route=%2Fwp%2Fv2%2Ftags&post=960"}],"curies":[{"name":"wp","href":"https:\/\/api.w.org\/{rel}","templated":true}]}}