{"id":953,"date":"2023-03-04T16:31:05","date_gmt":"2023-03-04T15:31:05","guid":{"rendered":"http:\/\/wienernachrichten.at\/?p=953"},"modified":"2023-03-04T16:31:05","modified_gmt":"2023-03-04T15:31:05","slug":"zwischen-individuum-und-kollektiv","status":"publish","type":"post","link":"https:\/\/wienernachrichten.at\/?p=953","title":{"rendered":"Zwischen Individuum und Kollektiv"},"content":{"rendered":"\n<p>0<a href=\"https:\/\/www.wienerzeitung.at\/dossiers\/ludwig-wittgenstein\/2178360-Zwischen-Individuum-und-Kollektiv.html#\">0<\/a>Diskussionsveranstaltung \u00fcber das Verh\u00e4ltnis von Individuum und Gruppe in Philosophie und Wissenschaft unserer Reihe &#8222;Dialogic&#8220; &#8211; Auch als Live-Stream ab 18 Uhr 30.vom&nbsp;15.02.2023, 12:01&nbsp;Uhr&nbsp;|&nbsp;Update:&nbsp;17.02.2023, 14:55&nbsp;UhrEmpfehlen&nbsp;&nbsp;0<a href=\"https:\/\/www.wienerzeitung.at\/dossiers\/ludwig-wittgenstein\/2178360-Zwischen-Individuum-und-Kollektiv.html#\">Kommentieren&nbsp;<\/a>Teilen&nbsp;<a rel=\"noreferrer noopener\" href=\"https:\/\/www.facebook.com\/\" target=\"_blank\">Auf Facebook teilen<\/a><a rel=\"noreferrer noopener\" href=\"https:\/\/www.twitter.com\/\" target=\"_blank\">Twittern<\/a><a href=\"https:\/\/www.wienerzeitung.at\/_em_cms\/globals\/send.php?em_ssc=LCwsLA==&amp;em_cnt=2178360&amp;em_loc=10286&amp;em_ref=\/dossiers\/ludwig-wittgenstein\/&amp;em_ivw=RedCont\/Nachrichten\/Kultur\">Per E-Mail weiterleiten<\/a><a href=\"https:\/\/www.wienerzeitung.at\/_em_cms\/globals\/print.php?em_no_split=1&amp;em_ssc=LCwsLA==&amp;em_cnt=2178360&amp;em_loc=10286&amp;em_ref=\/dossiers\/ludwig-wittgenstein\/&amp;em_ivw=RedCont\/Nachrichten\/Kultur&amp;em_absatz_bold=0&amp;em_print_image=true\">mit Bild&nbsp;<\/a><a href=\"https:\/\/www.wienerzeitung.at\/_em_cms\/globals\/print.php?em_no_split=1&amp;em_ssc=LCwsLA==&amp;em_cnt=2178360&amp;em_loc=10286&amp;em_ref=\/dossiers\/ludwig-wittgenstein\/&amp;em_ivw=RedCont\/Nachrichten\/Kultur&amp;em_absatz_bold=0&amp;em_print_image=false\">ohne Bild&nbsp;<\/a><\/p>\n\n\n\n<p id=\"absatz1\">Im vergangenen Jahr j\u00e4hrte sich zum hundertsten Mal die Ver\u00f6ffentlichung von Ludwig Wittgensteins Tractatus logico-philosophicus (TLP), was einen Meilenstein in der Philosophiegeschichte bis zur Gegenwart darstellt.<\/p>\n\n\n\n<figure class=\"wp-block-image\" id=\"article-img-more\"><a href=\"https:\/\/www.wienerzeitung.at\/_em_daten\/_cache\/image\/1x41ZSkAxMKCYLt5waBPPgsY3xJKQKoWu9jnevIikbM78jPxWIDx-alTCpXJsmwduIfDae19mf4Mw42AE0pjPhNYZAt29xJOcBf-ov4jkPfng\/230210-1217-microsoftteams-image.jpg\"><img src=\"https:\/\/www.wienerzeitung.at\/_em_daten\/_cache\/image\/1xz6MRGCgqJHZU2QjQhfHpVC9Htk17jOMZHWhD67EH44_8QeK3qj7BaCyaeAP-Rja_4qgf3ddinSia1Yh8JsyDdQQ8B3eU34ZqzMMgre6CxRs\/230210-1217-microsoftteams-image.jpg\" alt=\"- \u00a9 \u00d6NB \/ N\u00e4hr\"\/><\/a><figcaption>\u00a9 \u00d6NB \/ N\u00e4hr<\/figcaption><\/figure>\n\n\n\n<p>Dieses bahnbrechende Werk wurde von Beginn an im ber\u00fchmten Wiener Kreis um Moritz Schlick intensiv aufgenommen und kontroversiell diskutiert. So kam es zu einer engen philosophischen Kommunikation zwischen Wittgenstein, Schlick und Friedrich Waismann, die den \u00dcbergang von Wittgensteins Abbildtheorie der Idealsprache zur mittleren Periode in Richtung Alltagssprache (Sprachspiele) kennzeichnet. Am Beispiel dieses produktiven und konfliktreichen Dialogs kann man aber auch allgemein das Verh\u00e4ltnis von Individuum und Gruppe in der Philosophie und Wissenschaft charakterisieren, welches sich um Originalit\u00e4t, Priorit\u00e4t und Einzigartigkeit dreht.<\/p>\n\n\n\n<p>Im Vorfeld des heurigen 44. Internationalen Wittgenstein Symposiums in Kirchberg\/W. mit Fokus auf den TLP soll in der Diskussion sowohl das komplexe wechselseitige Verh\u00e4ltnis von Wittgenstein und dem Wiener Kreis als auch das prinzipielle Problem geistiger Arbeit zwischen Individuum und Kollektiv thematisiert werden. Konkreter Anlass ist das Erscheinen des Sammelbandes&nbsp;<em>&#8222;Wittgenstein and the Vienna Circle&#8220;<\/em>, hrsg. von Friedrich Stadler im Springer Verlag.<em><\/em><\/p>\n\n\n\n<figure class=\"wp-block-image\"><a href=\"https:\/\/www.wienerzeitung.at\/_em_daten\/_cache\/image\/1xQB4aVH-QnTX3UBOS3Ajg-a3kZfg-FgjLnfjWZqDlToUwlpne0ic5gellSXibk6If0lkQa_V3O3Q-rPm2QUif4ZMeNmTpfpG6\/230213-1059-cover-dialogic.jpg\"><img src=\"https:\/\/www.wienerzeitung.at\/_em_daten\/_cache\/image\/1xz6MRGCgqJHaEiLgYb6DM7PAMO1fRERI8xRPgQ-bSi1H0SXFGT_ukcA_J29nblERTajioS_B5J2ttwDlXIDmETZBpXjeaoNG2\/230213-1059-cover-dialogic.jpg\" alt=\"\"\/><\/a><\/figure>\n\n\n\n<p>Termin:&nbsp;<strong>16. Mai 2023<\/strong>, 18:30 \u2013 20.00 Uhr<\/p>\n\n\n\n<p>Ort:&nbsp;<strong>Wienbibliothek im Rathaus<\/strong>, Eingang Lichtenfelsgasse, Stiege 6 (Glaslift), 1.Stock&nbsp;<\/p>\n\n\n\n<p><a href=\"https:\/\/forms.office.com\/e\/GnCizLm1kk\">Hier k\u00f6nnen Sie sich f\u00fcr &#8222;Dialogic&#8220; am 16.5.2023<\/a>&nbsp;anmelden.&nbsp;<\/p>\n\n\n\n<p><em>Eine Diskussionsreihe der &#8222;Wiener Zeitung&#8220;, der Ludwig Wittgenstein Gesellschaft und der Wienbibliothek im Rathaus<\/em><\/p>\n\n\n\n<p>Begr\u00fc\u00dfung:&nbsp;<strong>Anita Eichinger<\/strong>, Direktorin Wienbibliothek;&nbsp;<strong>Martin Fleischhacker<\/strong>, Gesch\u00e4ftsf\u00fchrer Wiener Zeitung<\/p>\n\n\n\n<p>Einf\u00fchrung:&nbsp;<strong>Christian Kanzian<\/strong>, Pr\u00e4sident der \u00d6sterreichischen Ludwig Wittgenstein Gesellschaft<\/p>\n\n\n\n<p>Podium:&nbsp;<strong>Elisabeth Nemeth<\/strong>, Institut f\u00fcr Philosophie der Universit\u00e4t Wien;&nbsp;<strong>Esther Heinrich-Ramharter<\/strong>, Institut f\u00fcr Philosophie der Universit\u00e4t Wien;&nbsp;<strong>Friedrich Stadler<\/strong>, Institut Wiener Kreis der Universit\u00e4t Wien und Wiener Kreis Gesellschaft<\/p>\n\n\n\n<p>Moderation:\u00a0<strong>Wiener Zeitung<\/strong><\/p>\n\n\n\n<p>QELLE : wienerzeitung.at <\/p>\n\n\n\n<p><\/p>\n","protected":false},"excerpt":{"rendered":"<p>00Diskussionsveranstaltung \u00fcber das Verh\u00e4ltnis von Individuum und Gruppe in Philosophie und Wissenschaft unserer Reihe &#8222;Dialogic&#8220; &#8211; Auch als Live-Stream ab 18 Uhr 30.vom&nbsp;15.02.2023, 12:01&nbsp;Uhr&nbsp;|&nbsp;Update:&nbsp;17.02.2023, 14:55&nbsp;UhrEmpfehlen&nbsp;&nbsp;0Kommentieren&nbsp;Teilen&nbsp;Auf Facebook teilenTwitternPer E-Mail weiterleitenmit Bild&nbsp;ohne Bild&nbsp; Im vergangenen Jahr j\u00e4hrte sich zum hundertsten Mal die Ver\u00f6ffentlichung von Ludwig Wittgensteins Tractatus logico-philosophicus (TLP), was einen Meilenstein<span class=\"more-link\"><a href=\"https:\/\/wienernachrichten.at\/?p=953\">Continue Reading<\/a><\/span><\/p>\n","protected":false},"author":2,"featured_media":0,"comment_status":"open","ping_status":"open","sticky":false,"template":"","format":"standard","meta":[],"categories":[1],"tags":[],"_links":{"self":[{"href":"https:\/\/wienernachrichten.at\/index.php?rest_route=\/wp\/v2\/posts\/953"}],"collection":[{"href":"https:\/\/wienernachrichten.at\/index.php?rest_route=\/wp\/v2\/posts"}],"about":[{"href":"https:\/\/wienernachrichten.at\/index.php?rest_route=\/wp\/v2\/types\/post"}],"author":[{"embeddable":true,"href":"https:\/\/wienernachrichten.at\/index.php?rest_route=\/wp\/v2\/users\/2"}],"replies":[{"embeddable":true,"href":"https:\/\/wienernachrichten.at\/index.php?rest_route=%2Fwp%2Fv2%2Fcomments&post=953"}],"version-history":[{"count":1,"href":"https:\/\/wienernachrichten.at\/index.php?rest_route=\/wp\/v2\/posts\/953\/revisions"}],"predecessor-version":[{"id":954,"href":"https:\/\/wienernachrichten.at\/index.php?rest_route=\/wp\/v2\/posts\/953\/revisions\/954"}],"wp:attachment":[{"href":"https:\/\/wienernachrichten.at\/index.php?rest_route=%2Fwp%2Fv2%2Fmedia&parent=953"}],"wp:term":[{"taxonomy":"category","embeddable":true,"href":"https:\/\/wienernachrichten.at\/index.php?rest_route=%2Fwp%2Fv2%2Fcategories&post=953"},{"taxonomy":"post_tag","embeddable":true,"href":"https:\/\/wienernachrichten.at\/index.php?rest_route=%2Fwp%2Fv2%2Ftags&post=953"}],"curies":[{"name":"wp","href":"https:\/\/api.w.org\/{rel}","templated":true}]}}