{"id":951,"date":"2023-03-04T16:29:27","date_gmt":"2023-03-04T15:29:27","guid":{"rendered":"http:\/\/wienernachrichten.at\/?p=951"},"modified":"2023-03-04T16:29:27","modified_gmt":"2023-03-04T15:29:27","slug":"ludwig-wittgenstein","status":"publish","type":"post","link":"https:\/\/wienernachrichten.at\/?p=951","title":{"rendered":"Ludwig Wittgenstein"},"content":{"rendered":"\n<ul><li><\/li><\/ul>\n\n\n\n<h3><\/h3>\n\n\n\n<p>Noch heute, rund 70 Jahre nach dem Tod von Ludwig Wittgenstein, sind seine Texte und Thesen Pflichtlekt\u00fcre f\u00fcr Studenten der Philosophie und Literatur in der ganzen Welt. Das bekannteste zu seinen Lebzeiten erschiene Werk, die&nbsp;<a href=\"https:\/\/www.wienerzeitung.at\/dossiers\/ludwig-wittgenstein\/2101454-Wittgensteins-Philosophie-in-Quasi-Aphorismen.html\" target=\"_blank\" rel=\"noreferrer noopener\">Logisch-philosophische Abhandlung&nbsp;<strong>(Tractatus logico-philosophicus<\/strong>)<\/a>&nbsp;erschien genau vor 100 Jahren, im Jahr 1921. Angesichts dieser beiden runden Jahrestage haben wir zahlreiche Artikel und Interviews \u00fcber Leben, Philosophie und Wirken des gro\u00dfen \u00f6sterreichisch-britischen Philosophen (geboren 1889 in Wien) in einem Dossier zusammengefasst.<\/p>\n\n\n\n<p><a href=\"https:\/\/www.wienerzeitung.at\/dossiers\/ludwig-wittgenstein\/962994-Niemand-hat-den-Ueberblick.html\">Wittgenstein und Digitalisierung<\/a><\/p>\n\n\n\n<p><a href=\"https:\/\/www.wienerzeitung.at\/dossiers\/ludwig-wittgenstein\/962994-Niemand-hat-den-Ueberblick.html\">&#8222;Niemand hat den \u00dcberblick&#8220;<\/a>: Der Philosoph Friedrich Stadler erkl\u00e4rt im Interview das M\u00e4ngelwesen Mensch und spricht \u00fcber Wittgensteins Erkenntnis, dass das, wor\u00fcber wir nicht sprechen k\u00f6nnen, das viel Wichtigere ist. Und wie l\u00e4sst sich \u00fcber Mathematik sprechen? K\u00f6nnen Zahlen eine Art zu denken sein? Hierzu gibt der Wiener Mathematiker Karl Sigmund Einblicke in&nbsp;<a href=\"https:\/\/www.wienerzeitung.at\/dossiers\/ludwig-wittgenstein\/981468-Die-Mathematik-als-Lebensform.html\" target=\"_blank\" rel=\"noreferrer noopener\">das mathematische Denken Wittgensteins<\/a>. Wie logisch der Mensch eigentlich ist, dar\u00fcber diskutieren der Philosoph Konrad Paul Liessmann und der Physiker Wolfgang Kummer:&nbsp;<a href=\"https:\/\/www.wienerzeitung.at\/dossiers\/ludwig-wittgenstein\/282482-Konrad-Paul-Liessmann-und-Wolfgang-Kummer.html\" target=\"_blank\" rel=\"noreferrer noopener\">&#8222;Mit Aristoteles beginnt die Formalisierung des Denkens.&#8220;<\/a><\/p>\n\n\n\n<p><a href=\"https:\/\/www.wienerzeitung.at\/dossiers\/ludwig-wittgenstein\/72911-Sprache-und-Wirklichkeit.html\">Wittgenstein und Sprache<\/a><\/p>\n\n\n\n<p>&#8222;Wovon man nicht sprechen kann, dar\u00fcber muss man schweigen&#8220;? Sprache, so Wittgenstein, ist &#8222;Teil einer T\u00e4tigkeit&#8220;. Dass es sich beim Sprechen nicht blo\u00df um W\u00f6rter und S\u00e4tze sondern um weitaus mehr handelt, darum geht es in Eugen Maria Schulaks Essay&nbsp;<a href=\"https:\/\/www.wienerzeitung.at\/dossiers\/ludwig-wittgenstein\/72911-Sprache-und-Wirklichkeit.html\" target=\"_blank\" rel=\"noreferrer noopener\">&#8222;Sprache und Wirklichkeit.&#8220;<\/a>&nbsp;<a href=\"https:\/\/www.wienerzeitung.at\/dossiers\/ludwig-wittgenstein\/977982-Die-Sprache-ist-das-Fundament.html\" target=\"_blank\" rel=\"noreferrer noopener\">&#8222;Die Sprache ist das Fundament&#8220;<\/a>&nbsp;wiederum blickt auf das Gemeinsame und Trennende im Denken von Wittgenstein, Heidegger, Benjamin und Cassirer.<\/p>\n\n\n\n<p><a href=\"https:\/\/www.wienerzeitung.at\/dossiers\/ludwig-wittgenstein\/644931-Wie-Wittgenstein-den-Ersten-Weltkrieg-erlebte.html\">Krieg &amp; Wien<\/a><\/p>\n\n\n\n<p>1914 meldete sich der 25-j\u00e4hrige Ludiwg Wittgenstein freiwillig zum Kriegsdienst. Er war in Galizien und an der Italienfront im Einsatz. Seine Kriegserfahrungen und seine Denkarbeit notierte er in geheimschriftlich verfassten Tageb\u00fcchern. Sie gew\u00e4hren&nbsp;<a href=\"https:\/\/www.wienerzeitung.at\/dossiers\/ludwig-wittgenstein\/644931-Wie-Wittgenstein-den-Ersten-Weltkrieg-erlebte.html\" target=\"_blank\" rel=\"noreferrer noopener\">Einblick in seine seelische und weltanschaulich-geistige Verfasstheit.<\/a>&nbsp;Die \u00d6sterreichische Moderne nach 1918 und ihre Protagonisten ist Forschungsobjekt einer aufschlussreiche Studie \u00fcber das Werk sechs \u00f6sterreichischer Autoren nach dem Ende des Habsburger-Imperiums:&nbsp;<a href=\"https:\/\/www.wienerzeitung.at\/dossiers\/ludwig-wittgenstein\/2044666-Ironie-am-Abgrund-Oesterreichische-Moderne-nach-1918.html\" target=\"_blank\" rel=\"noreferrer noopener\">Ironie am Abgrund.<\/a>&nbsp;&#8222;Exaktes Denken am Rand des Untergangs&#8220; wiederum lautete der Titel einer Ausstellung \u00fcber die geistige Auseinandersetzungen dieser Epoche. Sie wies darauf hin, wie schwer es diese&nbsp;<a href=\"https:\/\/www.wienerzeitung.at\/dossiers\/ludwig-wittgenstein\/752669-Vernunft-die-Kreise-gezogen-hat.html\" target=\"_blank\" rel=\"noreferrer noopener\">Vertreter der Vernunft und Logik<\/a>damals hatten, ehe ihr Zirkel tragisch endete. Und w\u00e4hrend Ludwig Wittgenstein trotz Familienreichtum in freiwilliger Askese lebte, stellt Margaret Wittgenstein diesen \u00f6ffentlich zur Schau, wie&nbsp;<a href=\"https:\/\/www.wienerzeitung.at\/dossiers\/ludwig-wittgenstein\/945792-Frauen-verstehe-ich-besser-als-Maenner.html\" target=\"_blank\" rel=\"noreferrer noopener\">in einer Biografie \u00fcber seine Schwester<\/a>&nbsp;zu lesen ist.<\/p>\n\n\n\n<p><a href=\"https:\/\/www.wienerzeitung.at\/dossiers\/ludwig-wittgenstein\/2021120-Mit-Ludwig-Wittgenstein-in-sterike-im-Fjordland.html\">Wittgensteins H\u00e4uschen<\/a><\/p>\n\n\n\n<p>&#8222;Ich kann mir nicht vorstellen, anderswo so zu arbeiten wie hier&#8220;, schrieb Ludwig Wittgenstein 1936 an einen Freund, aus Skjolden in Norwegen, aus seinem H\u00e4uschen\u00a0<a rel=\"noreferrer noopener\" href=\"https:\/\/www.wienerzeitung.at\/dossiers\/ludwig-wittgenstein\/2021120-Mit-Ludwig-Wittgenstein-in-sterike-im-Fjordland.html\" target=\"_blank\">jenseits des Endes des Sognefjordes.<\/a><\/p>\n\n\n\n<p>QELLE : wienerzeitung.at <\/p>\n\n\n\n<p><\/p>\n","protected":false},"excerpt":{"rendered":"<p>Noch heute, rund 70 Jahre nach dem Tod von Ludwig Wittgenstein, sind seine Texte und Thesen Pflichtlekt\u00fcre f\u00fcr Studenten der Philosophie und Literatur in der ganzen Welt. Das bekannteste zu seinen Lebzeiten erschiene Werk, die&nbsp;Logisch-philosophische Abhandlung&nbsp;(Tractatus logico-philosophicus)&nbsp;erschien genau vor 100 Jahren, im Jahr 1921. Angesichts dieser beiden runden Jahrestage haben<span class=\"more-link\"><a href=\"https:\/\/wienernachrichten.at\/?p=951\">Continue Reading<\/a><\/span><\/p>\n","protected":false},"author":2,"featured_media":0,"comment_status":"open","ping_status":"open","sticky":false,"template":"","format":"standard","meta":[],"categories":[1],"tags":[],"_links":{"self":[{"href":"https:\/\/wienernachrichten.at\/index.php?rest_route=\/wp\/v2\/posts\/951"}],"collection":[{"href":"https:\/\/wienernachrichten.at\/index.php?rest_route=\/wp\/v2\/posts"}],"about":[{"href":"https:\/\/wienernachrichten.at\/index.php?rest_route=\/wp\/v2\/types\/post"}],"author":[{"embeddable":true,"href":"https:\/\/wienernachrichten.at\/index.php?rest_route=\/wp\/v2\/users\/2"}],"replies":[{"embeddable":true,"href":"https:\/\/wienernachrichten.at\/index.php?rest_route=%2Fwp%2Fv2%2Fcomments&post=951"}],"version-history":[{"count":1,"href":"https:\/\/wienernachrichten.at\/index.php?rest_route=\/wp\/v2\/posts\/951\/revisions"}],"predecessor-version":[{"id":952,"href":"https:\/\/wienernachrichten.at\/index.php?rest_route=\/wp\/v2\/posts\/951\/revisions\/952"}],"wp:attachment":[{"href":"https:\/\/wienernachrichten.at\/index.php?rest_route=%2Fwp%2Fv2%2Fmedia&parent=951"}],"wp:term":[{"taxonomy":"category","embeddable":true,"href":"https:\/\/wienernachrichten.at\/index.php?rest_route=%2Fwp%2Fv2%2Fcategories&post=951"},{"taxonomy":"post_tag","embeddable":true,"href":"https:\/\/wienernachrichten.at\/index.php?rest_route=%2Fwp%2Fv2%2Ftags&post=951"}],"curies":[{"name":"wp","href":"https:\/\/api.w.org\/{rel}","templated":true}]}}