{"id":943,"date":"2023-03-04T16:13:33","date_gmt":"2023-03-04T15:13:33","guid":{"rendered":"http:\/\/wienernachrichten.at\/?p=943"},"modified":"2023-03-04T16:13:33","modified_gmt":"2023-03-04T15:13:33","slug":"insolvenzmodekette-peek-cloppenburg-insolvent","status":"publish","type":"post","link":"https:\/\/wienernachrichten.at\/?p=943","title":{"rendered":"INSOLVENZ:Modekette Peek &amp; Cloppenburg insolvent"},"content":{"rendered":"\n<p>7<a href=\"https:\/\/www.wienerzeitung.at\/nachrichten\/wirtschaft\/international\/2180322-Modekette-Peek-und-Cloppenburg-insolvent.html#\">4<\/a>Der Umsatzr\u00fcckgang w\u00e4hrender Corona-Pandemie und Verluste im Onlinehandel sorgten f\u00fcr eine finanzielle Schieflage beim Kleidungskonzern.vom&nbsp;03.03.2023, 16:23&nbsp;Uhr&nbsp;|&nbsp;Update:&nbsp;03.03.2023, 17:43&nbsp;Uhr<\/p>\n\n\n\n<figure class=\"wp-block-image\"><a href=\"https:\/\/www.wienerzeitung.at\/_em_daten\/_cache\/image\/1xSPmTI2uyg35lao22oHaew3ZGVcdgapkkWoQyTwcX0SF-KcAGOOtooc88LwMCtMaIcJJPRwqJV0M\/230303-1635-pc.jpg\"><img src=\"https:\/\/www.wienerzeitung.at\/_em_daten\/_cache\/image\/1x3J4_P4dUMOAnOW5FgnPnC_i2QHMkzCRYQAqPVh_sOJk5G2WJzFxFULaZk6dbLbUJZLIgsmg2iX4\/230303-1635-pc.jpg\" alt=\"Peek &amp; Cloppenburg will sich in einem Schutzschirmverfahren neu formieren. Von Filialschlie\u00dfungen ist aktuell keine Rede. \n- \u00a9 apa\/dpa-Zentralbild\/Jens Kalaene\"\/><\/a><figcaption>Peek &amp; Cloppenburg will sich in einem Schutzschirmverfahren neu formieren. Von Filialschlie\u00dfungen ist aktuell keine Rede.\u00a9 apa\/dpa-Zentralbild\/Jens Kalaene<\/figcaption><\/figure>\n\n\n\n<p>Empfehlen&nbsp;&nbsp;7<a href=\"https:\/\/www.wienerzeitung.at\/nachrichten\/wirtschaft\/international\/2180322-Modekette-Peek-und-Cloppenburg-insolvent.html#\">Kommentieren&nbsp;&nbsp;4<\/a>Teilen&nbsp;<a rel=\"noreferrer noopener\" href=\"https:\/\/www.facebook.com\/\" target=\"_blank\">Auf Facebook teilen<\/a><a rel=\"noreferrer noopener\" href=\"https:\/\/www.twitter.com\/\" target=\"_blank\">Twittern<\/a><a href=\"https:\/\/www.wienerzeitung.at\/_em_cms\/globals\/send.php?em_ssc=LCwsLA==&amp;em_cnt=2180322&amp;em_loc=79&amp;em_ref=\/nachrichten\/wirtschaft\/international\/&amp;em_ivw=RedCont\/Wirtschaft\/Wirtschaftsueberblick\/moewa\">Per E-Mail weiterleiten<\/a><a href=\"https:\/\/www.wienerzeitung.at\/_em_cms\/globals\/print.php?em_no_split=1&amp;em_ssc=LCwsLA==&amp;em_cnt=2180322&amp;em_loc=79&amp;em_ref=\/nachrichten\/wirtschaft\/international\/&amp;em_ivw=RedCont\/Wirtschaft\/Wirtschaftsueberblick\/moewa&amp;em_absatz_bold=0&amp;em_print_image=true\">mit Bild&nbsp;<\/a><a href=\"https:\/\/www.wienerzeitung.at\/_em_cms\/globals\/print.php?em_no_split=1&amp;em_ssc=LCwsLA==&amp;em_cnt=2180322&amp;em_loc=79&amp;em_ref=\/nachrichten\/wirtschaft\/international\/&amp;em_ivw=RedCont\/Wirtschaft\/Wirtschaftsueberblick\/moewa&amp;em_absatz_bold=0&amp;em_print_image=false\">ohne Bild&nbsp;<\/a>Mehr zu diesem Thema<\/p>\n\n\n\n<figure class=\"wp-block-image\"><img src=\"https:\/\/www.wienerzeitung.at\/_em_daten\/_cache\/image\/1xgXBaSlIdauaCNXEBrvxrfy39C-OWHphmaoXmR9GQbdfCEyUtNZ65xgZaCSDjw1evjhT1I_rVzIsQRjLdR9-Ep2RtzEE4NcGmqR8OHAAK2iKCAxn6Trdp2Q\/230210-1603-948-0900-421796-galeria1234-2.jpg\" alt=\"Bild zu Benkos Deutschland-Debakel\"\/><\/figure>\n\n\n\n<p><a href=\"https:\/\/www.wienerzeitung.at\/nachrichten\/wirtschaft\/international\/2177885-Benkos-Deutschland-Debakel.html\">Benkos Deutschland-Debakel<\/a>13.02.2023&nbsp;22&nbsp;9<\/p>\n\n\n\n<figure class=\"wp-block-image\"><img src=\"https:\/\/www.wienerzeitung.at\/_em_daten\/_cache\/image\/1xgXBaSlIdauaCNXEBrvxrf41Kd_xlk6kxw1pjBhYJ2cgtiL1DO9HsgOnIp5vSakWc28Sb_N0lVLdDu3trgTndEpRhxh58zJ5yjbj3-HiBOSbV6JWGe_d1Yg\/230106-1513-948-0900-416386-meldungsliste-1-93.jpg\" alt=\"Bild zu In der Schuldenfalle\"\/><\/figure>\n\n\n\n<p><a href=\"https:\/\/www.wienerzeitung.at\/nachrichten\/wirtschaft\/oesterreich\/2173668-In-der-Schuldenfalle.html\">In der Schuldenfalle<\/a>08.01.2023&nbsp;13&nbsp;14<\/p>\n\n\n\n<p id=\"absatz1\">Die deutsche Modekette Peek &amp; Cloppenburg muss sich sanieren und hat ein Schutzschirm-Insolvenzverfahren beantragt. Die \u00f6sterreichische Schwestergesellschaft mit 13 Filialen ist nicht vom Schutzschirm betroffen. Das gilt auch f\u00fcr weitere Gesellschaften der Gruppe in Deutschland und im Ausland.<\/p>\n\n\n\n<p>Der Schutzschirm diene dazu, &#8222;den krisenbedingt angesto\u00dfenen Restrukturierungsprozess des Unternehmens zu beschleunigen&#8220;, erkl\u00e4rte das Unternehmen am Freitag. Die rund 6.800 deutschen P&amp;C-Besch\u00e4ftigten erhalten in den kommenden drei Monaten Geh\u00e4lter von der Agentur f\u00fcr Arbeit. F\u00fcr die Peek &amp; Cloppenburg Retail Buying GmbH &amp; Co. KG wurde ebenfalls ein Antrag auf ein Schutzschirmverfahren gestellt. Am Heimatmarkt in Deutschland hat der D\u00fcsseldorfer Konzern 67 Filialen.<\/p>\n\n\n\n<p>Peek &amp; Cloppenburg D\u00fcsseldorf habe das Schutzschirmverfahren gestartet, &#8222;um sich an die ver\u00e4nderten Marktbedingungen in Deutschland anzupassen und f\u00fcr die Zukunft neu aufzustellen&#8220;, erkl\u00e4rte das Unternehmen. Mit dem Schutzschirm werde das Unternehmen die zur Restrukturierung und Sanierung erforderlichen Ma\u00dfnahmen gezielt in eigener Verantwortung erarbeiten und kurzfristig umsetzen. Die Leitung des Unternehmens bleibe in den H\u00e4nden der Gesch\u00e4ftsf\u00fchrung.<\/p>\n\n\n\n<h2>Mitarbeiterkosten \u00fcberproportional gewachsen<\/h2>\n\n\n\n<p>Gesch\u00e4ftsf\u00fchrer Thomas Freude sagte der &#8222;Wirtschaftswoche&#8220;, im Laufe des Verfahrens &#8222;werden auch Arbeitspl\u00e4tze wegfallen m\u00fcssen&#8220;. Klar sei, &#8222;dass wir uns in der Zentrale all jene Hierarchieebenen und Bereiche genau anschauen werden, in denen die Kosten in den vergangenen Jahren \u00fcberproportional gewachsen sind&#8220;. Zurzeit seien dort rund 800 Mitarbeiterinnen und Mitarbeiter besch\u00e4ftigt. &#8222;Das ist eine Gr\u00f6\u00dfe, die nicht zum Gesch\u00e4ftsvolumen passt&#8220;, sagte Freude dem Blatt weiter.Werbung<\/p>\n\n\n\n<p>Peek &amp; Cloppenburg D\u00fcsseldorf habe in der Corona-Zeit 30 Prozent Umsatz verloren und gleichzeitig viele Stellen in administrativen Bereichen geschaffen. &#8222;Das sind Einbu\u00dfen, die wir nicht so einfach wegstecken k\u00f6nnen&#8220;, betonte der Gesch\u00e4ftsf\u00fchrer. Nach dem Ende der Corona-Auflagen sei die Erholung &#8222;nicht so stark wie erhofft&#8220; ausgefallen, und &#8222;auch das vergangene Gesch\u00e4ftsjahr lief f\u00fcr uns nicht besonders erfolgreich&#8220;.<\/p>\n\n\n\n<h2>Inflation gestiegen, Nachfrage gesunken<\/h2>\n\n\n\n<p>Die Zahl der Kundinnen und Kunden, die die Filialen besuchen, liege weiterhin unter dem Niveau der Vor-Corona-Zeit. Zudem m\u00fcssten viele Kunden wegen der hohen Inflation derzeit sparen.<\/p>\n\n\n\n<p>Hinzu kommen laut Freude Verluste im Onlinegesch\u00e4ft. &#8222;Die Erwartungen an das Onlinegesch\u00e4ft haben sich f\u00fcr uns nicht ansatzweise erf\u00fcllt&#8220;, sagte der Gesch\u00e4ftsf\u00fchrer der &#8222;Wirtschaftswoche&#8220;. Er k\u00fcndigte an, dass es jetzt &#8222;in die Richtung: Store first statt Online first&#8220; gehe. Die Filialen seien weiter das Fundament des Gesch\u00e4fts. &#8222;Stand heute wollen wir alle Stores weiterbetreiben und dort auch auf betriebsbedingte K\u00fcndigungen verzichten.&#8220;<\/p>\n\n\n\n<p>Peek &amp; Cloppenburg D\u00fcsseldorf und Peek &amp; Cloppenburg Hamburg sind zwei getrennte Unternehmen. Zur D\u00fcsseldorfer Gruppe geh\u00f6ren auch die Herrenausstatter Anson&#8217;s und Magasin du Nord. (apa)<\/p>\n\n\n\n<p>QELLE : wienerzeitung.at <\/p>\n\n\n\n<p><\/p>\n","protected":false},"excerpt":{"rendered":"<p>74Der Umsatzr\u00fcckgang w\u00e4hrender Corona-Pandemie und Verluste im Onlinehandel sorgten f\u00fcr eine finanzielle Schieflage beim Kleidungskonzern.vom&nbsp;03.03.2023, 16:23&nbsp;Uhr&nbsp;|&nbsp;Update:&nbsp;03.03.2023, 17:43&nbsp;Uhr Empfehlen&nbsp;&nbsp;7Kommentieren&nbsp;&nbsp;4Teilen&nbsp;Auf Facebook teilenTwitternPer E-Mail weiterleitenmit Bild&nbsp;ohne Bild&nbsp;Mehr zu diesem Thema Benkos Deutschland-Debakel13.02.2023&nbsp;22&nbsp;9 In der Schuldenfalle08.01.2023&nbsp;13&nbsp;14 Die deutsche Modekette Peek &amp; Cloppenburg muss sich sanieren und hat ein Schutzschirm-Insolvenzverfahren beantragt. Die \u00f6sterreichische Schwestergesellschaft mit<span class=\"more-link\"><a href=\"https:\/\/wienernachrichten.at\/?p=943\">Continue Reading<\/a><\/span><\/p>\n","protected":false},"author":2,"featured_media":0,"comment_status":"open","ping_status":"open","sticky":false,"template":"","format":"standard","meta":[],"categories":[1],"tags":[],"_links":{"self":[{"href":"https:\/\/wienernachrichten.at\/index.php?rest_route=\/wp\/v2\/posts\/943"}],"collection":[{"href":"https:\/\/wienernachrichten.at\/index.php?rest_route=\/wp\/v2\/posts"}],"about":[{"href":"https:\/\/wienernachrichten.at\/index.php?rest_route=\/wp\/v2\/types\/post"}],"author":[{"embeddable":true,"href":"https:\/\/wienernachrichten.at\/index.php?rest_route=\/wp\/v2\/users\/2"}],"replies":[{"embeddable":true,"href":"https:\/\/wienernachrichten.at\/index.php?rest_route=%2Fwp%2Fv2%2Fcomments&post=943"}],"version-history":[{"count":1,"href":"https:\/\/wienernachrichten.at\/index.php?rest_route=\/wp\/v2\/posts\/943\/revisions"}],"predecessor-version":[{"id":944,"href":"https:\/\/wienernachrichten.at\/index.php?rest_route=\/wp\/v2\/posts\/943\/revisions\/944"}],"wp:attachment":[{"href":"https:\/\/wienernachrichten.at\/index.php?rest_route=%2Fwp%2Fv2%2Fmedia&parent=943"}],"wp:term":[{"taxonomy":"category","embeddable":true,"href":"https:\/\/wienernachrichten.at\/index.php?rest_route=%2Fwp%2Fv2%2Fcategories&post=943"},{"taxonomy":"post_tag","embeddable":true,"href":"https:\/\/wienernachrichten.at\/index.php?rest_route=%2Fwp%2Fv2%2Ftags&post=943"}],"curies":[{"name":"wp","href":"https:\/\/api.w.org\/{rel}","templated":true}]}}