{"id":941,"date":"2023-03-04T16:11:04","date_gmt":"2023-03-04T15:11:04","guid":{"rendered":"http:\/\/wienernachrichten.at\/?p=941"},"modified":"2023-03-04T16:11:04","modified_gmt":"2023-03-04T15:11:04","slug":"rechnungshofhohe-abhaengigkeit-von-unternehmen","status":"publish","type":"post","link":"https:\/\/wienernachrichten.at\/?p=941","title":{"rendered":"RECHNUNGSHOF:Hohe Abh\u00e4ngigkeit von Unternehmen"},"content":{"rendered":"\n<p>6<a href=\"https:\/\/www.wienerzeitung.at\/nachrichten\/politik\/oesterreich\/2180307-Hohe-Abhaengigkeit-von-Unternehmen.html#\">2<\/a>Bei der Entwicklung des elektronischen Identit\u00e4tsnachweises (E-ID) gibt es Probleme.vom&nbsp;03.03.2023, 15:37&nbsp;Uhr&nbsp;|&nbsp;Update:&nbsp;03.03.2023, 15:43&nbsp;Uhr<\/p>\n\n\n\n<figure class=\"wp-block-image\"><a href=\"https:\/\/www.wienerzeitung.at\/_em_daten\/_cache\/image\/1xSPmTI2uyg34-sGoLR6Yaj14GldcJ_BB7-xV2x7CIXGAMoqQiQmxJZD4mPqOytRzYbUd3aXG5KL71TlJ3VMb0hHQTuSG7T-QQTw3iR_aSxu10RObvCsh7Tw\/230303-1543-948-0900-425026-20230303-e-id.jpg\"><img src=\"https:\/\/www.wienerzeitung.at\/_em_daten\/_cache\/image\/1x3J4_P4dUMOAnOW5FgnPnCzTWox2Ndnpihpzqvl69geL6OYPxmHQMhfyqD1xkCKlynQ-__ovR_cV6WGE4WyUclJg0TQQrqzAtEws52rG3PeXL-sSQgQaxZg\/230303-1543-948-0900-425026-20230303-e-id.jpg\" alt=\"Digitalisierungsministerin Margarete Schramb\u00f6ck (\u00d6VP) brauchte viel externe Unterst\u00fctzung. \n- \u00a9 apa \/ Helmut Fohringer\"\/><\/a><figcaption>Digitalisierungsministerin Margarete Schramb\u00f6ck (\u00d6VP) brauchte viel externe Unterst\u00fctzung.\u00a9 apa \/ Helmut Fohringer<\/figcaption><\/figure>\n\n\n\n<p>Empfehlen&nbsp;&nbsp;6<a href=\"https:\/\/www.wienerzeitung.at\/nachrichten\/politik\/oesterreich\/2180307-Hohe-Abhaengigkeit-von-Unternehmen.html#\">Kommentieren&nbsp;&nbsp;2<\/a>Teilen&nbsp;<a rel=\"noreferrer noopener\" href=\"https:\/\/www.facebook.com\/\" target=\"_blank\">Auf Facebook teilen<\/a><a rel=\"noreferrer noopener\" href=\"https:\/\/www.twitter.com\/\" target=\"_blank\">Twittern<\/a><a href=\"https:\/\/www.wienerzeitung.at\/_em_cms\/globals\/send.php?em_ssc=LCwsLA==&amp;em_cnt=2180307&amp;em_loc=67&amp;em_ref=\/nachrichten\/politik\/oesterreich\/&amp;em_ivw=RedCont\/Politik\/PolitikInland\">Per E-Mail weiterleiten<\/a><a href=\"https:\/\/www.wienerzeitung.at\/_em_cms\/globals\/print.php?em_no_split=1&amp;em_ssc=LCwsLA==&amp;em_cnt=2180307&amp;em_loc=67&amp;em_ref=\/nachrichten\/politik\/oesterreich\/&amp;em_ivw=RedCont\/Politik\/PolitikInland&amp;em_absatz_bold=0&amp;em_print_image=true\">mit Bild&nbsp;<\/a><a href=\"https:\/\/www.wienerzeitung.at\/_em_cms\/globals\/print.php?em_no_split=1&amp;em_ssc=LCwsLA==&amp;em_cnt=2180307&amp;em_loc=67&amp;em_ref=\/nachrichten\/politik\/oesterreich\/&amp;em_ivw=RedCont\/Politik\/PolitikInland&amp;em_absatz_bold=0&amp;em_print_image=false\">ohne Bild&nbsp;<\/a>Mehr zu diesem Thema<\/p>\n\n\n\n<p><a href=\"https:\/\/www.wienerzeitung.at\/nachrichten\/wirtschaft\/oesterreich\/2080011-Weniger-Behoerdenkontrollen-bei-Firmenuebergaben.html\">Weniger Beh\u00f6rdenkontrollen bei Firmen\u00fcbergaben<\/a>21.10.2020<\/p>\n\n\n\n<p id=\"absatz1\">Der Rechnungshof nahm sich in seinem siebten Bericht des Jahres die geplante Umstellung der Handysignatur auf einen elektronischen Identit\u00e4tsnachweis (E-ID) vor, der seit 2018 entwickelt wird. Die Handysignatur nutzen 2,92 Millionen Menschen, der Rechnungshof nennt sie &#8222;ein Erfolgsmodell&#8220;, das EU-Sicherheitsstandards nicht erf\u00fclle. Die E-ID h\u00e4tte schon 2020 eingef\u00fchrt werden sollen, im Mai 2022 war sie &#8222;noch im Pilotbetrieb&#8220; und deshalb nicht einsatzf\u00e4hig.<\/p>\n\n\n\n<p>Bei der Entwicklung des Identit\u00e4tsnachweises d\u00fcrfte es allerdings zu erheblichen Fehlentwicklungen gekommen sein. So war die Umsetzung zwischen dem damaligen Bundesministerium f\u00fcr Digitalisierung und Wirtschaftsstandort von Margarete Schramb\u00f6ck (\u00d6VP) und dem Innenministerium von Herbert Kickl (FP\u00d6) und Karl Nehammer (\u00d6VP) aufgeteilt. Es fehlte aber eine &#8222;ressort\u00fcbergreifende Gesamtprojektleitung&#8220; und damit ein \u00dcberblick \u00fcber Inhalte, Zeitpl\u00e4ne und die Gesamtkosten. Erst 2021 wurde ein ressort\u00fcbergreifender Lenkungsausschuss eingerichtet, kritisiert der Rechnungshof.<\/p>\n\n\n\n<h2>Viele Leistungen<br>mussten zugekauft werden<\/h2>\n\n\n\n<p>Das gr\u00f6\u00dfte Problem sieht der Rechnungshof aber in der Abh\u00e4ngigkeit von externen Dienstleistern, die einen Gro\u00dfteil der Arbeit gemacht haben. Das Digitalisierungsministerium hat, gemessen an Personentagen, nur sieben Prozent der Arbeit selbst geleistet. So mussten nicht nur &#8222;s\u00e4mtliche Leistungen zur Produktentwicklung extern zugekauft werden&#8220;, auch Leitungskompetenzen seien an externe Unternehmen abgegeben worden. Beide Ministerien vergaben zwischen 2018 und 2021 63 Auftr\u00e4ge an 13 verschiedene Unternehmen, die ihrerseits noch einmal 21 Subauftragnehmer beauftragt haben.https:\/\/0bcca799c4a345296cf1f85974854dc3.safeframe.googlesyndication.com\/safeframe\/1-0-40\/html\/container.htmlWerbung<\/p>\n\n\n\n<p>R\u00e4tselraten herrscht auch \u00fcber einen Auftrag an einen Kommunikationsberater: 52.800 Euro wurden allein f\u00fcr die Konzeption des Projektes &#8222;Storytelling&nbsp;<a href=\"http:\/\/xn--sterreich-ppa80c.gv.at\/\" target=\"_blank\" rel=\"noreferrer noopener\">\u00f6sterreich.gv.at<\/a>&#8220; ausgegeben. Im Oktober 2018 zahlte das Wirtschaftsministerium 36.000 Euro f\u00fcr eine 13-seitige Pr\u00e4sentation. Das Ministerium wusste zudem nicht, welche &#8222;konkreten Leistungen der Kommunikationsberater erbracht und wer diese abgenommen hatte&#8220;, kritisiert der Rechnungshof. Im Juli 2019 bekam er aufgrund der Stornierung eines weiteren Auftrages zus\u00e4tzlich 16.800 Euro. Vergleichansgebote wurden keine eingeholt.<\/p>\n\n\n\n<p>Die dreieinhalbj\u00e4hrige Verz\u00f6gerung der Umsetzung liegt laut Rechnungshof vor allem an der Vielzahl an beteiligten Unternehmen. Wenig \u00fcberraschend empfiehlt er deshalb, diese Abh\u00e4ngigkeiten zu reduzieren, um das n\u00f6tige Fachwissen zur E-ID in der Verwaltung zu behalten.<em>(pak)<\/em>Werbung<strong>Schlagworte<\/strong><\/p>\n\n\n\n<ul><li><a href=\"https:\/\/www.wienerzeitung.at\/tagsuche\/?q=516\">Rechnungshof<\/a><\/li><li><a href=\"https:\/\/www.wienerzeitung.at\/tagsuche\/?q=154494\">E-ID<\/a><\/li><li><a href=\"https:\/\/www.wienerzeitung.at\/tagsuche\/?q=154495\">Elektronischer Indentit\u00e4tsnachweis<\/a><\/li><li><a href=\"https:\/\/www.wienerzeitung.at\/tagsuche\/?q=97946\">Margarete Schramb\u00f6ck<\/a><\/li><li><a href=\"https:\/\/www.wienerzeitung.at\/tagsuche\/?q=12912\">Wirtschaftsministerium<\/a><\/li><\/ul>\n\n\n\n<p>QELLE : wienerzeitung.at<\/p>\n\n\n\n<p><\/p>\n","protected":false},"excerpt":{"rendered":"<p>62Bei der Entwicklung des elektronischen Identit\u00e4tsnachweises (E-ID) gibt es Probleme.vom&nbsp;03.03.2023, 15:37&nbsp;Uhr&nbsp;|&nbsp;Update:&nbsp;03.03.2023, 15:43&nbsp;Uhr Empfehlen&nbsp;&nbsp;6Kommentieren&nbsp;&nbsp;2Teilen&nbsp;Auf Facebook teilenTwitternPer E-Mail weiterleitenmit Bild&nbsp;ohne Bild&nbsp;Mehr zu diesem Thema Weniger Beh\u00f6rdenkontrollen bei Firmen\u00fcbergaben21.10.2020 Der Rechnungshof nahm sich in seinem siebten Bericht des Jahres die geplante Umstellung der Handysignatur auf einen elektronischen Identit\u00e4tsnachweis (E-ID) vor, der seit 2018<span class=\"more-link\"><a href=\"https:\/\/wienernachrichten.at\/?p=941\">Continue Reading<\/a><\/span><\/p>\n","protected":false},"author":2,"featured_media":0,"comment_status":"open","ping_status":"open","sticky":false,"template":"","format":"standard","meta":[],"categories":[1],"tags":[],"_links":{"self":[{"href":"https:\/\/wienernachrichten.at\/index.php?rest_route=\/wp\/v2\/posts\/941"}],"collection":[{"href":"https:\/\/wienernachrichten.at\/index.php?rest_route=\/wp\/v2\/posts"}],"about":[{"href":"https:\/\/wienernachrichten.at\/index.php?rest_route=\/wp\/v2\/types\/post"}],"author":[{"embeddable":true,"href":"https:\/\/wienernachrichten.at\/index.php?rest_route=\/wp\/v2\/users\/2"}],"replies":[{"embeddable":true,"href":"https:\/\/wienernachrichten.at\/index.php?rest_route=%2Fwp%2Fv2%2Fcomments&post=941"}],"version-history":[{"count":1,"href":"https:\/\/wienernachrichten.at\/index.php?rest_route=\/wp\/v2\/posts\/941\/revisions"}],"predecessor-version":[{"id":942,"href":"https:\/\/wienernachrichten.at\/index.php?rest_route=\/wp\/v2\/posts\/941\/revisions\/942"}],"wp:attachment":[{"href":"https:\/\/wienernachrichten.at\/index.php?rest_route=%2Fwp%2Fv2%2Fmedia&parent=941"}],"wp:term":[{"taxonomy":"category","embeddable":true,"href":"https:\/\/wienernachrichten.at\/index.php?rest_route=%2Fwp%2Fv2%2Fcategories&post=941"},{"taxonomy":"post_tag","embeddable":true,"href":"https:\/\/wienernachrichten.at\/index.php?rest_route=%2Fwp%2Fv2%2Ftags&post=941"}],"curies":[{"name":"wp","href":"https:\/\/api.w.org\/{rel}","templated":true}]}}