{"id":923,"date":"2023-03-04T15:46:20","date_gmt":"2023-03-04T14:46:20","guid":{"rendered":"http:\/\/wienernachrichten.at\/?p=923"},"modified":"2023-03-04T15:46:20","modified_gmt":"2023-03-04T14:46:20","slug":"verkehr-2","status":"publish","type":"post","link":"https:\/\/wienernachrichten.at\/?p=923","title":{"rendered":"VERKEHR"},"content":{"rendered":"\n<h1>Gumpendorfer Stra\u00dfe: Wunsch nach Gr\u00fcn<\/h1>\n\n\n\n<p><strong>Die geplante Umgestaltung der Gumpendorfer Stra\u00dfe in Mariahilf geht in die n\u00e4chste Runde. Das Ergebnis der Online-Befragung der Bezirksbewohnerinnen und -bewohner liegt vor. Gro\u00df ist der Wunsch vor allem nach mehr Gr\u00fcn und besseren Gehsteigen.<\/strong>Online seit heute, 5.00 UhrTeilen<\/p>\n\n\n\n<p>Die mehrheitlichen W\u00fcnsche und Ideen sollen die Grundlage f\u00fcr die Neugestaltung der Gumpendorfer Stra\u00dfe sein. Rund 1.400 Bezirksbewohner und -bewohnerinnen haben online oder per Fragebogen ihre Ideen und W\u00fcnsche f\u00fcr die Umgestaltung der Gumpendorfer Stra\u00dfe eingebracht. Davon machen direkte Anrainerinnen und Anrainer rund die H\u00e4lfte aus, sagte Bezirksvorsteher Markus Rumelhart (SP\u00d6).<\/p>\n\n\n\n<h2>Gehfreundlicher und sicherer<\/h2>\n\n\n\n<p>Die W\u00fcnsche der Bev\u00f6lkerung seien recht eindeutig gewesen. \u201eEs haben sich sehr viele f\u00fcr mehr Gr\u00fcn in der Stra\u00dfe ausgesprochen.\u201c Gro\u00dfe Anliegen waren laut Rumelhart auch, \u201edass die Stra\u00dfe lebendiger wird, dass sie gehfreundlicher wird, dass sie sicherer wird\u201c. Aber auch Ma\u00dfnahmen zur Klimawandelanpassung, wie mehr Beschattung, sind gefragt.<a href=\"https:\/\/wien.orf.at\/stories\/3191485\/\">MEHR ZUM THEMAGumpendorfer Stra\u00dfe: Start f\u00fcr B\u00fcrgerbeteiligung<\/a><\/p>\n\n\n\n<p>Der Bezirk will jetzt noch Gruppen befragen, die bisher weniger zu Wort gekommen sind. Dabei geht es vor allem um Personen unter 20 und \u00fcber 65. \u201eWir werden mit unserem Seniorentreff und auch mit unserer Jugendarbeit im Bezirk noch gezielte Gespr\u00e4che und Workshops anbieten, um auch diese Meinung ganz klar einflie\u00dfen zu lassen.\u201c<\/p>\n\n\n\n<h2>Weitere Termine in n\u00e4chsten Wochen<\/h2>\n\n\n\n<p>Im M\u00e4rz und April gibt es zudem zw\u00f6lf Termine an verschiedenen Orten im Bezirk, um weitere Vorschl\u00e4ge einzubringen. Diese sollen dann die Grundlage f\u00fcr das Leitbild sein. \u201eEs muss sich die Stimmung und die W\u00fcnsche der Mehrheit der Bev\u00f6lkerung in der Planung abbilden\u201c, sagt Rumelhart. Der Beteiligungsprozess l\u00e4uft bis Ende des Jahres. 2025 soll ein gro\u00dfer Abschnitt der neuen Gumpendorfer Stra\u00dfe fertig sein.<\/p>\n\n\n\n<p>red, wien.ORF.at<\/p>\n\n\n\n<h2>Link:<\/h2>\n\n\n\n<ul><li><a href=\"https:\/\/www.wien.gv.at\/mariahilf\/verkehr\/beteiligung-gumpendorfer-strasse.html\">Infos zum Beteiligungsprozess<\/a><\/li><li>QELLE : ORF.AT <\/li><\/ul>\n","protected":false},"excerpt":{"rendered":"<p>Gumpendorfer Stra\u00dfe: Wunsch nach Gr\u00fcn Die geplante Umgestaltung der Gumpendorfer Stra\u00dfe in Mariahilf geht in die n\u00e4chste Runde. Das Ergebnis der Online-Befragung der Bezirksbewohnerinnen und -bewohner liegt vor. Gro\u00df ist der Wunsch vor allem nach mehr Gr\u00fcn und besseren Gehsteigen.Online seit heute, 5.00 UhrTeilen Die mehrheitlichen W\u00fcnsche und Ideen sollen<span class=\"more-link\"><a href=\"https:\/\/wienernachrichten.at\/?p=923\">Continue Reading<\/a><\/span><\/p>\n","protected":false},"author":2,"featured_media":0,"comment_status":"open","ping_status":"open","sticky":false,"template":"","format":"standard","meta":[],"categories":[1],"tags":[],"_links":{"self":[{"href":"https:\/\/wienernachrichten.at\/index.php?rest_route=\/wp\/v2\/posts\/923"}],"collection":[{"href":"https:\/\/wienernachrichten.at\/index.php?rest_route=\/wp\/v2\/posts"}],"about":[{"href":"https:\/\/wienernachrichten.at\/index.php?rest_route=\/wp\/v2\/types\/post"}],"author":[{"embeddable":true,"href":"https:\/\/wienernachrichten.at\/index.php?rest_route=\/wp\/v2\/users\/2"}],"replies":[{"embeddable":true,"href":"https:\/\/wienernachrichten.at\/index.php?rest_route=%2Fwp%2Fv2%2Fcomments&post=923"}],"version-history":[{"count":1,"href":"https:\/\/wienernachrichten.at\/index.php?rest_route=\/wp\/v2\/posts\/923\/revisions"}],"predecessor-version":[{"id":924,"href":"https:\/\/wienernachrichten.at\/index.php?rest_route=\/wp\/v2\/posts\/923\/revisions\/924"}],"wp:attachment":[{"href":"https:\/\/wienernachrichten.at\/index.php?rest_route=%2Fwp%2Fv2%2Fmedia&parent=923"}],"wp:term":[{"taxonomy":"category","embeddable":true,"href":"https:\/\/wienernachrichten.at\/index.php?rest_route=%2Fwp%2Fv2%2Fcategories&post=923"},{"taxonomy":"post_tag","embeddable":true,"href":"https:\/\/wienernachrichten.at\/index.php?rest_route=%2Fwp%2Fv2%2Ftags&post=923"}],"curies":[{"name":"wp","href":"https:\/\/api.w.org\/{rel}","templated":true}]}}