{"id":917,"date":"2023-03-04T15:38:36","date_gmt":"2023-03-04T14:38:36","guid":{"rendered":"http:\/\/wienernachrichten.at\/?p=917"},"modified":"2023-03-04T15:38:36","modified_gmt":"2023-03-04T14:38:36","slug":"oesv-adler-hoffen-auf-erstes-gold","status":"publish","type":"post","link":"https:\/\/wienernachrichten.at\/?p=917","title":{"rendered":"\u00d6SV-Adler hoffen auf erstes Gold"},"content":{"rendered":"\n<p>NORDISCHE SKI-WM<\/p>\n\n\n\n<p><strong>\u00d6sterreichs Skispringer hoffen am Samstag (16.30 Uhr, live in ORF1) beim Team-Bewerb auf der Gro\u00dfschanze auf die erste Goldmedaille bei der Weltmeisterschaft in Planica. Die amtierenden Olympiasieger sind allerdings nicht die klaren Favoriten, es bahnt sich ein Kampf mit Polen, Slowenien, Norwegen und Deutschland an.<\/strong>Online seit heute, 10.07 UhrTeilen<\/p>\n\n\n\n<p>\u201eWir haben gute Chancen, im Team-Bewerb wird alles noch einmal neu gemischt. Es wird auch das eine Schlacht werden, du kannst von eins bis f\u00fcnf alles dabei haben&#8220;, meinte Stefan Kraft zuversichtlich. Der Salzburger hat es noch in der Hand, auch von seiner f\u00fcnften WM in Folge zumindest eine Medaille mitzunehmen. Die seit Falun 2015 anhaltende Serie an sich sei ihm nicht so wichtig. \u201eOb Serie hin oder her, ich h\u00e4tte gerne eine (Medaille, Anm.). Es wird nicht leicht, aber die Chance lebt.\u201c<\/p>\n\n\n\n<p>Die Slowenen mit Weltmeister Timi Zajc, die Polen mit Normalschanzen-Sieger Piotr Zyla, die Deutschen mit u. a. Andreas Wellinger und die Norweger um Weltcup-Leader Halvor Egner Granerud sind stark einzusch\u00e4tzen. Die Polen sind im Einzel mit ihrem Trio in den Top Ten nun Favorit, das wei\u00df auch Daniel Tschofenig. \u201eDie Goldene w\u00e4re ein absoluter Erfolg. Da m\u00fcsste bei jedem jeder Sprung passen, und ein Qu\u00e4ntchen Gl\u00fcck m\u00fcsste dabei sein. Auch f\u00fcr eine Medaille m\u00fcssen wir alle richtig gut springen.\u201c<a href=\"https:\/\/sport.orf.at\/tabellen\/stories\/3108364\/\">NORDISCHE SKI-WM 2023Programm, Ergebnisse und Medaillenspiegel<\/a><\/p>\n\n\n\n<h2>\u201eVerstecken brauchen wir uns nicht\u201c<\/h2>\n\n\n\n<p>F\u00fcr den K\u00e4rntner und seine Teamkollegen ging es am Freitag im Einzel noch um die Qualifikation. Auf der Strecke blieb als 20. Manuel Fettner, der Tiroler ist damit im vierten WM-Bewerb zum dritten Mal Ersatz. Neben Kraft (Einzel-6.) sind Tschofenig (12.), Jan H\u00f6rl (14.) und Michael Hayb\u00f6ck (15.) dabei. H\u00f6rl zeigte sich motiviert: \u201eEs ist eine weitere Chance zur Medaille, die m\u00f6chte ich mir nicht entgehen lassen. Verstecken brauchen wir uns nicht.\u201c Den einzigen Weltcup-Team-Bewerb der Saison gewannen die \u00d6sterreicher in Zakopane einen Punkt vor den Polen.<\/p>\n\n\n\n<p>red, ORF.at\/<a href=\"https:\/\/orf.at\/stories\/impressum-nachrichtenagenturen\/\">Agenturen<\/a><\/p>\n\n\n\n<h2>Links:<\/h2>\n\n\n\n<ul><li><a href=\"https:\/\/www.planica2023.si\/en\">Nordische Ski-WM 2023<\/a><\/li><li><a href=\"https:\/\/www.oesv.at\/\">\u00d6SV<\/a><\/li><li><a href=\"https:\/\/www.fisski.com\/\">FIS<\/a><\/li><\/ul>\n\n\n\n<p>QELLE : ORF.AT <\/p>\n\n\n\n<p><\/p>\n","protected":false},"excerpt":{"rendered":"<p>NORDISCHE SKI-WM \u00d6sterreichs Skispringer hoffen am Samstag (16.30 Uhr, live in ORF1) beim Team-Bewerb auf der Gro\u00dfschanze auf die erste Goldmedaille bei der Weltmeisterschaft in Planica. Die amtierenden Olympiasieger sind allerdings nicht die klaren Favoriten, es bahnt sich ein Kampf mit Polen, Slowenien, Norwegen und Deutschland an.Online seit heute, 10.07<span class=\"more-link\"><a href=\"https:\/\/wienernachrichten.at\/?p=917\">Continue Reading<\/a><\/span><\/p>\n","protected":false},"author":2,"featured_media":0,"comment_status":"open","ping_status":"open","sticky":false,"template":"","format":"standard","meta":[],"categories":[1],"tags":[],"_links":{"self":[{"href":"https:\/\/wienernachrichten.at\/index.php?rest_route=\/wp\/v2\/posts\/917"}],"collection":[{"href":"https:\/\/wienernachrichten.at\/index.php?rest_route=\/wp\/v2\/posts"}],"about":[{"href":"https:\/\/wienernachrichten.at\/index.php?rest_route=\/wp\/v2\/types\/post"}],"author":[{"embeddable":true,"href":"https:\/\/wienernachrichten.at\/index.php?rest_route=\/wp\/v2\/users\/2"}],"replies":[{"embeddable":true,"href":"https:\/\/wienernachrichten.at\/index.php?rest_route=%2Fwp%2Fv2%2Fcomments&post=917"}],"version-history":[{"count":1,"href":"https:\/\/wienernachrichten.at\/index.php?rest_route=\/wp\/v2\/posts\/917\/revisions"}],"predecessor-version":[{"id":918,"href":"https:\/\/wienernachrichten.at\/index.php?rest_route=\/wp\/v2\/posts\/917\/revisions\/918"}],"wp:attachment":[{"href":"https:\/\/wienernachrichten.at\/index.php?rest_route=%2Fwp%2Fv2%2Fmedia&parent=917"}],"wp:term":[{"taxonomy":"category","embeddable":true,"href":"https:\/\/wienernachrichten.at\/index.php?rest_route=%2Fwp%2Fv2%2Fcategories&post=917"},{"taxonomy":"post_tag","embeddable":true,"href":"https:\/\/wienernachrichten.at\/index.php?rest_route=%2Fwp%2Fv2%2Ftags&post=917"}],"curies":[{"name":"wp","href":"https:\/\/api.w.org\/{rel}","templated":true}]}}