{"id":904,"date":"2023-02-28T18:15:01","date_gmt":"2023-02-28T17:15:01","guid":{"rendered":"http:\/\/wienernachrichten.at\/?p=904"},"modified":"2023-02-28T18:15:01","modified_gmt":"2023-02-28T17:15:01","slug":"tennis","status":"publish","type":"post","link":"https:\/\/wienernachrichten.at\/?p=904","title":{"rendered":"TENNIS"},"content":{"rendered":"\n<h1>Thiem hofft auf gute Santiago-Premiere<\/h1>\n\n\n\n<p><strong>Dominic Thiem hofft bei seiner Premiere in der Heimat seines Coachs Nicolas Massu auf einen Auftaktsieg. Der 29-j\u00e4hrige Nieder\u00f6sterreicher, der Santiago de Chile schon im Vorjahr auf dem Plan hatte, dann aber nach einer wieder aufgeflammten Verletzung absagen musste, trifft am Dienstagabend (Ortszeit) auf Lokalmatador Cristian Garin. Nach seiner bisher verpatzten S\u00fcdamerika-Tournee m\u00f6chte der Weltranglisten-99. endlich mehr Punkte sammeln.<\/strong>Online seit heute, 13.22 UhrTeilen<\/p>\n\n\n\n<p>Thiem kennt Garin, der beim Davis-Cup auch Sch\u00fctzling von Kapit\u00e4n Nicolas Massu ist, freilich schon l\u00e4nger. \u201eWir haben einige Mal miteinander trainiert, auch gestern hier. Es ist nie einfach, gegen einen Local Hero zu spielen, weil die Fans hinter ihm stehen werden\u201c, meinte der Nieder\u00f6sterreicher bei einem Medientermin in Santiago. \u201eIch freue mich darauf, er ist ein starker Spieler, und es wird eine gute Herausforderung. Das Match wird am Dienstagabend sein, das wird sicher eine gute Atmosph\u00e4re\u201c, meinte der Ex-Weltranglistendritte.<\/p>\n\n\n\n<p>Die Partie wird nach neuester Weltrangliste ein Duell zweier Rankingnachbarn: Thiem ist unmittelbar vor Garin 99. Das sind klar andere Voraussetzungen als im Herbst 2020, als sie zuletzt aufeinandertrafen. Thiem hatte damals als frischgebackener US-Open-Sieger in der Wiener Stadthalle im Achtelfinale klar mit 6:3 6:2 gewonnen. \u201eDas Spiel ist nicht mehr wirklich in meinem Kopf. Es war damals alles komplett anders, indoor und auf Hartplatz, niedriger Ballabsprung, und ich glaube, Cristians Lieblingsbelag ist sicher Sand. Da hat er seine besten Resultate.\u201c Zudem sei das Match zweieinhalb Jahre her, viele Dinge h\u00e4tten sich seither ver\u00e4ndert.<\/p>\n\n\n\n<figure class=\"wp-block-image\"><img src=\"https:\/\/assets.orf.at\/mims\/2023\/09\/31\/crops\/w=1280,q=90\/1695063_bigpicture_626031_tennis_thiem_santiago_vor_body_im.jpg?s=50b70b75cfff11b4a9b5730fb38f34644f10b292\" alt=\"Dominic Thiem und Trainer Nicolas Massu \"\/><figcaption>Thiem und sein chilenischer Trainer Massu arbeiten bereits seit 2019 zusammen<\/figcaption><\/figure>\n\n\n\n<h2>\u201eSehr interessante Beziehung\u201c<\/h2>\n\n\n\n<p>Thiem wurde zudem auf seine nun schon fast vierj\u00e4hrige Trainerbeziehung mit Massu angesprochen. \u201eEs ist eine sehr interessante Beziehung. Wir haben begonnen und hatten sofort gro\u00dfartige Erfolge zusammen\u201c, erinnerte er an den Triumph 2019 in Indian Wells. \u201eDas erste Jahr war super, das zweite Jahr mit dem US-Open-Titel auch, und dann kamen herausfordernde Zeiten mit der Handgelenksverletzung und Schwierigkeiten mit den Resultaten. Aber wir sind die ganze Zeit zusammengeblieben, und hoffentlich k\u00f6nnen wir gemeinsam hart arbeiten, um die Resultate wieder zu verbessern.\u201c<\/p>\n\n\n\n<p>In diesem Jahr hat der 29-J\u00e4hrige inklusive Davis-Cup und der Qualifikation in Adelaide bisher insgesamt sieben Matches gespielt, lediglich in Buenos Aires feierte er einen Sieg. F\u00fcr den 17-fachen ATP-Turniersieger, der in Santiago dank einer Wildcard dabei ist, ist nun jeder Erfolg auch f\u00fcr das Selbstvertrauen sehr wichtig. Sollte Thiem gegen Garin gewinnen, w\u00fcrde im Achtelfinale der als Nummer drei gesetzte Argentinier Sebastien Baez (0:1-Bilanz gegen ihn) warten.<\/p>\n\n\n\n<p>red, ORF.at\/<a href=\"https:\/\/orf.at\/stories\/impressum-nachrichtenagenturen\/\">Agenturen<\/a><\/p>\n\n\n\n<h2>Links:<\/h2>\n\n\n\n<ul><li><a href=\"https:\/\/www.atpworldtour.com\/\">ATP<\/a><\/li><li><a href=\"https:\/\/www.wtatennis.com\/\">WTA<\/a><\/li><\/ul>\n\n\n\n<p>QELLE : ORF.AT <\/p>\n","protected":false},"excerpt":{"rendered":"<p>Thiem hofft auf gute Santiago-Premiere Dominic Thiem hofft bei seiner Premiere in der Heimat seines Coachs Nicolas Massu auf einen Auftaktsieg. Der 29-j\u00e4hrige Nieder\u00f6sterreicher, der Santiago de Chile schon im Vorjahr auf dem Plan hatte, dann aber nach einer wieder aufgeflammten Verletzung absagen musste, trifft am Dienstagabend (Ortszeit) auf Lokalmatador<span class=\"more-link\"><a href=\"https:\/\/wienernachrichten.at\/?p=904\">Continue Reading<\/a><\/span><\/p>\n","protected":false},"author":2,"featured_media":0,"comment_status":"open","ping_status":"open","sticky":false,"template":"","format":"standard","meta":[],"categories":[1],"tags":[],"_links":{"self":[{"href":"https:\/\/wienernachrichten.at\/index.php?rest_route=\/wp\/v2\/posts\/904"}],"collection":[{"href":"https:\/\/wienernachrichten.at\/index.php?rest_route=\/wp\/v2\/posts"}],"about":[{"href":"https:\/\/wienernachrichten.at\/index.php?rest_route=\/wp\/v2\/types\/post"}],"author":[{"embeddable":true,"href":"https:\/\/wienernachrichten.at\/index.php?rest_route=\/wp\/v2\/users\/2"}],"replies":[{"embeddable":true,"href":"https:\/\/wienernachrichten.at\/index.php?rest_route=%2Fwp%2Fv2%2Fcomments&post=904"}],"version-history":[{"count":1,"href":"https:\/\/wienernachrichten.at\/index.php?rest_route=\/wp\/v2\/posts\/904\/revisions"}],"predecessor-version":[{"id":905,"href":"https:\/\/wienernachrichten.at\/index.php?rest_route=\/wp\/v2\/posts\/904\/revisions\/905"}],"wp:attachment":[{"href":"https:\/\/wienernachrichten.at\/index.php?rest_route=%2Fwp%2Fv2%2Fmedia&parent=904"}],"wp:term":[{"taxonomy":"category","embeddable":true,"href":"https:\/\/wienernachrichten.at\/index.php?rest_route=%2Fwp%2Fv2%2Fcategories&post=904"},{"taxonomy":"post_tag","embeddable":true,"href":"https:\/\/wienernachrichten.at\/index.php?rest_route=%2Fwp%2Fv2%2Ftags&post=904"}],"curies":[{"name":"wp","href":"https:\/\/api.w.org\/{rel}","templated":true}]}}