{"id":892,"date":"2023-02-28T17:53:47","date_gmt":"2023-02-28T16:53:47","guid":{"rendered":"http:\/\/wienernachrichten.at\/?p=892"},"modified":"2023-02-28T17:53:47","modified_gmt":"2023-02-28T16:53:47","slug":"politik-2","status":"publish","type":"post","link":"https:\/\/wienernachrichten.at\/?p=892","title":{"rendered":"POLITIK"},"content":{"rendered":"\n<h1>Landtag beschlie\u00dft neues Pflegemodell<\/h1>\n\n\n\n<p><strong>Der burgenl\u00e4ndische Landtag wird in seiner Sitzung am kommenden Donnerstag das neue Pflegemodell beschlie\u00dfen. Mit dem entsprechenden Sozialeinrichtungsgesetz sollen \u00fcber das gesamte Land verteilt 71 Pflegest\u00fctzpunkte definiert werden.<\/strong>Online seit heute, 16.08 UhrTeilen<\/p>\n\n\n\n<p>Die Pflegest\u00fctzpunkte bieten eine Tagesbetreuung, betreutes Wohnen sowie mobile Hauskrankenpflege an, hielt Soziallandesrat Leonhard Schneemann (SP\u00d6) am Dienstag bei einer Pressekonferenz fest. \u201eEs wird m\u00f6glichst wohnortnah in den Gemeinden ein Betreuungsangebot geschaffen, damit wir eben M\u00f6glichkeiten schaffen, damit die Menschen im Burgenland in der jeweiligen Lebenssituation gut aufgehoben sind und entsprechend betreut werden k\u00f6nnen\u201c, so Schneemann \u2013 mehr dazu in&nbsp;<a href=\"https:\/\/burgenland.orf.at\/stories\/3181548\/\">Pflegest\u00fctzpunkt Schattendorf im Probebetrieb<\/a>.<\/p>\n\n\n\n<h2>Kritik von der Opposition<\/h2>\n\n\n\n<p>F\u00fcr die \u00d6VP hingegen geht das Land bei der Pflege den \u201efalschen Weg\u201c: \u201eDieses Vorhaben f\u00fchrt wieder zu mehr Verstaatlichung und Monopolisierung des Pflegebereiches\u201c, kritisierte Pflegesprecher Thomas Steiner in einer Aussendung. Besser w\u00e4re aus seiner Sicht, Bestehendes zu unterst\u00fctzen und \u201edie Organisationen arbeiten zu lassen\u201c.<\/p>\n\n\n\n<p>Die FP\u00d6 wiederum bef\u00fcrchtet, dass die Pflegest\u00fctzpunkte vor allem in SP\u00d6-Gemeinden errichtet werden. Das Fernziel der Sozialdemokraten sei nicht die Pflege der Betroffenen, sondern die Versorgung parteinaher Organisationen und Gesellschaften mit Macht und Einfluss, so FP\u00d6 Landesparteisekret\u00e4r Christian Ries.<\/p>\n\n\n\n<p>QELLE : red, burgenland.ORF.at<\/p>\n","protected":false},"excerpt":{"rendered":"<p>Landtag beschlie\u00dft neues Pflegemodell Der burgenl\u00e4ndische Landtag wird in seiner Sitzung am kommenden Donnerstag das neue Pflegemodell beschlie\u00dfen. Mit dem entsprechenden Sozialeinrichtungsgesetz sollen \u00fcber das gesamte Land verteilt 71 Pflegest\u00fctzpunkte definiert werden.Online seit heute, 16.08 UhrTeilen Die Pflegest\u00fctzpunkte bieten eine Tagesbetreuung, betreutes Wohnen sowie mobile Hauskrankenpflege an, hielt Soziallandesrat Leonhard<span class=\"more-link\"><a href=\"https:\/\/wienernachrichten.at\/?p=892\">Continue Reading<\/a><\/span><\/p>\n","protected":false},"author":2,"featured_media":0,"comment_status":"open","ping_status":"open","sticky":false,"template":"","format":"standard","meta":[],"categories":[1],"tags":[],"_links":{"self":[{"href":"https:\/\/wienernachrichten.at\/index.php?rest_route=\/wp\/v2\/posts\/892"}],"collection":[{"href":"https:\/\/wienernachrichten.at\/index.php?rest_route=\/wp\/v2\/posts"}],"about":[{"href":"https:\/\/wienernachrichten.at\/index.php?rest_route=\/wp\/v2\/types\/post"}],"author":[{"embeddable":true,"href":"https:\/\/wienernachrichten.at\/index.php?rest_route=\/wp\/v2\/users\/2"}],"replies":[{"embeddable":true,"href":"https:\/\/wienernachrichten.at\/index.php?rest_route=%2Fwp%2Fv2%2Fcomments&post=892"}],"version-history":[{"count":1,"href":"https:\/\/wienernachrichten.at\/index.php?rest_route=\/wp\/v2\/posts\/892\/revisions"}],"predecessor-version":[{"id":893,"href":"https:\/\/wienernachrichten.at\/index.php?rest_route=\/wp\/v2\/posts\/892\/revisions\/893"}],"wp:attachment":[{"href":"https:\/\/wienernachrichten.at\/index.php?rest_route=%2Fwp%2Fv2%2Fmedia&parent=892"}],"wp:term":[{"taxonomy":"category","embeddable":true,"href":"https:\/\/wienernachrichten.at\/index.php?rest_route=%2Fwp%2Fv2%2Fcategories&post=892"},{"taxonomy":"post_tag","embeddable":true,"href":"https:\/\/wienernachrichten.at\/index.php?rest_route=%2Fwp%2Fv2%2Ftags&post=892"}],"curies":[{"name":"wp","href":"https:\/\/api.w.org\/{rel}","templated":true}]}}