{"id":890,"date":"2023-02-28T17:52:28","date_gmt":"2023-02-28T16:52:28","guid":{"rendered":"http:\/\/wienernachrichten.at\/?p=890"},"modified":"2023-02-28T17:52:29","modified_gmt":"2023-02-28T16:52:29","slug":"chronik","status":"publish","type":"post","link":"https:\/\/wienernachrichten.at\/?p=890","title":{"rendered":"CHRONIK"},"content":{"rendered":"\n<h1>Schattendorf: Grenzstra\u00dfe wird zur Fu\u00dfg\u00e4ngerzone<\/h1>\n\n\n\n<p><strong>Die Grenzstra\u00dfe in Schattendorf (Bezirk Mattersburg) soll, um den Verkehr zu reduzieren, zu einer Fu\u00dfg\u00e4ngerzone werden. F\u00fcr die Bev\u00f6lkerung von Schattendorf und Agendorf soll es laut B\u00fcrgermeister Thomas Hofmann (SP\u00d6) Ausnahmegenehmigungen geben, um auch in der Fu\u00dfg\u00e4ngerzone mit dem Auto fahren zu d\u00fcrfen.<\/strong>17. Februar 2023, 13.10 UhrTeilen<\/p>\n\n\n\n<p>Die Umwandlung in eine Fu\u00dfg\u00e4ngerzone war eine von mehreren Optionen, die das Innenministerium nach Gespr\u00e4chen mit der Gemeinde Schattendorf als m\u00f6gliche L\u00f6sung des Problems bezeichnet hat \u2013 mehr dazu in&nbsp;<a href=\"https:\/\/burgenland.orf.at\/stories\/3191188\/\">Schattendorf: L\u00f6sung f\u00fcr Grenz\u00fcbergang in Sicht<\/a>. Laut dem Schattendorfer B\u00fcrgermeister wird eine solche Fu\u00dfg\u00e4ngerzone nun umgesetzt.<\/p>\n\n\n\n<h2>Ausnahmegenehmigung kostet 160 Euro<\/h2>\n\n\n\n<p>Die Fu\u00dfg\u00e4ngerzone sei mit dem Auto befahrbar, allerdings nur, wenn man eine Ausnahmegenehmigung habe. Diese Ausnahmegenehmigung w\u00fcrden vorerst nur Menschen aus Schattendorf und Agendorf beantragen k\u00f6nnen. Man werde daraufhin pr\u00fcfen, wer eine solche Genehmigung erhalte, so der B\u00fcrgermeister.<\/p>\n\n\n\n<figure class=\"wp-block-image\"><img src=\"https:\/\/oekastatic.orf.at\/mims\/2023\/02\/46\/crops\/w=1280,q=90\/1639134_bigpicture_601946_schattendorf1.jpg?s=5bb78d53165b454c330e5370d4dabb4a255c1d17\" alt=\"Grenzstra\u00dfe bei Schattendorf ist aufgrund der vielen PendlerInnen komplett \u00fcberlastet\"\/><figcaption>Zahlreiche Pendlerinnen und Pendler n\u00fctzen t\u00e4glich die Grenzstra\u00dfe<\/figcaption><\/figure>\n\n\n\n<p>Die Kosten f\u00fcr eine solche Ausnahmegenehmigung betragen laut ihm 160 Euro f\u00fcr zwei Jahre. Diesen Betrag wolle man jedoch nicht der Bev\u00f6lkerung \u00fcberlassen, sondern man wolle in Form von Einkaufsgutscheinen in Schattendorf die Leute entlasten und die heimischen Unternehmen damit f\u00f6rdern.<\/p>\n\n\n\n<h2>\u201eL\u00f6sung mit allen Beh\u00f6rden abgestimmt\u201c<\/h2>\n\n\n\n<p>Die entsprechende Baustelle soll mit 1. M\u00e4rz eingerichtet werden, sagte Hoffmann. Die Bauarbeiten k\u00f6nnen bis zu zw\u00f6lf Wochen dauern, wobei man sich f\u00fcr einen P\u00f6ller entschieden habe, der nun auch technisch installiert werde, dadurch wolle man mehr Verkehrssicherheit im gesamten Grenzbereich schaffen.<\/p>\n\n\n\n<p>Die L\u00f6sung sei mit allen Beh\u00f6rden abgestimmt. Ob die Ausnahmegenehmigung f\u00fcr Personen aus weiteren Gemeinden m\u00f6glich sei, werde derzeit von einer Rechtsanwaltskanzlei gepr\u00fcft, so Hoffmann.<\/p>\n\n\n\n<p>red, burgenland.ORF.at<\/p>\n\n\n\n<h2>Links:<\/h2>\n\n\n\n<ul><li><a href=\"https:\/\/burgenland.orf.at\/stories\/3190189\/\">Schattendorf: Totalsperre angek\u00fcndigt<\/a>&nbsp;(burgenland.ORF.at; 13.1.2023)<\/li><li><a href=\"https:\/\/burgenland.orf.at\/stories\/3167782\/\">Schattendorf plant Schranken f\u00fcr Grenzweg<\/a>&nbsp;(burgenland.ORF.at; 5.8.2022)<\/li><\/ul>\n\n\n\n<p>QELLE : ORF.AT\/BURGENLAND <\/p>\n","protected":false},"excerpt":{"rendered":"<p>Schattendorf: Grenzstra\u00dfe wird zur Fu\u00dfg\u00e4ngerzone Die Grenzstra\u00dfe in Schattendorf (Bezirk Mattersburg) soll, um den Verkehr zu reduzieren, zu einer Fu\u00dfg\u00e4ngerzone werden. F\u00fcr die Bev\u00f6lkerung von Schattendorf und Agendorf soll es laut B\u00fcrgermeister Thomas Hofmann (SP\u00d6) Ausnahmegenehmigungen geben, um auch in der Fu\u00dfg\u00e4ngerzone mit dem Auto fahren zu d\u00fcrfen.17. Februar 2023,<span class=\"more-link\"><a href=\"https:\/\/wienernachrichten.at\/?p=890\">Continue Reading<\/a><\/span><\/p>\n","protected":false},"author":2,"featured_media":0,"comment_status":"open","ping_status":"open","sticky":false,"template":"","format":"standard","meta":[],"categories":[1],"tags":[],"_links":{"self":[{"href":"https:\/\/wienernachrichten.at\/index.php?rest_route=\/wp\/v2\/posts\/890"}],"collection":[{"href":"https:\/\/wienernachrichten.at\/index.php?rest_route=\/wp\/v2\/posts"}],"about":[{"href":"https:\/\/wienernachrichten.at\/index.php?rest_route=\/wp\/v2\/types\/post"}],"author":[{"embeddable":true,"href":"https:\/\/wienernachrichten.at\/index.php?rest_route=\/wp\/v2\/users\/2"}],"replies":[{"embeddable":true,"href":"https:\/\/wienernachrichten.at\/index.php?rest_route=%2Fwp%2Fv2%2Fcomments&post=890"}],"version-history":[{"count":1,"href":"https:\/\/wienernachrichten.at\/index.php?rest_route=\/wp\/v2\/posts\/890\/revisions"}],"predecessor-version":[{"id":891,"href":"https:\/\/wienernachrichten.at\/index.php?rest_route=\/wp\/v2\/posts\/890\/revisions\/891"}],"wp:attachment":[{"href":"https:\/\/wienernachrichten.at\/index.php?rest_route=%2Fwp%2Fv2%2Fmedia&parent=890"}],"wp:term":[{"taxonomy":"category","embeddable":true,"href":"https:\/\/wienernachrichten.at\/index.php?rest_route=%2Fwp%2Fv2%2Fcategories&post=890"},{"taxonomy":"post_tag","embeddable":true,"href":"https:\/\/wienernachrichten.at\/index.php?rest_route=%2Fwp%2Fv2%2Ftags&post=890"}],"curies":[{"name":"wp","href":"https:\/\/api.w.org\/{rel}","templated":true}]}}