{"id":888,"date":"2023-02-28T17:50:51","date_gmt":"2023-02-28T16:50:51","guid":{"rendered":"http:\/\/wienernachrichten.at\/?p=888"},"modified":"2023-02-28T17:50:51","modified_gmt":"2023-02-28T16:50:51","slug":"verkehr","status":"publish","type":"post","link":"https:\/\/wienernachrichten.at\/?p=888","title":{"rendered":"VERKEHR"},"content":{"rendered":"\n<h1>St. Margarethen: Fahrverbot auf Grenzstra\u00dfe<\/h1>\n\n\n\n<p><strong>Auf der \u00d6denburger Stra\u00dfe in St. Margarethen (Bezirk Eisenstadt-Umgebung) gilt seit Dienstag ein Fahrverbot f\u00fcr alle Kraftfahrzeuge. Davon ausgenommen ist nur der Ziel- und Quellverkehr der umliegenden Gemeinden. Betroffen sind vor allem Lenkerinnen und Lenker aus Ungarn.<\/strong>Online seit heute, 17.07 UhrTeilen<\/p>\n\n\n\n<p>Die \u00d6denburger Stra\u00dfe (L210) f\u00fchrt nach Ungarn. Schon im Dezember ist die Verkehrsbeschr\u00e4nkung f\u00fcr die L210 verordnet worden. Die entsprechenden Verkehrsschilder wurden am Dienstag enth\u00fcllt, damit ist das Fahrverbot offiziell in Kraft. Betroffen ist ein knapp f\u00fcnf Kilometer langer Abschnitt vom Ortsrand von St. Margarethen bis zur Grenze. Davon ausgenommen ist nur der Ziel- und Quellverkehr der Gemeinden St. Margarethen, Rust, M\u00f6rbisch, Oggau, Oslip und Sch\u00fctzen.<\/p>\n\n\n\n<h2>Verkehr soll reduziert werden<\/h2>\n\n\n\n<p>Der Durchzugsverkehr in Richtung Eisenstadt soll so um etwa zwei Drittel verringert werden. Tausende Autos fahren hier jeden Tag durch diese Gemeinden. \u201eWir haben nach L\u00f6sungen gesucht und hier wurde nat\u00fcrlich auch ein Verkehrsgutachten gemacht, es wurden Pr\u00fcfungen durchgef\u00fchrt und das Ziel war hier die Gemeinden zu entlasten. Und das Ziel ist eben diese Verkehrsbeschr\u00e4nkung, mit welcher auch eine Verkehrsverlagerung einhergehen sollte\u201c, so Verkehrslandesrat Heinrich Dorner (SP\u00d6).<\/p>\n\n\n\n<p>Wer also in Sopron wohnt und in M\u00f6rbisch arbeitet, darf auch weiterhin \u00fcber St. Margarethen fahren. Wer von Sopron nach Eisenstadt m\u00f6chte und umgekehrt, muss den Weg \u00fcber Klingenbach nehmen. Die Einhaltung des Fahrverbots soll k\u00fcnftig von der Polizei oder gegebenenfalls auch von Landespersonal kontrolliert werden.<\/p>\n\n\n\n<p>QELLE : red, burgenland.ORF.at<\/p>\n","protected":false},"excerpt":{"rendered":"<p>St. Margarethen: Fahrverbot auf Grenzstra\u00dfe Auf der \u00d6denburger Stra\u00dfe in St. Margarethen (Bezirk Eisenstadt-Umgebung) gilt seit Dienstag ein Fahrverbot f\u00fcr alle Kraftfahrzeuge. Davon ausgenommen ist nur der Ziel- und Quellverkehr der umliegenden Gemeinden. Betroffen sind vor allem Lenkerinnen und Lenker aus Ungarn.Online seit heute, 17.07 UhrTeilen Die \u00d6denburger Stra\u00dfe (L210)<span class=\"more-link\"><a href=\"https:\/\/wienernachrichten.at\/?p=888\">Continue Reading<\/a><\/span><\/p>\n","protected":false},"author":2,"featured_media":0,"comment_status":"open","ping_status":"open","sticky":false,"template":"","format":"standard","meta":[],"categories":[1],"tags":[],"_links":{"self":[{"href":"https:\/\/wienernachrichten.at\/index.php?rest_route=\/wp\/v2\/posts\/888"}],"collection":[{"href":"https:\/\/wienernachrichten.at\/index.php?rest_route=\/wp\/v2\/posts"}],"about":[{"href":"https:\/\/wienernachrichten.at\/index.php?rest_route=\/wp\/v2\/types\/post"}],"author":[{"embeddable":true,"href":"https:\/\/wienernachrichten.at\/index.php?rest_route=\/wp\/v2\/users\/2"}],"replies":[{"embeddable":true,"href":"https:\/\/wienernachrichten.at\/index.php?rest_route=%2Fwp%2Fv2%2Fcomments&post=888"}],"version-history":[{"count":1,"href":"https:\/\/wienernachrichten.at\/index.php?rest_route=\/wp\/v2\/posts\/888\/revisions"}],"predecessor-version":[{"id":889,"href":"https:\/\/wienernachrichten.at\/index.php?rest_route=\/wp\/v2\/posts\/888\/revisions\/889"}],"wp:attachment":[{"href":"https:\/\/wienernachrichten.at\/index.php?rest_route=%2Fwp%2Fv2%2Fmedia&parent=888"}],"wp:term":[{"taxonomy":"category","embeddable":true,"href":"https:\/\/wienernachrichten.at\/index.php?rest_route=%2Fwp%2Fv2%2Fcategories&post=888"},{"taxonomy":"post_tag","embeddable":true,"href":"https:\/\/wienernachrichten.at\/index.php?rest_route=%2Fwp%2Fv2%2Ftags&post=888"}],"curies":[{"name":"wp","href":"https:\/\/api.w.org\/{rel}","templated":true}]}}