{"id":886,"date":"2023-02-28T17:48:40","date_gmt":"2023-02-28T16:48:40","guid":{"rendered":"http:\/\/wienernachrichten.at\/?p=886"},"modified":"2023-02-28T17:48:40","modified_gmt":"2023-02-28T16:48:40","slug":"politik","status":"publish","type":"post","link":"https:\/\/wienernachrichten.at\/?p=886","title":{"rendered":"POLITIK"},"content":{"rendered":"\n<h1>Strompreise: Bahnunternehmer kritisiert Politik<\/h1>\n\n\n\n<p><strong>Wenn die Politik ihre Appelle zu Umwelt- und Klimaschutz ernst nimmt, dann sollte sie schleunigst den Strompreis vom Gaspreis entkoppeln und mit den Strompreisen gezielt herunterfahren. Das fordert der Salzburger Logistik- und Eisenbahn-Unternehmer Gunther Pitterka. Seine Firma ist in weiten Teilen Europas aktiv.<\/strong>3. Dezember 2022, 17.30 UhrTeilen<\/p>\n\n\n\n<p>81 Lokomotiven und mehr als 900 G\u00fcterwaggons schickt der Salzburger Unternehmer Pitterka t\u00e4glich auf die Schienennetze zwischen Skandinavien, Slowenien und Bulgarien, Ostpolen, Deutschland und Frankreich \u2013 vorwiegend bei Holz- und Container-Transporten.<\/p>\n\n\n\n<p>Der Gr\u00fcnder und Eigent\u00fcmer der Salzburger Eisenbahn Transport Gesellschaft (SETG) forciert seit Jahrzehnten die Verlagerung der G\u00fcter- und Schwertransporte \u2013 weg von den Stra\u00dfen und Autobahnen.<\/p>\n\n\n\n<h2>\u201eEU und Regierungen m\u00fcssten viel mehr tun\u201c<\/h2>\n\n\n\n<p>Energie-Konzerne sollten st\u00e4rker an die Leine genommen werden, verlangt Pitterka. Deren Verweise auf den Ukraine-Krieg als Begr\u00fcndung f\u00fcr die aktuelle Preisentwicklung sieht der Salzburger gro\u00dfteils als Ausreden \u2013 denen auch die Politik folge. Das m\u00fcsse ein Ende haben.<\/p>\n\n\n\n<p>Die EU und die Staatsregierungen t\u00e4ten viel zu wenig: \u201eUnsere Forderung ist ein Deckel auch f\u00fcr Industrie und Wirtschaft, die Festlegung eines Bereiches, in dem sich der Strompreis bewegen darf. Weil letztendlich ist dieses Merit-Order-Prinzip gescheitert, wo alles an den Gaspreis gekoppelt ist. In Deutschland gibt es viel mehr Gaskraftwerke als bei uns. Letztlich ist die Produktion von Strom aber nicht teurer geworden. Das System muss schleunigst vom Gas entkoppelt werden.\u201c<\/p>\n\n\n\n<h3>Fotostrecke mit 5 Bildern<\/h3>\n\n\n\n<figure class=\"wp-block-image\"><img src=\"https:\/\/oekastatic.orf.at\/mims\/2022\/49\/05\/crops\/w=1280,q=90\/1594929_bigpicture_584105_317361337_5849734885087824_8628526931998285687_n_1.jpg?s=b0e0ac05901f30327c21fe5f6b54b19f9085dc89\" alt=\"Wenn die Politik ihre Appelle zu Umwelt- und Klimaschutz ernst nimmt, dann sollte sie schleunigst den Strompreis vom Gaspreis entkoppeln und mit den Strompreisen gezielt herunterfahren. Das fordert Salzburger Logistik- und Eisenbahn-Unternehmer Gunther Pitterka. Seine Firma ist europaweit aktiv. Salzburger Eisenbahn Transport Gesellschaft SETG \"\/><figcaption>Container-G\u00fcterzug der SETG auf dem Streckenabschnitt zwischen der Hafenstadt Koper an der Adria und Ljubljana (Slowenien) \u2013 auf dem Weg nach Salzburg und zum Donauhafen Enns<\/figcaption><\/figure>\n\n\n\n<figure class=\"wp-block-image\"><img src=\"https:\/\/oekastatic.orf.at\/mims\/2022\/49\/03\/crops\/w=1280,q=90\/1594917_bigpicture_584103_unbenannt-2.jpg?s=a7cdb4d63544b6959fdf7e8828d76de4cf2cc952\" alt=\"Wenn die Politik ihre Appelle zu Umwelt- und Klimaschutz ernst nimmt, dann sollte sie schleunigst den Strompreis vom Gaspreis entkoppeln und mit den Strompreisen gezielt herunterfahren. Das fordert Salzburger Logistik- und Eisenbahn-Unternehmer Gunther Pitterka. Seine Firma ist europaweit aktiv. Salzburger Eisenbahn Transport Gesellschaft SETG \"\/><figcaption>SETG-G\u00fcterzug bei Hochfilzen<\/figcaption><\/figure>\n\n\n\n<figure class=\"wp-block-image\"><img src=\"\" alt=\"Wenn die Politik ihre Appelle zu Umwelt- und Klimaschutz ernst nimmt, dann sollte sie schleunigst den Strompreis vom Gaspreis entkoppeln und mit den Strompreisen gezielt herunterfahren. Das fordert Salzburger Logistik- und Eisenbahn-Unternehmer Gunther Pitterka. Seine Firma ist europaweit aktiv. Salzburger Eisenbahn Transport Gesellschaft SETG \"\/><\/figure>\n\n\n\n<figure class=\"wp-block-image\"><img src=\"\" alt=\"Wenn die Politik ihre Appelle zu Umwelt- und Klimaschutz ernst nimmt, dann sollte sie schleunigst den Strompreis vom Gaspreis entkoppeln und mit den Strompreisen gezielt herunterfahren. Das fordert Salzburger Logistik- und Eisenbahn-Unternehmer Gunther Pitterka. Seine Firma ist europaweit aktiv. Salzburger Eisenbahn Transport Gesellschaft SETG \"\/><figcaption>Holztransport in Niedersachsen (Deutschland)<\/figcaption><\/figure>\n\n\n\n<figure class=\"wp-block-image\"><img src=\"\" alt=\"Wenn die Politik ihre Appelle zu Umwelt- und Klimaschutz ernst nimmt, dann sollte sie schleunigst den Strompreis vom Gaspreis entkoppeln und mit den Strompreisen gezielt herunterfahren. Das fordert Salzburger Logistik- und Eisenbahn-Unternehmer Gunther Pitterka. Seine Firma ist europaweit aktiv. Salzburger Eisenbahn Transport Gesellschaft SETG \"\/><\/figure>\n\n\n\n<p>Bild&nbsp;1von&nbsp;5Weiter in der Fotostrecke<\/p>\n\n\n\n<h2>Verlagerung auf Schiene in Gefahr?<\/h2>\n\n\n\n<p>Umweltfreundliche Bahntransporte w\u00fcrden f\u00fcr die Industrien als Auftraggeber derzeit zwischen 30 und 70 Prozent teurer. Der Strompreis f\u00fcr Lokomotiven sei in den letzten Monaten bis auf das Zw\u00f6lffache gestiegen, so der Salzburger Eisenbahn-Unternehmer: \u201eWir empfinden diese Entwicklung genauso skandal\u00f6s wie private Haushalte. So sehen wir das auch.\u201c<\/p>\n\n\n\n<h2>Kritik an konkretem Zustand in Salzburg<\/h2>\n\n\n\n<p>Gunther Pitterka nennt als Beispiel f\u00fcr aktuelle Widerspr\u00fcche die Region Salzburg. Hier geh\u00f6re der nun bestens verdienende Hauptversorger als Aktiengesellschaft zu allergr\u00f6\u00dften Teilen sogar dem Land und der Stadt selbst \u2013 \u00fcber deren Politik also letztlich allen B\u00fcrgern. Man habe zudem die heimische Wasserkraft \u00fcber Jahrzehnte ausgebaut \u2013 mit der Begr\u00fcndung, unabh\u00e4ngiger sein zu wollen.<\/p>\n\n\n\n<p>Und dennoch werde hier nun viel zu wenig f\u00fcr die Entlastung der regionalen Bev\u00f6lkerung und Wirtschaft getan, kritisiert der private und europaweit t\u00e4tige Salzburger Eisenbahn-Unternehmer.<\/p>\n\n\n\n<p>Gerald Lehner &#8211; salzburg.ORF.at<\/p>\n\n\n\n<h2>Link:<\/h2>\n\n\n\n<ul><li><a href=\"https:\/\/www.setg.at\/startseite.html\">Salzburger Eisenbahn Transport Gesellschaft (SETG)<\/a><\/li><\/ul>\n\n\n\n<p>QELLE : ORF.AT\/SALZBURG  <\/p>\n","protected":false},"excerpt":{"rendered":"<p>Strompreise: Bahnunternehmer kritisiert Politik Wenn die Politik ihre Appelle zu Umwelt- und Klimaschutz ernst nimmt, dann sollte sie schleunigst den Strompreis vom Gaspreis entkoppeln und mit den Strompreisen gezielt herunterfahren. Das fordert der Salzburger Logistik- und Eisenbahn-Unternehmer Gunther Pitterka. Seine Firma ist in weiten Teilen Europas aktiv.3. Dezember 2022, 17.30<span class=\"more-link\"><a href=\"https:\/\/wienernachrichten.at\/?p=886\">Continue Reading<\/a><\/span><\/p>\n","protected":false},"author":2,"featured_media":0,"comment_status":"open","ping_status":"open","sticky":false,"template":"","format":"standard","meta":[],"categories":[1],"tags":[],"_links":{"self":[{"href":"https:\/\/wienernachrichten.at\/index.php?rest_route=\/wp\/v2\/posts\/886"}],"collection":[{"href":"https:\/\/wienernachrichten.at\/index.php?rest_route=\/wp\/v2\/posts"}],"about":[{"href":"https:\/\/wienernachrichten.at\/index.php?rest_route=\/wp\/v2\/types\/post"}],"author":[{"embeddable":true,"href":"https:\/\/wienernachrichten.at\/index.php?rest_route=\/wp\/v2\/users\/2"}],"replies":[{"embeddable":true,"href":"https:\/\/wienernachrichten.at\/index.php?rest_route=%2Fwp%2Fv2%2Fcomments&post=886"}],"version-history":[{"count":1,"href":"https:\/\/wienernachrichten.at\/index.php?rest_route=\/wp\/v2\/posts\/886\/revisions"}],"predecessor-version":[{"id":887,"href":"https:\/\/wienernachrichten.at\/index.php?rest_route=\/wp\/v2\/posts\/886\/revisions\/887"}],"wp:attachment":[{"href":"https:\/\/wienernachrichten.at\/index.php?rest_route=%2Fwp%2Fv2%2Fmedia&parent=886"}],"wp:term":[{"taxonomy":"category","embeddable":true,"href":"https:\/\/wienernachrichten.at\/index.php?rest_route=%2Fwp%2Fv2%2Fcategories&post=886"},{"taxonomy":"post_tag","embeddable":true,"href":"https:\/\/wienernachrichten.at\/index.php?rest_route=%2Fwp%2Fv2%2Ftags&post=886"}],"curies":[{"name":"wp","href":"https:\/\/api.w.org\/{rel}","templated":true}]}}