{"id":884,"date":"2023-02-28T17:46:45","date_gmt":"2023-02-28T16:46:45","guid":{"rendered":"http:\/\/wienernachrichten.at\/?p=884"},"modified":"2023-02-28T17:46:45","modified_gmt":"2023-02-28T16:46:45","slug":"energie","status":"publish","type":"post","link":"https:\/\/wienernachrichten.at\/?p=884","title":{"rendered":"ENERGIE"},"content":{"rendered":"\n<h1>Salzburg AG erh\u00f6ht Gaspreise vorerst nicht<\/h1>\n\n\n\n<p><strong>Die Salzburg AG hat angek\u00fcndigt, den Gaspreis f\u00fcr 30.000 Kunden vorerst nicht zu erh\u00f6hen. Ob das mit dem f\u00fcr Energieversorger und deren Preise ung\u00fcnstigen Urteil des Handelsgerichts Wien und den wiederum ung\u00fcnstigen politischen Auswirkungen zusammenh\u00e4ngt, ist unklar.<\/strong>Online seit gestern, 12.29 UhrTeilen<\/p>\n\n\n\n<p>Beim Gas werde man die rund f\u00fcnf Cent pro Kilowattstunde vorerst nicht erh\u00f6hen, um einen Beitrag gegen die Teuerung zu leisten, hei\u00dft es von der Salzburg AG. Eigentlich k\u00f6nnte man laut Allgemeinen Gesch\u00e4ftsbedingungen den Erdgaspreis ab April um 191 Prozent anheben. Aber man wolle dies aussetzen, weil die Bev\u00f6lkerung mit den Teuerungen sehr gefordert sei, zeigt man sich pl\u00f6tzlich gro\u00dfz\u00fcgig.<\/p>\n\n\n\n<h2>Preiserh\u00f6hung doch nicht verpflichtend?<\/h2>\n\n\n\n<p>In Zukunft werde man sogar auf die jeweilige Indexentwicklung, sprich Preissteigerung, ganz oder teilweise verzichten k\u00f6nnen. Und man werde \u2013 wenn man erh\u00f6he. K\u00fcnftig werde man bis zu zwei Mal pro Jahr die Preise anpassen und so auf die jeweils aktuelle Marktentwicklung reagieren k\u00f6nnen. In den letzten Monaten hingegen wurde noch stets erkl\u00e4rt, man sei verpflichtet, alle Preissteigerungen am Energiesektor an die Kunden weiterzugeben.<\/p>\n\n\n\n<p>Jedenfalls habe man in Salzburg immer noch einen der g\u00fcnstigsten Erdgaspreise \u00f6sterreichweit und eben derartige Unterst\u00fctzungsma\u00dfnahmen, sagt Michael Baminger, der neue Vorstand der Salzburg AG. Im Herbst werde man die Gaspreissituation neu bewerten.<\/p>\n\n\n\n<p>QELLE : red, salzburg.ORF.at<\/p>\n","protected":false},"excerpt":{"rendered":"<p>Salzburg AG erh\u00f6ht Gaspreise vorerst nicht Die Salzburg AG hat angek\u00fcndigt, den Gaspreis f\u00fcr 30.000 Kunden vorerst nicht zu erh\u00f6hen. Ob das mit dem f\u00fcr Energieversorger und deren Preise ung\u00fcnstigen Urteil des Handelsgerichts Wien und den wiederum ung\u00fcnstigen politischen Auswirkungen zusammenh\u00e4ngt, ist unklar.Online seit gestern, 12.29 UhrTeilen Beim Gas werde<span class=\"more-link\"><a href=\"https:\/\/wienernachrichten.at\/?p=884\">Continue Reading<\/a><\/span><\/p>\n","protected":false},"author":2,"featured_media":0,"comment_status":"open","ping_status":"open","sticky":false,"template":"","format":"standard","meta":[],"categories":[1],"tags":[],"_links":{"self":[{"href":"https:\/\/wienernachrichten.at\/index.php?rest_route=\/wp\/v2\/posts\/884"}],"collection":[{"href":"https:\/\/wienernachrichten.at\/index.php?rest_route=\/wp\/v2\/posts"}],"about":[{"href":"https:\/\/wienernachrichten.at\/index.php?rest_route=\/wp\/v2\/types\/post"}],"author":[{"embeddable":true,"href":"https:\/\/wienernachrichten.at\/index.php?rest_route=\/wp\/v2\/users\/2"}],"replies":[{"embeddable":true,"href":"https:\/\/wienernachrichten.at\/index.php?rest_route=%2Fwp%2Fv2%2Fcomments&post=884"}],"version-history":[{"count":1,"href":"https:\/\/wienernachrichten.at\/index.php?rest_route=\/wp\/v2\/posts\/884\/revisions"}],"predecessor-version":[{"id":885,"href":"https:\/\/wienernachrichten.at\/index.php?rest_route=\/wp\/v2\/posts\/884\/revisions\/885"}],"wp:attachment":[{"href":"https:\/\/wienernachrichten.at\/index.php?rest_route=%2Fwp%2Fv2%2Fmedia&parent=884"}],"wp:term":[{"taxonomy":"category","embeddable":true,"href":"https:\/\/wienernachrichten.at\/index.php?rest_route=%2Fwp%2Fv2%2Fcategories&post=884"},{"taxonomy":"post_tag","embeddable":true,"href":"https:\/\/wienernachrichten.at\/index.php?rest_route=%2Fwp%2Fv2%2Ftags&post=884"}],"curies":[{"name":"wp","href":"https:\/\/api.w.org\/{rel}","templated":true}]}}