{"id":880,"date":"2023-02-28T17:41:46","date_gmt":"2023-02-28T16:41:46","guid":{"rendered":"http:\/\/wienernachrichten.at\/?p=880"},"modified":"2023-02-28T17:41:46","modified_gmt":"2023-02-28T16:41:46","slug":"kultur","status":"publish","type":"post","link":"https:\/\/wienernachrichten.at\/?p=880","title":{"rendered":"KULTUR"},"content":{"rendered":"\n<h1>Festspiel-Direktorium: Pr\u00e4sidentin verliert Kompetenzen<\/h1>\n\n\n\n<p><strong>Das Kuratorium der Salzburger Festspiele hat Dienstagnachmittag eine Neuverteilung der Kompetenzen im Direktorium beschlossen. K\u00fcnftig ist nicht mehr Pr\u00e4sidentin Kristina Hammer f\u00fcr die Presse- und Medienarbeit verantwortlich, sondern Intendant Markus Hinterh\u00e4user.<\/strong>Online seit heute, 17.22 UhrTeilen<\/p>\n\n\n\n<p>Die \u00c4nderung sei Teil einer \u201eEvaluierung\u201c, die vor einem Jahr vereinbart worden sei, betonte das Kuratorium am Nachmittag per Aussendung: \u201eDas Ergebnis ist, dass die Zust\u00e4ndigkeit f\u00fcr die Pressearbeit in Zukunft wieder \u2013 wie auch zwischen 1992 und 2016 \u2013 beim Intendanten liegt. Dar\u00fcber hinaus gab es Anpassungen bei jenen auf die ehemalige Pr\u00e4sidentin Helga Rabl-Stadler zugeschnittenen Regelungen. Hiermit geht eine St\u00e4rkung der Kernkompetenzen von Pr\u00e4sidentin Kristina Hammer \u2013 Repr\u00e4sentation, Fundraising sowie Vertrieb, Marketing und PR \u2013 einher.\u201c Hinterh\u00e4user ist ja als Intendant f\u00fcr die k\u00fcnstlerischen Belange des Festivals verantwortlich.<\/p>\n\n\n\n<figure class=\"wp-block-image\"><img src=\"https:\/\/oekastatic.orf.at\/mims\/2023\/09\/03\/crops\/w=1280,q=90\/1696955_bigpicture_626803_crepaz-hammer-hinterhaeuser-c-sf-peter-rigaud-02.jpg?s=4b3db7b9385bffe435cf38086096052491d369b8\" alt=\"Das Salzburger Festspiel Direktorium: Der Kaufm\u00e4nnische Leiter Lukas Crepaz, Festspielpr\u00e4sidentin Kristina Hammer und Intendant Markus Hinterh\u00e4user (v.l.n.r.)\"\/><figcaption>Lukas Crepaz, Kristina Hammer und Markus Hinterh\u00e4user (v.l.n.r.)<\/figcaption><\/figure>\n\n\n\n<h2>Crepaz verantwortet Gro\u00dfprojekt<\/h2>\n\n\n\n<p>Die Zust\u00e4ndigkeiten von Lukas Crepaz als kaufm\u00e4nnischem Leiter der Festspiele \u00e4ndern sich nicht. Er hat derzeit auch mit dem Gro\u00dfprojekt \u201eFestspielbezirk 2030\u201c zu tun: Dabei sollen ja Werkst\u00e4tten und andere R\u00e4umlichkeiten f\u00fcr die Festspiele im M\u00f6nchsberg hinter dem derzeitigen Gro\u00dfen Festspielhaus entstehen. Hier sei man gerade in der \u201eZielplanungsphase\u201c, hie\u00df am Dienstag im Kuratorium. Im Herbst seien daf\u00fcr auch Probebohrungen in dem Stadtberg angesetzt. F\u00fcr die Erweiterung der Festspielh\u00e4user im Berg soll es ja auch einen eigenen Zufahrtstunnel geben.<\/p>\n\n\n\n<p>Das Interesse des Publikums am heurigen Sommerfestival sei jedenfalls gro\u00df, berichtete Pr\u00e4sidentin Hammer: Die Kartenbestellungen w\u00fcrden derzeit um 15 Prozent \u00fcber dem Vorjahr liegen: \u201eZuw\u00e4chse gab es bei allen Kundengruppen, insbesondere ein deutliches Plus bei Neukunden, internationalen und Stammkunden.\u201c Damit sei das Festival auch \u00fcber dem \u201eVor-Pandemie-Niveau\u201c.<\/p>\n\n\n\n<p>red, salzburg.ORF.at<\/p>\n","protected":false},"excerpt":{"rendered":"<p>Festspiel-Direktorium: Pr\u00e4sidentin verliert Kompetenzen Das Kuratorium der Salzburger Festspiele hat Dienstagnachmittag eine Neuverteilung der Kompetenzen im Direktorium beschlossen. K\u00fcnftig ist nicht mehr Pr\u00e4sidentin Kristina Hammer f\u00fcr die Presse- und Medienarbeit verantwortlich, sondern Intendant Markus Hinterh\u00e4user.Online seit heute, 17.22 UhrTeilen Die \u00c4nderung sei Teil einer \u201eEvaluierung\u201c, die vor einem Jahr vereinbart<span class=\"more-link\"><a href=\"https:\/\/wienernachrichten.at\/?p=880\">Continue Reading<\/a><\/span><\/p>\n","protected":false},"author":2,"featured_media":0,"comment_status":"open","ping_status":"open","sticky":false,"template":"","format":"standard","meta":[],"categories":[1],"tags":[],"_links":{"self":[{"href":"https:\/\/wienernachrichten.at\/index.php?rest_route=\/wp\/v2\/posts\/880"}],"collection":[{"href":"https:\/\/wienernachrichten.at\/index.php?rest_route=\/wp\/v2\/posts"}],"about":[{"href":"https:\/\/wienernachrichten.at\/index.php?rest_route=\/wp\/v2\/types\/post"}],"author":[{"embeddable":true,"href":"https:\/\/wienernachrichten.at\/index.php?rest_route=\/wp\/v2\/users\/2"}],"replies":[{"embeddable":true,"href":"https:\/\/wienernachrichten.at\/index.php?rest_route=%2Fwp%2Fv2%2Fcomments&post=880"}],"version-history":[{"count":1,"href":"https:\/\/wienernachrichten.at\/index.php?rest_route=\/wp\/v2\/posts\/880\/revisions"}],"predecessor-version":[{"id":881,"href":"https:\/\/wienernachrichten.at\/index.php?rest_route=\/wp\/v2\/posts\/880\/revisions\/881"}],"wp:attachment":[{"href":"https:\/\/wienernachrichten.at\/index.php?rest_route=%2Fwp%2Fv2%2Fmedia&parent=880"}],"wp:term":[{"taxonomy":"category","embeddable":true,"href":"https:\/\/wienernachrichten.at\/index.php?rest_route=%2Fwp%2Fv2%2Fcategories&post=880"},{"taxonomy":"post_tag","embeddable":true,"href":"https:\/\/wienernachrichten.at\/index.php?rest_route=%2Fwp%2Fv2%2Ftags&post=880"}],"curies":[{"name":"wp","href":"https:\/\/api.w.org\/{rel}","templated":true}]}}