{"id":876,"date":"2023-02-24T18:39:20","date_gmt":"2023-02-24T17:39:20","guid":{"rendered":"http:\/\/wienernachrichten.at\/?p=876"},"modified":"2023-02-24T18:39:20","modified_gmt":"2023-02-24T17:39:20","slug":"ueber-uns","status":"publish","type":"post","link":"https:\/\/wienernachrichten.at\/?p=876","title":{"rendered":"\u00dcBER UNS"},"content":{"rendered":"\n<p>Wissenswertes \u00fcber die GRAWE<\/p>\n\n\n\n<p>Informieren Sie sich \u00fcber unseren Werdegang von\u00a0einer urspr\u00fcnglichen Feuerversicherung zu einem vielseitigen, internationalen Konzern. Hier\u00a0finden Sie alle Infos \u00fcber die Grazer Wechselseitige Versicherung AG und \u00fcber die GRAWE Group.<\/p>\n\n\n\n<p>VON 1828 BIS HEUTE<\/p>\n\n\n\n<h1>Markengeschichte der GRAWE<\/h1>\n\n\n\n<p>Die Grazer Wechselseitige Versicherung AG hat sich seit ihrer Gr\u00fcndung durch Erzherzog Johann von \u00d6sterreich im Jahr 1828 von der urspr\u00fcnglichen Feuerversicherung zu einem internationalen Konzern in Zentral-, Ost-&nbsp;und S\u00fcdosteuropa entwickelt, der Versicherungen, Immobilien und Finanzdienstleistungen unter einem Dach vereint.&nbsp;Gleichzeitig hat&nbsp;sich auch&nbsp;die&nbsp;Marke &#8222;GRAWE&#8220; im Laufe der Jahre weiterentwickelt und ver\u00e4ndert.<\/p>\n\n\n\n<p>Begeben Sie sich hier auf eine Reise durch die spannende Markengeschichte der Grazer Wechselseitigen Versicherung&#8230;<\/p>\n\n\n\n<h1>GRAWE \u00d6STERREICH<\/h1>\n\n\n\n<p>Die Grazer Wechselseitige Versicherung AG in \u00d6sterreich<\/p>\n\n\n\n<p>Die Grazer Wechselseitige Versicherung AG hat sich seit ihrer Gr\u00fcndung durch Erzherzog Johann von \u00d6sterreich im Jahr 1828 von der urspr\u00fcnglichen Feuerversicherung zu einem internationalen Konzern in Zentral-, Ost-&nbsp;und S\u00fcdosteuropa entwickelt, der Versicherungen, Immobilien und Finanzdienstleistungen unter einem Dach vereint.<\/p>\n\n\n\n<p>Als \u00f6sterreichischer Versicherungskonzern mit 18 zentral-, ost- und s\u00fcdosteurop\u00e4ischen Versicherungst\u00f6chtern sind wir uns unserer&nbsp;Verantwortung bewusst, stehen mit \u00fcber 190-j\u00e4hriger Tradition f\u00fcr Verl\u00e4sslichkeit und Stabilit\u00e4t, f\u00fcr Sicherheit, Unabh\u00e4ngigkeit und ehrliches Bem\u00fchen um unsere Kunden, ausgedr\u00fcckt in unserem Leitspruch: \u201eGrazer Wechselseitige \u2013 Die Versicherung auf&nbsp;<em><strong>Ihrer<\/strong><\/em>&nbsp;Seite.\u201c.<\/p>\n\n\n\n<p>Unser\u00a0<a href=\"https:\/\/www.grawe.at\/versicherungsvergleich\/\">Dienstleistungsangebot\u00a0<\/a>wird st\u00e4ndig verbessert und weiterentwickelt. Dies erm\u00f6glicht uns, mit der Zeit und den strukturellen Ver\u00e4nderungen Schritt zu halten \u2013 oft sogar einen entscheidenden Schritt voraus zu sein! Genau das kennzeichnet unser Unternehmen: Verbundenheit mit der Tradition, offen sein f\u00fcr Innovation.<\/p>\n\n\n\n<h1>GRAWE GROUP<\/h1>\n\n\n\n<p>Der GRAWE Konzern \u2013 gewachsene St\u00e4rke<\/p>\n\n\n\n<p>Die GRAWE Group ist ein unabh\u00e4ngiger \u00f6sterreichischer Konzern mit Tochtergesellschaften in Zentral-, Ost- und S\u00fcdosteuropa. Au\u00dferdem ist die GRAWE Group auch im Rahmen der Dienstleistungsfreiheit in anderen EU-L\u00e4ndern und in der R\u00fcckversicherung t\u00e4tig. Versicherungen, Finanzdienstleistungen und Immobilien stellen die Kernkompetenzen der GRAWE Group dar.<\/p>\n\n\n\n<h2>Versicherungen<\/h2>\n\n\n\n<figure class=\"wp-block-image\"><a href=\"https:\/\/www.grawe.at\/\"><img src=\"https:\/\/d1jfm0hqir9glx.cloudfront.net\/fileadmin\/_processed_\/b\/0\/csm_OEsterreich_344b9fe90a.jpg\" alt=\"\"\/><\/a><\/figure>\n\n\n\n<p>1828\u00d6sterreich<\/p>\n\n\n\n<figure class=\"wp-block-image\"><a href=\"https:\/\/www.grawe.at\/\"><img src=\"https:\/\/d1jfm0hqir9glx.cloudfront.net\/fileadmin\/_processed_\/5\/e\/csm_Logo_OEsterreich_6577e104fa.jpg\" alt=\"\"\/><\/a><\/figure>\n\n\n\n<figure class=\"wp-block-image\"><a href=\"http:\/\/www.grawere.com.cy\/\" target=\"_blank\" rel=\"noreferrer noopener\"><img src=\"https:\/\/d1jfm0hqir9glx.cloudfront.net\/fileadmin\/_processed_\/e\/c\/csm_Zypern_shutterstock_671636074_87e762e7cb.jpg\" alt=\"\"\/><\/a><\/figure>\n\n\n\n<p>1999Zypern<\/p>\n\n\n\n<figure class=\"wp-block-image\"><a href=\"http:\/\/www.grawere.com.cy\/\" target=\"_blank\" rel=\"noreferrer noopener\"><img src=\"https:\/\/d1jfm0hqir9glx.cloudfront.net\/fileadmin\/_processed_\/3\/c\/csm_Logo_GRAWE_Reinsurance_0979e33470.jpg\" alt=\"\"\/><\/a><\/figure>\n\n\n\n<figure class=\"wp-block-image\"><a href=\"http:\/\/www.grawe.si\/si\/index.htm\" target=\"_blank\" rel=\"noreferrer noopener\"><img src=\"https:\/\/d1jfm0hqir9glx.cloudfront.net\/fileadmin\/_processed_\/4\/6\/csm_Slowenien_845a9ce1bc.jpg\" alt=\"\"\/><\/a><\/figure>\n\n\n\n<p>1991Slowenien<\/p>\n\n\n\n<figure class=\"wp-block-image\"><a href=\"http:\/\/www.grawe.si\/si\/index.htm\" target=\"_blank\" rel=\"noreferrer noopener\"><img src=\"https:\/\/d1jfm0hqir9glx.cloudfront.net\/fileadmin\/_processed_\/9\/3\/csm_Logo_Slowenien_f196e52733.jpg\" alt=\"\"\/><\/a><\/figure>\n\n\n\n<figure class=\"wp-block-image\"><a href=\"http:\/\/www.grawe.bg\/bg\/index.htm\" target=\"_blank\" rel=\"noreferrer noopener\"><img src=\"https:\/\/d1jfm0hqir9glx.cloudfront.net\/fileadmin\/_processed_\/a\/0\/csm_Bulgarien_b49ee5f051.jpg\" alt=\"\"\/><\/a><\/figure>\n\n\n\n<p>2000Bulgarien<\/p>\n\n\n\n<figure class=\"wp-block-image\"><a href=\"http:\/\/www.grawe.bg\/bg\/index.htm\" target=\"_blank\" rel=\"noreferrer noopener\"><img src=\"https:\/\/d1jfm0hqir9glx.cloudfront.net\/fileadmin\/_processed_\/1\/b\/csm_Logo_Bulgarien_0da8eac655.jpg\" alt=\"\"\/><\/a><\/figure>\n\n\n\n<figure class=\"wp-block-image\"><a href=\"http:\/\/www.grawe.hr\/hr\/index.htm\" target=\"_blank\" rel=\"noreferrer noopener\"><img src=\"https:\/\/d1jfm0hqir9glx.cloudfront.net\/fileadmin\/_processed_\/c\/e\/csm_Kroatien_14c5140587.jpg\" alt=\"\"\/><\/a><\/figure>\n\n\n\n<p>1993Kroatien<\/p>\n\n\n\n<figure class=\"wp-block-image\"><a href=\"http:\/\/www.grawe.hr\/hr\/index.htm\" target=\"_blank\" rel=\"noreferrer noopener\"><img src=\"https:\/\/d1jfm0hqir9glx.cloudfront.net\/fileadmin\/_processed_\/9\/5\/csm_Logo_Kroatien_00f3761d32.jpg\" alt=\"\"\/><\/a><\/figure>\n\n\n\n<figure class=\"wp-block-image\"><a href=\"https:\/\/www.grawe.ro\/\" target=\"_blank\" rel=\"noreferrer noopener\"><img src=\"https:\/\/d1jfm0hqir9glx.cloudfront.net\/fileadmin\/_processed_\/9\/8\/csm_Rumaenien_52243cef72.jpg\" alt=\"\"\/><\/a><\/figure>\n\n\n\n<p>2000Rum\u00e4nien<\/p>\n\n\n\n<figure class=\"wp-block-image\"><a href=\"https:\/\/www.grawe.ro\/\" target=\"_blank\" rel=\"noreferrer noopener\"><img src=\"https:\/\/d1jfm0hqir9glx.cloudfront.net\/fileadmin\/_processed_\/a\/a\/csm_Logo_Rumaenien_a3fd469b9a.jpg\" alt=\"\"\/><\/a><\/figure>\n\n\n\n<figure class=\"wp-block-image\"><a href=\"http:\/\/www.grawe.hu\/hu\/index.htm\" target=\"_blank\" rel=\"noreferrer noopener\"><img src=\"https:\/\/d1jfm0hqir9glx.cloudfront.net\/fileadmin\/_processed_\/e\/a\/csm_Ungarn_3098972d70.jpg\" alt=\"\"\/><\/a><\/figure>\n\n\n\n<p>1997Ungarn<\/p>\n\n\n\n<figure class=\"wp-block-image\"><a href=\"http:\/\/www.grawe.hu\/hu\/index.htm\" target=\"_blank\" rel=\"noreferrer noopener\"><img src=\"https:\/\/d1jfm0hqir9glx.cloudfront.net\/fileadmin\/_processed_\/1\/1\/csm_Logo_Ungarn_945d4dfabd.jpg\" alt=\"\"\/><\/a><\/figure>\n\n\n\n<figure class=\"wp-block-image\"><a href=\"http:\/\/www.grawe.rs.ba\/rs\/index.htm\" target=\"_blank\" rel=\"noreferrer noopener\"><img src=\"https:\/\/d1jfm0hqir9glx.cloudfront.net\/fileadmin\/_processed_\/5\/6\/csm_Bosnien_c8fce94fc0.jpg\" alt=\"\"\/><\/a><\/figure>\n\n\n\n<p>2001Bosnien (Banja Luka)<\/p>\n\n\n\n<figure class=\"wp-block-image\"><a href=\"http:\/\/www.grawe.rs.ba\/rs\/index.htm\" target=\"_blank\" rel=\"noreferrer noopener\"><img src=\"https:\/\/d1jfm0hqir9glx.cloudfront.net\/fileadmin\/_processed_\/5\/a\/csm_Logo_Banja_Luka_8bd0778d22.jpg\" alt=\"\"\/><\/a><\/figure>\n\n\n\n<figure class=\"wp-block-image\"><a href=\"https:\/\/www.grawe.rs\/\" target=\"_blank\" rel=\"noreferrer noopener\"><img src=\"https:\/\/d1jfm0hqir9glx.cloudfront.net\/fileadmin\/_processed_\/f\/8\/csm_Serbien_238b97f7fb.jpg\" alt=\"\"\/><\/a><\/figure>\n\n\n\n<p>1997Serbien<\/p>\n\n\n\n<figure class=\"wp-block-image\"><a href=\"https:\/\/www.grawe.rs\/\" target=\"_blank\" rel=\"noreferrer noopener\"><img src=\"https:\/\/d1jfm0hqir9glx.cloudfront.net\/fileadmin\/_processed_\/9\/a\/csm_Logo_Beograd_1366e853b5.jpg\" alt=\"\"\/><\/a><\/figure>\n\n\n\n<figure class=\"wp-block-image\"><a href=\"http:\/\/www.grawe.md\/ro\/index.htm\" target=\"_blank\" rel=\"noreferrer noopener\"><img src=\"https:\/\/d1jfm0hqir9glx.cloudfront.net\/fileadmin\/_processed_\/a\/b\/csm_Moldawien_35f5111bf8.jpg\" alt=\"\"\/><\/a><\/figure>\n\n\n\n<p>2004Moldawien<\/p>\n\n\n\n<figure class=\"wp-block-image\"><a href=\"http:\/\/www.grawe.md\/ro\/index.htm\" target=\"_blank\" rel=\"noreferrer noopener\"><img src=\"https:\/\/d1jfm0hqir9glx.cloudfront.net\/fileadmin\/_processed_\/6\/4\/csm_Logo_Carat_Moldawien_13c302604d.jpg\" alt=\"\"\/><\/a><\/figure>\n\n\n\n<figure class=\"wp-block-image\"><a href=\"https:\/\/www.grawe.ba\/\" target=\"_blank\" rel=\"noreferrer noopener\"><img src=\"https:\/\/d1jfm0hqir9glx.cloudfront.net\/fileadmin\/_processed_\/5\/6\/csm_Bosnien_c8fce94fc0.jpg\" alt=\"\"\/><\/a><\/figure>\n\n\n\n<p>1998Bosnien<\/p>\n\n\n\n<figure class=\"wp-block-image\"><a href=\"https:\/\/www.grawe.ba\/\" target=\"_blank\" rel=\"noreferrer noopener\"><img src=\"https:\/\/d1jfm0hqir9glx.cloudfront.net\/fileadmin\/_processed_\/1\/1\/csm_Logo_Sarajevo_0024f92ded.jpg\" alt=\"\"\/><\/a><\/figure>\n\n\n\n<figure class=\"wp-block-image\"><a href=\"http:\/\/www.grawe.me\/me\/index.htm\" target=\"_blank\" rel=\"noreferrer noopener\"><img src=\"https:\/\/d1jfm0hqir9glx.cloudfront.net\/fileadmin\/_processed_\/9\/5\/csm_Montenegrp_e0aa198d58.jpg\" alt=\"\"\/><\/a><\/figure>\n\n\n\n<p>2004Montenegro<\/p>\n\n\n\n<figure class=\"wp-block-image\"><a href=\"http:\/\/www.grawe.me\/me\/index.htm\" target=\"_blank\" rel=\"noreferrer noopener\"><img src=\"https:\/\/d1jfm0hqir9glx.cloudfront.net\/fileadmin\/_processed_\/b\/c\/csm_Logo_Podgorica_f4ece502b0.jpg\" alt=\"\"\/><\/a><\/figure>\n\n\n\n<figure class=\"wp-block-image\"><a href=\"http:\/\/www.grawe.ua\/ua\/index.htm\" target=\"_blank\" rel=\"noreferrer noopener\"><img src=\"https:\/\/d1jfm0hqir9glx.cloudfront.net\/fileadmin\/_processed_\/f\/9\/csm_Ukraine_9194cabafb.jpg\" alt=\"\"\/><\/a><\/figure>\n\n\n\n<p>1998Ukraine<\/p>\n\n\n\n<figure class=\"wp-block-image\"><a href=\"http:\/\/www.grawe.ua\/ua\/index.htm\" target=\"_blank\" rel=\"noreferrer noopener\"><img src=\"https:\/\/d1jfm0hqir9glx.cloudfront.net\/fileadmin\/_processed_\/f\/e\/csm_Logo_Ukraine_f14dcd6fbd.jpg\" alt=\"\"\/><\/a><\/figure>\n\n\n\n<figure class=\"wp-block-image\"><a href=\"http:\/\/www.graweskopje.com.mk\/mk\/index.htm\" target=\"_blank\" rel=\"noreferrer noopener\"><img src=\"https:\/\/d1jfm0hqir9glx.cloudfront.net\/fileadmin\/_processed_\/2\/5\/csm_Mazedonien_496e9bfa64.jpg\" alt=\"\"\/><\/a><\/figure>\n\n\n\n<p>2007Nordmazedonien<\/p>\n\n\n\n<figure class=\"wp-block-image\"><a href=\"http:\/\/www.graweskopje.com.mk\/mk\/index.htm\" target=\"_blank\" rel=\"noreferrer noopener\"><img src=\"https:\/\/d1jfm0hqir9glx.cloudfront.net\/fileadmin\/_processed_\/e\/e\/csm_Logo_Mazedonien_07d57edef4.jpg\" alt=\"\"\/><\/a><\/figure>\n\n\n\n<h1>GRAWE KARRIERE<\/h1>\n\n\n\n<p>Sch\u00f6n, dass Sie hier sind.<\/p>\n\n\n\n<p>Gemeinsam mit Ihnen wollen wir Kunden mit innovativen L\u00f6sungen \u00fcberzeugen und bestm\u00f6glichen Service bieten \u2013 nebenbei&nbsp;schaffen wir Karrierem\u00f6glichkeiten, die Ihren pers\u00f6nlichen Leistungen und F\u00e4higkeiten entsprechen.<\/p>\n\n\n\n<p>Bei uns finden Sie Jobs mit Mehrwert: Vielf\u00e4ltige Aufgaben, berufliche Entwicklungsm\u00f6glichkeiten und starker Zusammenhalt in einem famili\u00e4ren Umfeld sind die Markenzeichen unserer Arbeitspl\u00e4tze.<\/p>\n\n\n\n<p><strong>5 gute Gr\u00fcnde f\u00fcr eine Bewerbung bei der GRAWE.<\/strong><\/p>\n\n\n\n<ol><li><strong>Ein sicherer Job:<\/strong>\u00a0Die GRAWE blickt auf fast 200 Jahre Bestehen zur\u00fcck &#8211; und die Versicherungsbranche boomt. Das garantiert Ihnen einen krisenfesten und sicheren Job.<\/li><li><strong>Work-Life-Balance:<\/strong>\u00a0Gleitzeitmodelle, Zeitausgleich und M\u00f6glichkeiten f\u00fcr Teilzeitarbeit lassen Ihrem Privatleben gen\u00fcgend Raum.<\/li><li><strong>Kurze Arbeitswege:<\/strong>\u00a0Mit\u00a0\u00fcber 100 Kundencentern in ganz \u00d6sterreich ist sichergestellt, dass Ihr Arbeitsplatz ganz in Ihrer N\u00e4he ist.<\/li><li><strong>Eigenst\u00e4ndiges Arbeiten:<\/strong>\u00a0GRAWE-F\u00fchrungskr\u00e4fte vertrauen ihren Mitarbeitern und schaffen Freir\u00e4ume, in denen sie vereinbarte Ziele selbstst\u00e4ndig erreichen k\u00f6nnen.<\/li><li><strong>Newcomer gern gesehen:<\/strong>\u00a0Branchen-Neulinge erhalten von uns eine Top-Ausbildung (z.B. zum\/zur gepr\u00fcften Versicherungsfachmann\/-frau) und werden umfassend beim internen\u00a0Aufstieg gef\u00f6rdert.<\/li><\/ol>\n\n\n\n<p>Jeder ist willkommen.<\/p>\n\n\n\n<p>Ob Quereinsteiger oder Fachkraft mit langj\u00e4hriger Erfahrung: Bei uns ist jeder willkommen, der seine Karriere eigenverantwortlich gestalten und gemeinsam dauerhafte Beziehungen zu unseren Kunden aufbauen will.<\/p>\n\n\n\n<p>Alle neuen Mitarbeiter absolvieren ein qualitativ hochwertiges,&nbsp;mehrmonatiges Ausbildungsprogramm, das Sie optimal auf Ihre T\u00e4tigkeit bei der GRAWE vorbereitet. K\u00fcnftige Kundenberater bekommen dar\u00fcber hinaus in umfassenden Schulungen alles mit auf den Weg, was sie f\u00fcr die erfolgreiche Erlangung des B\u00d6V-Zertifikats (eine einheitliche Ausbildung f\u00fcr Versicherungsmitarbeiter im Verkauf) brauchen.<\/p>\n\n\n\n<p>Auch Nachwuchskr\u00e4fte holen wir gerne an Bord: Sch\u00fcler, Maturanten und Absolventen haben bei uns die Chance, einen internationalen Versicherungskonzern aus verschiedenen Perspektiven kennenzulernen und erfolgreich in den Beruf einzusteigen.<\/p>\n\n\n\n<p>Die Geschichten unserer Mitarbeiter sprechen f\u00fcr uns.<\/p>\n\n\n\n<p>Wir sch\u00e4tzen, fordern und f\u00f6rdern unsere Mitarbeiter. Eine ausgepr\u00e4gte Feedback-Kultur, Motivation und die Anerkennung von Leistungen sind f\u00fcr uns als Arbeitgeber selbstverst\u00e4ndlich. Das wissen auch unsere Mitarbeiter \u2013 und erz\u00e4hlen im pers\u00f6nlichen Interview von ihren ganz besonderen Erfolgsmomenten bei der GRAWE.<\/p>\n\n\n\n<p>SEIT 1828<\/p>\n\n\n\n<h1>Die Geschichte der GRAWE<\/h1>\n\n\n\n<p><strong>\u201eIn der Eintracht Vieler liegt die Kraft, die das Gute bewirkt. Dazu beizutragen ist eines Jeden Aufgabe.\u201c<\/strong><\/p>\n\n\n\n<p>Erzherzog Johann, 1846<\/p>\n\n\n\n<p>Erzherzog Johann erkannte, dass man sich vereinen muss, um stark zu sein und gr\u00fcndete die Grazer Wechselseitige als Versicherungsverein auf Gegenseitigkeit. Am 14. Juli 1828 wurden die jahrelangen Vorarbeiten Erzherzog Johanns von Erfolg gekr\u00f6nt: Sein Bruder, Kaiser Franz I., erlaubte mit kaiserlicher Entschlie\u00dfung die Errichtung der \u201ek. k. privilegierten inner\u00f6sterreichischen Brandschaden-Versicherungs-Anstalt f\u00fcr Steiermark, K\u00e4rnten und Krain\u201c; der Grundstein f\u00fcr die nunmehr \u00fcber 190 Jahre dauernde Erfolgsgeschichte der Grazer Wechselseitigen war gelegt. 1895 wurde die Generaldirektion in Graz in der Herrengasse in Anwesenheit von Kaiser Franz Joseph I. er\u00f6ffnet. Sie ist noch heute die Zentrale der GRAWE.<\/p>\n\n\n\n<p>Was damals als Landesversicherer mit reinem \u00d6sterreich-Bezug begann, konnte sich bis heute zu einem internationalen Konzern in Zentral-, Ost-&nbsp;und S\u00fcdosteuropa weiterentwickeln. Dazwischen liegen \u00fcber 190 Jahre wechselvoller Geschichte: Phasen des wirtschaftlichen Aufschwungs wurden nachhaltig genutzt, um Krisenzeiten gut zu meistern. Zwei Weltkriege, der B\u00f6rsenkrach 1873, die Folgen des \u201eSchwarzen Freitags\u201c 1929 oder auch der \u00d6lpreisschock 1973 konnten das aufstrebende Unternehmen nicht aus der Bahn werfen.<\/p>\n\n\n\n<p>Das Engagement blieb keineswegs auf den Bereich des Versicherungswesens beschr\u00e4nkt, sondern konnte insbesondere auf die Bereiche Immobilien und Banken ausgeweitet werden. Den wirtschaftsgeschichtlich wiederkehrenden Krisen an den Kapitalm\u00e4rkten begegnete die Grazer Wechselseitige fr\u00fchzeitig mit Investitionen in Immobilien und Realit\u00e4ten. Das T\u00e4tigwerden am Bankensektor war mit dem Wunsch der umfassenden Kundenbetreuung verbunden.<\/p>\n\n\n\n<p>Heute, nach \u00fcber 190 Jahren Bestand, ist der urspr\u00fcngliche Gr\u00fcndungsgedanke der gemeinschaftlichen Verantwortlichkeit aktueller denn je: Nur durch rechtzeitige Vorsorge kann die wirtschaftliche Existenz gesichert werden.VON 1823 BIS HEUTEZeittafel<\/p>\n\n\n\n<p><strong>1823<\/strong><\/p>\n\n\n\n<p>In der von Erzherzog Johann gegr\u00fcndeten Landwirtschaftlichen Gesellschaft wird die Notwendigkeit der Schaffung einer Feuerversicherung erkannt. Erzherzog Johann beauftragt den Wiener Universit\u00e4tsprofessor Dr. Josef Kudler mit der Ausarbeitung einer Studie zur Errichtung einer auf dem Prinzip der Gemeinn\u00fctzigkeit und Wechselseitigkeit beruhenden Brandschaden-Versicherungs-Anstalt.<\/p>\n\n\n\n<p><strong>1828<\/strong><\/p>\n\n\n\n<p>Am 14. Juli 1828 genehmigt Kaiser Franz I. mit \u201eAllerh\u00f6chster Entschlie\u00dfung\u201c die Errichtung dieses Unternehmens mit dem Wirkungsbereich Steiermark, K\u00e4rnten und Krain.<\/p>\n\n\n\n<p><strong>1829<\/strong><\/p>\n\n\n\n<p>Am 1. Juni 1829 nimmt die \u201ek. k. privilegierte inner\u00f6sterreichische wechselseitige Brandschaden-Versicherungs-Anstalt\u201c offiziell ihre T\u00e4tigkeit auf. Als erster Generaldirektor fungiert der steirische Landeshauptmann Ignaz Maria Graf Attems.<\/p>\n\n\n\n<p><strong>1869<\/strong><\/p>\n\n\n\n<p>Erzherzog Johanns einziger Sohn Franz wird zum Generaldirektor gew\u00e4hlt und f\u00fchrt wichtige Reformen durch (Statuten 1872), um der zunehmenden wirtschaftlichen und sozialen Bedeutung des Versicherungsunternehmens besser gerecht zu werden.<\/p>\n\n\n\n<p><strong>1873<\/strong><\/p>\n\n\n\n<p>Eine neue Sparte wird innerhalb der Feuerversicherung er\u00f6ffnet: die Mobiliar-Feuerversicherung.<\/p>\n\n\n\n<p><strong>1877<\/strong><\/p>\n\n\n\n<p>Erweiterung des Wirkungskreises des Unternehmens durch Aufnahme der Spiegelglasversicherung.<\/p>\n\n\n\n<p><strong>1891<\/strong><\/p>\n\n\n\n<p>Der Enkel Erzherzog Johanns, Dr. Johann Graf von Meran, wird an die Spitze der Brandschaden-Versicherungs-Anstalt berufen.<\/p>\n\n\n\n<p><strong>1895<\/strong><\/p>\n\n\n\n<p>Am 4. Juni wird das neue Geb\u00e4ude der Generaldirektion in der Herrengasse in Graz in Anwesenheit von Kaiser Franz Joseph I. feierlich er\u00f6ffnet.<\/p>\n\n\n\n<p><strong>1909<\/strong><\/p>\n\n\n\n<p>Die vierte Versicherungssparte wird aufgenommen: die Hagelversicherung.<\/p>\n\n\n\n<p><strong>1913<\/strong><\/p>\n\n\n\n<p>Das Unternehmen erreicht mit \u00fcber 100.000 Versicherungsvertr\u00e4gen und einer Gesamtversicherungssumme von rund 956 Mio. K. (6,93 Mrd. \u20ac) f\u00fcr lange Zeit den H\u00f6hepunkt seiner Entwicklung.<\/p>\n\n\n\n<p><strong>1918<\/strong><\/p>\n\n\n\n<p>Das Kriegsende geht mit dem Verlust der Untersteiermark, Krain und dem istrischen K\u00fcstenland an Jugoslawien (K\u00f6nigreich Serbien) einher und bedeutet auch den Wegfall eines Versicherungsstockes von etwa 50.000 Polizzen.<\/p>\n\n\n\n<p><strong>1929<\/strong><\/p>\n\n\n\n<p>Feier des 100-j\u00e4hrigen Jubil\u00e4ums des Unternehmens.<\/p>\n\n\n\n<p><strong>1938<\/strong><\/p>\n\n\n\n<p>Die Versicherungsgesellschaft wird mit der \u201eSteirer-Versicherung-AG\u201c und der \u201eBurgenl\u00e4ndischen Versicherungsanstalt\u201c zur \u201eWechselseitigen Versicherungsanstalt S\u00fcdmark\u201c vereinigt und dehnt ihren Gesch\u00e4ftsbereich auf die \u00fcbrigen Bundesl\u00e4nder sowie ab 1940 auf die heute slowenische Untersteiermark aus. Seither bestehen Filialdirektionen in Wien, Linz, Salzburg und Innsbruck, sp\u00e4ter wird auch eine Direktion f\u00fcr Vorarlberg in Dornbirn errichtet, w\u00e4hrend das Burgenland teils von Wien, teils von Graz aus betreut wird. Die Versicherungspalette kann von urspr\u00fcnglich 3 auf 13 Sparten erweitert werden. Neben Feuer-, Glas- und&nbsp;<a href=\"https:\/\/www.grawe.at\/hagelversicherung\/\">Hagelversicherung<\/a>&nbsp;werden nun auch Unfallversicherung, Einbruchdiebstahlversicherung, Haftpflichtversicherung, Wasserleitungsschadenversicherung, Kraftfahrzeugversicherung (Autohaftpflicht und Havarie), Fahrraddiebstahlversicherung, Haushaltsversicherung, Betriebsunterbrechungsversicherung, Glockenbruchversicherung sowie Maschinenbruchversicherung angeboten.<\/p>\n\n\n\n<p><strong>1945<\/strong><\/p>\n\n\n\n<p>Das Gesch\u00e4ftsgebiet in der slowenischen Untersteiermark muss wiederum abgegeben werden. Im Zuge der Reorganisation der Verfassung wird der Name des Unternehmens in \u201eWechselseitige Versicherungsanstalt in Graz\u201c umbenannt. Bis Januar 1946 wird die Wechselseitige kommissarisch verwaltet.<\/p>\n\n\n\n<p><strong>1946<\/strong><\/p>\n\n\n\n<p>Ein neues F\u00fchrungsteam nimmt den Wiederaufbau nach dem Zweiten Weltkrieg zielbewusst in die H\u00e4nde: der Urenkel Erzherzog Johanns, Dr. Franz Graf von Meran, als Pr\u00e4sident und Vorsitzender des Aufsichtsrates, Altlandeshauptmann Dr. Karl Maria Stepan als Vorsitzender des Vorstands und Fritz Leschanz als Generaldirektor.<\/p>\n\n\n\n<p><strong>1954<\/strong><\/p>\n\n\n\n<p>Das 125-j\u00e4hrige Bestandsjubil\u00e4um steht ganz im Zeichen der abgeschlossenen Renovierung des zerst\u00f6rten oder besch\u00e4digten Realbesitzes des Unternehmens.<\/p>\n\n\n\n<p><strong>1962<\/strong><\/p>\n\n\n\n<p>Um den st\u00e4ndig steigenden Anforderungen gewachsen zu sein, nimmt die Versicherungsgesellschaft eine EDV-Anlage in Betrieb. Sie hat hierbei eine Vorreiterrolle in \u00d6sterreich inne.<\/p>\n\n\n\n<p><strong>1969<\/strong><\/p>\n\n\n\n<p>Im Januar wird ein neuer Name des Unternehmens festgelegt: \u201eGrazer Wechselseitige Versicherung\u201c.<\/p>\n\n\n\n<p><strong>1972<\/strong><\/p>\n\n\n\n<p>Am 22. September 1972 wird die Versicherungspalette um die Sparte Lebensversicherung erweitert.<\/p>\n\n\n\n<p><strong>1976<\/strong><\/p>\n\n\n\n<p>Der Ururenkel Erzherzog Johanns, Dipl.-Ing. Hans Graf Kottulinsky, wird neuer Aufsichtsratspr\u00e4sident.<\/p>\n\n\n\n<p><strong>1978<\/strong><\/p>\n\n\n\n<p>Die Pr\u00e4mieneinnahmen der Grazer Wechselseitigen Versicherung \u00fcberschreiten die Milliardengrenze (Schilling).<\/p>\n\n\n\n<p><strong>1984<\/strong><\/p>\n\n\n\n<p>Dr. Franz Graf Harnoncourt-Unverzagt, wiederum ein Nachkomme Erzherzog Johanns, wird Pr\u00e4sident des Aufsichtsrates.<\/p>\n\n\n\n<p><strong>1988<\/strong><\/p>\n\n\n\n<p>Es erfolgt eine Beteiligung der GRAWE an der CAPITAL BANK-GRAWE GRUPPE AG (vormals RBB Bank AG).<\/p>\n\n\n\n<p><strong>1990<\/strong><\/p>\n\n\n\n<p>Die GRAWE beteiligt sich als Gr\u00fcndungsmitglied an der HYPO-Versicherung AG. Es erfolgt die Gr\u00fcndung der GW Immobilien-Verwaltungs- und Vermittlungs-GmbH. Die erste Auslandstochter wird in Slowenien (damals noch im ehemaligen Jugoslawien) gegr\u00fcndet: Die PRIMA zavarovalnica druzba d.d., Maribor (heute: GRAWE Zavarovalnica d.d.), nimmt am 1. Februar 1991 ihren Gesch\u00e4ftsbetrieb auf.<\/p>\n\n\n\n<p><strong>1991<\/strong><\/p>\n\n\n\n<p>Der 1.000.000. Vertrag des Unternehmens wird polizziert. Einbringung des Versicherungsbetriebes in die \u201eGrazer Wechselseitige Versicherung Aktiengesellschaft\u201c. Start der Kooperation mit Raiffeisenlandesbank Steiermark.<\/p>\n\n\n\n<p><strong>1992<\/strong><\/p>\n\n\n\n<p>Die GRAWE beteiligt sich an der HYPO ALPE-ADRIA-BANK AG (vormals LHB K\u00e4rnten).<\/p>\n\n\n\n<p><strong>1993<\/strong><\/p>\n\n\n\n<p>Die kroatische Tochtergesellschaft PRIMA Osiguranje d.d., Zagreb (heute GRAWE Hrvatska d.d.), nimmt am 7. Juli 1993 ihren Gesch\u00e4ftsbetrieb auf.<\/p>\n\n\n\n<p><strong>1997<\/strong><\/p>\n\n\n\n<p>2 neue Tochterunternehmen er\u00f6ffnen ihren Versicherungsbetrieb: Die GRAWE osiguranje a.d. Beograd\/Serbien am 1. Februar 1997 und die GRAWE \u00c8letbiztosit\u00f2 Rt., Ungarn, am 6. Februar 1997.<\/p>\n\n\n\n<p><strong>1998<\/strong><\/p>\n\n\n\n<p>Die GRAWE osiguranje d.d. Sarajevo\/Bosnien nimmt am 15. Oktober 1998 ihren Gesch\u00e4ftsbetrieb auf.<\/p>\n\n\n\n<p><strong>2000<\/strong><\/p>\n\n\n\n<p>Die GRAWE Ukraina S.A.T. nimmt im 2. Halbjahr 2000 ihre T\u00e4tigkeit auf. Am 15. Juni 2000 \u00f6ffnet die GRAWE Bulgaria AD ihre Pforten. Die GRAWE Romania Asigurare S.A. nimmt am 10. Oktober 2000 ihren Betrieb auf.<\/p>\n\n\n\n<p><strong>2002<\/strong><\/p>\n\n\n\n<p>Da Bosnien politisch zweigeteilt ist, ist es notwendig geworden, eine 2. Gesellschaft in der Republika Srpska zu gr\u00fcnden: Gesch\u00e4ftsaufnahme der GRAWE osiguranje d.d., Banja Luka, am 1. Januar 2002. Die GRAWE bekleidet im Ranking am \u00f6sterreichischen Schaden-Unfall-Versicherungsmarkt Rang 7 (von 51). Steiermarkweit ist sie in dieser Sparte die Nummer 1.<\/p>\n\n\n\n<p><strong>2004<\/strong><\/p>\n\n\n\n<p>Gr\u00fcndung der GRAWE Asigurare de viaP\u01ce SA in Moldawien sowie der GRAWE osiguranje a.d. in Podgorica (Montenegro).<\/p>\n\n\n\n<p><strong>2006<\/strong><\/p>\n\n\n\n<p>Am 5. M\u00e4rz 2006 gaben die Vertreter der Burgenl\u00e4ndischen Landesregierung den einstimmigen Beschluss zum Verkauf der Bank Burgenland an die Grazer Wechselseitige Versicherung AG bekannt. Seit 12. Mai 2006 ist die Bank Burgenland Mitglied des GRAWE Konzerns.<\/p>\n\n\n\n<p><strong>2007<\/strong><\/p>\n\n\n\n<p>Mit dem Eintritt in den mazedonischen Lebensversicherungsmarkt zu Beginn des Jahres 2007 wurde eine weitere GRAWE Versicherungstochter in Skopje gegr\u00fcndet. Des Weiteren hat die GRAWE die moldawische Versicherungsgesellschaft CARAT Compania de asigur\u01ceri pe acPiuni zugekauft und die Position in Moldawien dadurch stark ausgebaut.<\/p>\n\n\n\n<p><strong>2009<\/strong><\/p>\n\n\n\n<p>Die GRAWE scheidet aus dem Kreis der Aktion\u00e4re der HYPO ALPE-ADRIA-BANK AG aus.<\/p>\n\n\n\n<p><strong>2012<\/strong><\/p>\n\n\n\n<p>Dr. Philipp Meran, bisheriges Mitglied des Aufsichtsrates der GRAWE und direkter Nachfahre von Erzherzog Johann, wird Pr\u00e4sident des Aufsichtsrates. Dr. Franz Harnoncourt-Unverzagt wird zum Ehrenpr\u00e4sidenten der GRAWE ernannt.<\/p>\n\n\n\n<p><strong>2015<\/strong><br>Die Bankhaus Schelhammer &amp; Schattera AG ist seit Ende Juni 2015 das neueste Mitglied der GRAWE Bankengruppe.<\/p>\n\n\n\n<p><strong>2016<\/strong><br>Seit 31.12.2016 ist die ehemalige Merkur osiguranje a.d. Podgorica Teil der GRAWE-Familie. Sie wird mit der 2004 gegr\u00fcndeten GRAWE osiguranje a.d. Podgorica verschmolzen.<\/p>\n\n\n\n<p><strong>2017<\/strong><br>Die GRAWE konnte im M\u00e4rz 2017 mit der \u00dcbernahme der Mehrheitsanteile an der VGT Visoko ihre Marktposition in Bosnien und Herzegowina weiter ausbauen. Weiters ging Ende M\u00e4rz 2017 in \u00d6sterreich die Direktbank \u201cDADAT Bank\u201d an den Start. Die Bank mit Sitz in Salzburg ist als Marke der Bankhaus Schelhammer &amp; Schattera AG Teil der GRAWE Bankengruppe.<\/p>\n\n\n\n<p><strong>2018<\/strong><br>Fusion der GRAWE Sarajevo und der VGT Visoko, Erwerb der ATOS in Bijeljina, Rep. Srpska. Die GRAWE feiert ihr 190-j\u00e4hriges Bestandsjubil\u00e4um.<\/p>\n\n\n\n<p><strong>2019<\/strong><\/p>\n\n\n\n<p>Die GRAWE erwirbt die \u201eEUROSIG AD Skopje\u201c, nunmehr \u201eGRAWE ne\u017eivot Skopje\u201c, und schafft damit den Einstieg in das KFZ- und Sachversicherungsgesch\u00e4ft am nordmazedonischen Markt.<\/p>\n\n\n\n<p><strong>2020<\/strong><\/p>\n\n\n\n<p>Die GRAWE w\u00e4chst um zwei weitere Tochtergesellschaften: den ebenso nordmazedonischen KFZ- und Sachversicherer \u201eEurolink Insurance Inc. Skopje\u201c sowie die montenegrinische \u201eSwiss Osiguranje A.D. Podgorica\u201c, welche auch im Non-life-Versicherungsgesch\u00e4ft aktiv ist. In \u00d6sterreich nimmt die neue Bank der Post, die \u201ebank99\u201c, welche sich zu 20 % im Eigentum des GRAWE-Konzerns befindet, ihre T\u00e4tigkeit auf.<\/p>\n\n\n\n<figure class=\"wp-block-image\"><img src=\"https:\/\/d1jfm0hqir9glx.cloudfront.net\/fileadmin\/grawe_at\/Images\/grawe-logo.svg\" alt=\"\"\/><\/figure>\n\n\n\n<p>Generaldirektion Graz<br>Herrengasse 18-20<br>8010 Graz<br>&nbsp;<\/p>\n\n\n\n<p>T \u00a0+43 316 \/ 8037 &#8211; 6222<br>F \u00a0+43 316 \/ 8037 &#8211; 6490<br>E \u00a0<a href=\"javascript:linkTo_UnCryptMailto(%27jxfiql7pbosfzbXdoxtb%2Bxq%27);\">service@grawe.at<\/a><\/p>\n\n\n\n<p>QELLE : GRAWE.at <\/p>\n\n\n\n<p><\/p>\n","protected":false},"excerpt":{"rendered":"<p>Wissenswertes \u00fcber die GRAWE Informieren Sie sich \u00fcber unseren Werdegang von\u00a0einer urspr\u00fcnglichen Feuerversicherung zu einem vielseitigen, internationalen Konzern. Hier\u00a0finden Sie alle Infos \u00fcber die Grazer Wechselseitige Versicherung AG und \u00fcber die GRAWE Group. VON 1828 BIS HEUTE Markengeschichte der GRAWE Die Grazer Wechselseitige Versicherung AG hat sich seit ihrer Gr\u00fcndung<span class=\"more-link\"><a href=\"https:\/\/wienernachrichten.at\/?p=876\">Continue Reading<\/a><\/span><\/p>\n","protected":false},"author":2,"featured_media":0,"comment_status":"open","ping_status":"open","sticky":false,"template":"","format":"standard","meta":[],"categories":[1],"tags":[],"_links":{"self":[{"href":"https:\/\/wienernachrichten.at\/index.php?rest_route=\/wp\/v2\/posts\/876"}],"collection":[{"href":"https:\/\/wienernachrichten.at\/index.php?rest_route=\/wp\/v2\/posts"}],"about":[{"href":"https:\/\/wienernachrichten.at\/index.php?rest_route=\/wp\/v2\/types\/post"}],"author":[{"embeddable":true,"href":"https:\/\/wienernachrichten.at\/index.php?rest_route=\/wp\/v2\/users\/2"}],"replies":[{"embeddable":true,"href":"https:\/\/wienernachrichten.at\/index.php?rest_route=%2Fwp%2Fv2%2Fcomments&post=876"}],"version-history":[{"count":1,"href":"https:\/\/wienernachrichten.at\/index.php?rest_route=\/wp\/v2\/posts\/876\/revisions"}],"predecessor-version":[{"id":877,"href":"https:\/\/wienernachrichten.at\/index.php?rest_route=\/wp\/v2\/posts\/876\/revisions\/877"}],"wp:attachment":[{"href":"https:\/\/wienernachrichten.at\/index.php?rest_route=%2Fwp%2Fv2%2Fmedia&parent=876"}],"wp:term":[{"taxonomy":"category","embeddable":true,"href":"https:\/\/wienernachrichten.at\/index.php?rest_route=%2Fwp%2Fv2%2Fcategories&post=876"},{"taxonomy":"post_tag","embeddable":true,"href":"https:\/\/wienernachrichten.at\/index.php?rest_route=%2Fwp%2Fv2%2Ftags&post=876"}],"curies":[{"name":"wp","href":"https:\/\/api.w.org\/{rel}","templated":true}]}}