{"id":855,"date":"2023-02-06T17:07:55","date_gmt":"2023-02-06T16:07:55","guid":{"rendered":"http:\/\/wienernachrichten.at\/?p=855"},"modified":"2023-02-06T17:07:55","modified_gmt":"2023-02-06T16:07:55","slug":"wirtschaft","status":"publish","type":"post","link":"https:\/\/wienernachrichten.at\/?p=855","title":{"rendered":"<strong>WIRTSCHAFT<\/strong>"},"content":{"rendered":"\n<h1>Teuerung verschlang 2022 den Umsatz im Einzelhandel<\/h1>\n\n\n\n<p>Die hohe Inflation hat dem \u00f6sterreichischen Einzelhandel im vergangenen Jahr ein Minus im Absatzvolumen beschert. Die Branche (ohne Handel mit Kfz, inkl. Tankstellen) verzeichnete gegen\u00fcber 2021 ein nominelles Umsatzwachstum von 8,1 Prozent. Unter Ber\u00fccksichtigung der Inflation ergab sich im Absatzvolumen allerdings nur noch ein Minus von 0,8 Prozent. Das zeigen vorl\u00e4ufige Auswertungen der Statistik Austria am Montag.<\/p>\n\n\n\n<p>Das Umsatzplus im Handel mit Lebensmitteln, Getr\u00e4nken und Tabakwaren lag 2022 bei 5,2 Prozent gegen\u00fcber dem Vorjahr, im Absatz bedeutet das ein Minus von 3,2 Prozent. Beim Handel mit Nicht-Nahrungsmitteln ergab sich ein Umsatzwachstum von 8,1 Prozent und damit ein Absatzplus von 1,3 Prozent.<\/p>\n\n\n\n<figure class=\"wp-block-image\"><img src=\"https:\/\/www.sn.at\/teuerung-verschlang-2022-den-umsatz-im-einzelhandel-41-104168236.jpg\/640x\/133.643.440\" alt=\"\"\/><figcaption>Nominell zwar Umsatzwachstum im Handel, real aber Absatzminus<\/figcaption><\/figure>\n\n\n\n<p>Im Dezember 2022 zeigte sich ein \u00e4hnliches Bild: Der \u00f6sterreichische Einzelhandel (ohne Handel mit Kfz; inkl. Tankstellen) setzte nominell 10,0 Prozent mehr um als im Vergleichsmonat des Vorjahres 2021, real, also unter Ber\u00fccksichtigung der Inflation, entsprach das einem Minus im Absatzvolumen von 0,4 Prozent.<\/p>\n\n\n\n<p>Der Einzelhandel mit Lebensmitteln, Getr\u00e4nken und Tabakwaren nahm im Dezember um 6,8 Prozent mehr Umsatz ein, das Absatzvolumen ging damit um 5,3 Prozent zur\u00fcck. Der Handel mit Nicht-Nahrungsmitteln erwirtschaftete nominell um 12,1 Prozent mehr und verbuchte damit auch real ein deutliches Plus von 3,3 Prozent. Allerdings war besonders die erste H\u00e4lfte des Dezembers 2021 noch von Corona-Ma\u00dfnahmen gepr\u00e4gt. Die Berechnung der Einzelhandelsums\u00e4tze f\u00fcr Dezember 2022 ist vorl\u00e4ufig.<\/p>\n\n\n\n<p>QUELLE : https:\/\/www.sn.at\/wirtschaft\/oesterreich\/teuerung-verschlang-2022-den-umsatz-im-einzelhandel-133639828<\/p>\n\n\n\n<p><\/p>\n\n\n\n<p><\/p>\n","protected":false},"excerpt":{"rendered":"<p>Teuerung verschlang 2022 den Umsatz im Einzelhandel Die hohe Inflation hat dem \u00f6sterreichischen Einzelhandel im vergangenen Jahr ein Minus im Absatzvolumen beschert. Die Branche (ohne Handel mit Kfz, inkl. Tankstellen) verzeichnete gegen\u00fcber 2021 ein nominelles Umsatzwachstum von 8,1 Prozent. Unter Ber\u00fccksichtigung der Inflation ergab sich im Absatzvolumen allerdings nur noch<span class=\"more-link\"><a href=\"https:\/\/wienernachrichten.at\/?p=855\">Continue Reading<\/a><\/span><\/p>\n","protected":false},"author":2,"featured_media":0,"comment_status":"open","ping_status":"open","sticky":false,"template":"","format":"standard","meta":[],"categories":[1],"tags":[],"_links":{"self":[{"href":"https:\/\/wienernachrichten.at\/index.php?rest_route=\/wp\/v2\/posts\/855"}],"collection":[{"href":"https:\/\/wienernachrichten.at\/index.php?rest_route=\/wp\/v2\/posts"}],"about":[{"href":"https:\/\/wienernachrichten.at\/index.php?rest_route=\/wp\/v2\/types\/post"}],"author":[{"embeddable":true,"href":"https:\/\/wienernachrichten.at\/index.php?rest_route=\/wp\/v2\/users\/2"}],"replies":[{"embeddable":true,"href":"https:\/\/wienernachrichten.at\/index.php?rest_route=%2Fwp%2Fv2%2Fcomments&post=855"}],"version-history":[{"count":1,"href":"https:\/\/wienernachrichten.at\/index.php?rest_route=\/wp\/v2\/posts\/855\/revisions"}],"predecessor-version":[{"id":856,"href":"https:\/\/wienernachrichten.at\/index.php?rest_route=\/wp\/v2\/posts\/855\/revisions\/856"}],"wp:attachment":[{"href":"https:\/\/wienernachrichten.at\/index.php?rest_route=%2Fwp%2Fv2%2Fmedia&parent=855"}],"wp:term":[{"taxonomy":"category","embeddable":true,"href":"https:\/\/wienernachrichten.at\/index.php?rest_route=%2Fwp%2Fv2%2Fcategories&post=855"},{"taxonomy":"post_tag","embeddable":true,"href":"https:\/\/wienernachrichten.at\/index.php?rest_route=%2Fwp%2Fv2%2Ftags&post=855"}],"curies":[{"name":"wp","href":"https:\/\/api.w.org\/{rel}","templated":true}]}}