{"id":851,"date":"2023-02-06T16:57:31","date_gmt":"2023-02-06T15:57:31","guid":{"rendered":"http:\/\/wienernachrichten.at\/?p=851"},"modified":"2023-02-06T16:57:31","modified_gmt":"2023-02-06T15:57:31","slug":"die-unendliche-geschichte","status":"publish","type":"post","link":"https:\/\/wienernachrichten.at\/?p=851","title":{"rendered":"<strong>&#8222;DIE UNENDLICHE GESCHICHTE&#8220;<\/strong>"},"content":{"rendered":"\n<h1>Premiere im Salzburger Landestheater: Die Fantasie wird gerettet<\/h1>\n\n\n\n<p>Das Salzburger Landestheater entf\u00fchrt sein Publikum auf eine wundersame Reise eines jugendlichen Retters, der neue Freunde findet.<\/p>\n\n\n\n<p>Wie findet ein einsamer, ausgelachter, sich unverstanden f\u00fchlender Bub einen Ausweg? Viel mehr als einen Ausweg! Der deutsche Autor Michael Ende hat in seiner seit ihrem Erscheinen 1979 Furore machenden &#8222;Unendlichen Geschichte&#8220; diesen Buben ins Reich der Fantasie geschickt. Diese Reise bringt das Salzburger Landestheater seit Samstag in der Theaterversion John von D\u00fcffels erstmals in \u00d6sterreich auf die B\u00fchne. Hier findet Bastian Freunde und Gl\u00fcck, hier wird er mutig und k\u00e4mpferisch, und in Abenteuern erkennt er seine Aufgabe: Nur er vermag die Kindliche Kaiserin und folglich die Fantasie zu retten. So gewinnt er Selbstbewusstsein.<\/p>\n\n\n\n<figure class=\"wp-block-image\"><img src=\"https:\/\/www.sn.at\/premiere-im-salzburger-landestheater-die-fantasie-wird-gerettet-41-104150505.jpg\/770x578\/133.595.929\" alt=\"\"\/><\/figure>\n\n\n\n<p>Anders als im Roman findet in Salzburg Aaron R\u00f6ll als Bastian das wundersame Buch nicht bei einem Buchh\u00e4ndler, sondern im Theater auf zun\u00e4chst leerer B\u00fchne beim Souffleur, den Georg Clementi spielt. So kann Aaron R\u00f6ll, auf den meist ein heimelig warmes B\u00fchnenlicht fokussiert wird, im ersten Teil vorne an der Rampe verfolgen und kommentieren, was sich da in Phant\u00e1sien abspielt. Daf\u00fcr wird die funkelnagelneue B\u00fchnentechnik ausgen\u00fctzt: Irrlichter, Feuerregen, Bl\u00fcten oder das per Minikamera aufgenommene Spiegelbild Bastians werden auf die B\u00fchne projiziert. Einmal wird der Schall per Lautsprecher durchs Publikum gejagt. Leyla Bischoff als Bastians phant\u00e1sischer Freund Atr\u00e9ju reitet auf einer Kranstange durch Himmel und sausende Wolken. Oft begleitet ihn Fuchur, der Gl\u00fccksdrache, f\u00fcr den Martin Trippensee im Zottelfellkost\u00fcm eine riesige Maske tr\u00e4gt, sie zum Sprechen bringt und immer wieder apart r\u00fclpsen l\u00e4sst.<\/p>\n\n\n\n<p>Neun Schau- wie Puppenspieler werfen sich gut zwei Stunden in vielerlei Rollen, in lustigen bis schauderlichen Kost\u00fcmen und Masken ins Zeug: von Rennschnecke und Werwolf bis zu Gra\u00f3graman, dem Herrn der Farbenw\u00fcste.<\/p>\n\n\n\n<figure class=\"wp-block-image\"><img src=\"https:\/\/www.sn.at\/premiere-im-salzburger-landestheater-die-fantasie-wird-gerettet-41-104150509.jpg\/770x578\/133.595.938\" alt=\"\"\/><\/figure>\n\n\n\n<p>Intendant Carl Philip von Maldeghem hat diese Kinder- und Jugendgeschichte inszeniert und l\u00e4sst sie sinnigerweise im Hauptabendprogramm spielen, da sie politische Botschaften er\u00f6ffnet: Ohne Fantasie, also ohne Literatur und ohne Theater, verk\u00fcmmert der Mensch. Allerdings werden die m\u00e4rchenhaften Reiche voller Kampfesmut und mystisch allm\u00e4chtigen Herrschern gef\u00e4hrlich, wenn man sich in ihnen verheddert und nicht in die Realit\u00e4t zur\u00fcckfindet. Dass Heldenfantasien, die auf den Alltag \u00fcberschwappen, Radikalisierung und Krieg bef\u00f6rdern, ist im zweiten Teil zu erkennen, wenn Bastian vom anf\u00e4nglichen Beobachter zum immer heldenhafter und folglich aggressiver werdenden Mitspieler wird.<\/p>\n\n\n\n<p>Wie findet man aus der Fantasie zur\u00fcck? Das ist schwierig, wie der Werwolf Bastian erkl\u00e4rt: &#8222;Gesch\u00f6pfe Phant\u00e1siens werden in der Welt der Menschen zu L\u00fcgen.&#8220; Bastian mag auch auf das Gef\u00fchl nicht verzichten, m\u00e4chtiger und gef\u00e4hrlicher zu sein als alle D\u00e4monen. Seine phant\u00e1sischen Freunde versprechen ihm die Rettung dort, wo das Wasser des Lebens entspringt. Wenn er die Quelle der Tr\u00e4nen und die Grenze zur\u00fcck ins Reale \u00fcberschreitet, werden freilich alle Register der Regenmaschine gezogen.<\/p>\n\n\n\n<p>Theater:\u00a0&#8222;Die unendliche Geschichte&#8220;, Landestheater Sbg., bis 18. Mai.<\/p>\n\n\n\n<p>QUELLE : https:\/\/www.sn.at\/salzburg\/kultur\/die-unendliche-geschichte-premiere-im-salzburger-landestheater-die-fantasie-wird-gerettet-133595953<\/p>\n\n\n\n<p><\/p>\n\n\n\n<p><\/p>\n\n\n\n<p><\/p>\n\n\n\n<p><\/p>\n\n\n\n<p><\/p>\n\n\n\n<p><\/p>\n","protected":false},"excerpt":{"rendered":"<p>Premiere im Salzburger Landestheater: Die Fantasie wird gerettet Das Salzburger Landestheater entf\u00fchrt sein Publikum auf eine wundersame Reise eines jugendlichen Retters, der neue Freunde findet. Wie findet ein einsamer, ausgelachter, sich unverstanden f\u00fchlender Bub einen Ausweg? Viel mehr als einen Ausweg! Der deutsche Autor Michael Ende hat in seiner seit<span class=\"more-link\"><a href=\"https:\/\/wienernachrichten.at\/?p=851\">Continue Reading<\/a><\/span><\/p>\n","protected":false},"author":2,"featured_media":0,"comment_status":"open","ping_status":"open","sticky":false,"template":"","format":"standard","meta":[],"categories":[1],"tags":[],"_links":{"self":[{"href":"https:\/\/wienernachrichten.at\/index.php?rest_route=\/wp\/v2\/posts\/851"}],"collection":[{"href":"https:\/\/wienernachrichten.at\/index.php?rest_route=\/wp\/v2\/posts"}],"about":[{"href":"https:\/\/wienernachrichten.at\/index.php?rest_route=\/wp\/v2\/types\/post"}],"author":[{"embeddable":true,"href":"https:\/\/wienernachrichten.at\/index.php?rest_route=\/wp\/v2\/users\/2"}],"replies":[{"embeddable":true,"href":"https:\/\/wienernachrichten.at\/index.php?rest_route=%2Fwp%2Fv2%2Fcomments&post=851"}],"version-history":[{"count":1,"href":"https:\/\/wienernachrichten.at\/index.php?rest_route=\/wp\/v2\/posts\/851\/revisions"}],"predecessor-version":[{"id":852,"href":"https:\/\/wienernachrichten.at\/index.php?rest_route=\/wp\/v2\/posts\/851\/revisions\/852"}],"wp:attachment":[{"href":"https:\/\/wienernachrichten.at\/index.php?rest_route=%2Fwp%2Fv2%2Fmedia&parent=851"}],"wp:term":[{"taxonomy":"category","embeddable":true,"href":"https:\/\/wienernachrichten.at\/index.php?rest_route=%2Fwp%2Fv2%2Fcategories&post=851"},{"taxonomy":"post_tag","embeddable":true,"href":"https:\/\/wienernachrichten.at\/index.php?rest_route=%2Fwp%2Fv2%2Ftags&post=851"}],"curies":[{"name":"wp","href":"https:\/\/api.w.org\/{rel}","templated":true}]}}