{"id":849,"date":"2023-02-06T16:49:14","date_gmt":"2023-02-06T15:49:14","guid":{"rendered":"http:\/\/wienernachrichten.at\/?p=849"},"modified":"2023-02-06T16:49:14","modified_gmt":"2023-02-06T15:49:14","slug":"innenpolitik","status":"publish","type":"post","link":"https:\/\/wienernachrichten.at\/?p=849","title":{"rendered":"<strong><a href=\"https:\/\/www.sn.at\/politik\/innenpolitik\/\">INNENPOLITIK<\/a><\/strong>"},"content":{"rendered":"\n<h1>Botschafterjob f\u00fcr Ex-Kurz-Sprecher sorgt f\u00fcr Diskussion<\/h1>\n\n\n\n<p>Die Bestellung eines Ex-Sprechers von Sebastian Kurz (\u00d6VP) in dessen Zeit als Au\u00dfenminister bzw. Bundeskanzler zum Botschafter in den Vereinigten Arabischen Emiraten (VAE) sorgt laut der Onlineausgabe der Zeitung &#8222;Der Standard&#8220; f\u00fcr Diskussionen. Ein in der Ausscheidung unterlegener Bewerber f\u00fcr den Posten wandte sich demnach an die Gleichbehandlungskommission, die eine &#8222;Diskriminierung&#8220; feststellte. Die \u00d6VP wies die Kritik an Berchtolds Bestellung als &#8222;haltlos&#8220; zur\u00fcck.<\/p>\n\n\n\n<p>Der unterlegene Kandidat konnte demnach nachweisen, dass er \u00fcber eine bessere Qualifikation verf\u00fcgt habe als Etienne Berchtold, der den Posten in Abu Dhabi im August des Vorjahrs angetreten hatte, berichtete &#8222;derstandard.at&#8220; am Sonntag. Berchtold, laut Homepage des Au\u00dfenministeriums (BMEIA) ein studierter Jurist, habe zwar &#8222;vor langer Zeit&#8220; bei der St\u00e4ndigen Vertretung \u00d6sterreichs bei der EU in Br\u00fcssel Auslandserfahrung gesammelt, in den Jahren vor seiner Bestellung sei er aber &#8222;lediglich als Sprecher im Au\u00dfenministerium und der \u00d6VP&#8220; t\u00e4tig gewesen.<\/p>\n\n\n\n<p>Au\u00dfenminister Alexander Schallenberg (\u00d6VP) betonte am Sonntagabend in der &#8222;ZiB 2&#8220;, dass er dem Vorschlag der vierk\u00f6pfigen Begutachtungskommission bei der Bestellung gefolgt sei, die Berchtold als Ersten gereiht habe. Er sei bisher allen Empfehlungen der Begutachtungskommission gefolgt und habe dies auch hier, wo es eine klare Erstreihung gab, so gehandhabt, sagte Schallenberg. &#8222;Von einer parteipolitischen Besetzung ist hier \u00fcberhaupt nicht die Rede&#8220;, so der Au\u00dfenminister. Berchtold war, als Schallenberg nach dem R\u00fccktritt von Sebastian Kurz Ende 2021 Bundeskanzler wurde, auch sein Sprecher.<\/p>\n\n\n\n<p>Das BMEIA habe die Gleichbehandlungskommission &#8222;nicht davon \u00fcberzeugen&#8220; k\u00f6nnen, &#8222;dass die getroffene Personalentscheidung auf einer sachlichen und objektiven Grundlage und eben nicht auf einem weltanschaulichen Motiv beruht&#8220;, hie\u00df es indes am Sonntag auf &#8222;derstandard.at&#8220;. Der unterlegene Kandidat &#8211; der in dem Zeitungsbericht nicht namentlich genannt wird &#8211; sieht sich aber &#8222;weltanschaulich diskriminiert&#8220;. Seiner Meinung nach hatte die Bestellung Berchtolds zum Botschafter in Abu Dhabi mit dessen &#8222;starker Anbindung an die \u00d6VP zu tun&#8220;. Er selbst habe hingegen zur Zeit der t\u00fcrkis-blauen Koalition auch die von der FP\u00d6 nominierte Au\u00dfenministerin Karin Kneissl beraten und sei aus dem \u00d6AAB ausgeschieden. Der \u00d6sterreichische Arbeitnehmerinnen- und Arbeitnehmerbund (\u00d6AAB) ist die Arbeitnehmer-Organisation der \u00d6VP.<\/p>\n\n\n\n<p>Berchtold selbst hatte in einer Stellungnahme an die Gleichbehandlungskommission argumentiert, er habe als Pressesprecher F\u00fchrungserfahrung gesammelt, indem er Wirtschafts- und Journalistendelegationen vorbereitet und begleitet habe, eben auch in die Emirate. Au\u00dferdem habe er den Kanzler beraten und Projekte betreut.<\/p>\n\n\n\n<p>Im Gutachten hei\u00dft es wiederum, Berchtolds berufliche Laufbahn &#8222;l\u00e4sst nicht gerade auf eine H\u00f6chstqualifikation f\u00fcr die Leitung einer Botschaft schlie\u00dfen&#8220;. Es sei &#8222;nicht zu \u00fcbersehen, dass die Pr\u00e4ferenz f\u00fcr ihn nicht auf sachlichen Aspekten beruhte&#8220;. Es bestehe &#8222;kein Zweifel&#8220;, dass hier ein &#8222;parteipolitisches Motiv&#8220; den Ausschlag gegeben habe.<\/p>\n\n\n\n<p>Der Bereichssprecher f\u00fcr Internationale Entwicklung der \u00d6VP, Martin Engelberg, nannte die Kritik an der Bestellung Berchtolds &#8222;absolut haltlos&#8220;. Die daf\u00fcr zust\u00e4ndige Personalkommission habe ihn als Bestqualifizierten basierend auf seinen profunden au\u00dfenpolitischen Kenntnissen und F\u00e4higkeiten als Karrierediplomat gesehen. &#8222;Der Ministerrat hat diese Personalentscheidung einstimmig getroffen und Bundespr\u00e4sident Van der Bellen hat Dr. Berchtold daraufhin zum Botschafter in den VAE bestellt&#8220;, betonte Engelberg. Die ungerechtfertigte Kritik komme von einem Gefolgsmann der ehemaligen Au\u00dfenministerin Kneissl.<\/p>\n\n\n\n<p>Berchtold war nach dem Abgang von Sebastian Kurz aus der Politik zum Botschafter in Abu Dhabi ernannt worden. Ein durchaus wichtiger Posten, gelten die Vereinigten Arabischen Emirate (VAE) ja als m\u00e4chtiger Handelspartner, der Staatsfonds Mubadala ist unter anderem am Mineral\u00f6lkonzern OMV beteiligt. Aus dem BMEIA hie\u00df es dazu, Berchtold sei fr\u00fcher auch Sprecher bei Shell Austria gewesen und habe so Wirtschaftserfahrungen in einer Branche gesammelt, die gerade in den Emiraten wichtig sei.<\/p>\n\n\n\n<p>Das Au\u00dfenministerium argumentierte gegen\u00fcber der Zeitung zudem, die Einsch\u00e4tzung der Begutachtungskommission sei &#8222;auch im konkreten Anlassfall objektiv erfolgt&#8220; und &#8222;kein Bediensteter pers\u00f6nlich benachteiligt worden&#8220;. Zum Ergebnis der Gleichbehandlungskommission hie\u00df es in Folge: &#8222;Die st\u00e4ndige Begutachtungskommission des BMEIA und die Bundes-Gleichbehandlungskommission haben verschiedene Aspekte der Qualifikationen der Bewerber:innen unterschiedlich gewichtet und daher anders beurteilt bzw. rechnerisch gegen\u00fcbergestellt&#8220;.<\/p>\n\n\n\n<p>Da man das Ergebnis der Gleichbehandlungskommission nicht teile, werde man &#8222;keinerlei Zahlungen an den unterlegenen Bewerber in Aussicht&#8220; nehmen. Der unterlegene Bewerber kann nun rechtlich gegen das Au\u00dfenministerium vorgehen und das entgangene Gehalt einfordern &#8211; auch die Gleichbehandlungskommission verweist in ihrem Gutachten auf &#8222;schadensersatzrechtliche Anspr\u00fcche&#8220;.<\/p>\n\n\n\n<p>Vor dem Abschied Berchtolds nach Abu Dhabi soll es auch ein ausgedehntes Abendessen in einem Restaurant von Martin Ho gegeben haben, organisiert von Sebastian Kurz, berichtete &#8222;Der Standard&#8220;.<\/p>\n\n\n\n<figure class=\"wp-block-image\"><img src=\"https:\/\/www.sn.at\/botschafterjob-fuer-ex-kurz-sprecher-sorgt-fuer-diskussion-41-104157666.jpg\/640x\/133.626.721\" alt=\"\"\/><figcaption>Etienne Berchtold (r.) neben dem damaligen Kanzler Kurz im Jahr 2020<\/figcaption><\/figure>\n\n\n\n<p>QUELLE : https:\/\/www.sn.at\/politik\/innenpolitik\/botschafterjob-fuer-ex-kurz-sprecher-sorgt-fuer-diskussion-133626730<\/p>\n\n\n\n<p><\/p>\n\n\n\n<p><\/p>\n","protected":false},"excerpt":{"rendered":"<p>Botschafterjob f\u00fcr Ex-Kurz-Sprecher sorgt f\u00fcr Diskussion Die Bestellung eines Ex-Sprechers von Sebastian Kurz (\u00d6VP) in dessen Zeit als Au\u00dfenminister bzw. Bundeskanzler zum Botschafter in den Vereinigten Arabischen Emiraten (VAE) sorgt laut der Onlineausgabe der Zeitung &#8222;Der Standard&#8220; f\u00fcr Diskussionen. Ein in der Ausscheidung unterlegener Bewerber f\u00fcr den Posten wandte sich<span class=\"more-link\"><a href=\"https:\/\/wienernachrichten.at\/?p=849\">Continue Reading<\/a><\/span><\/p>\n","protected":false},"author":2,"featured_media":0,"comment_status":"open","ping_status":"open","sticky":false,"template":"","format":"standard","meta":[],"categories":[1],"tags":[],"_links":{"self":[{"href":"https:\/\/wienernachrichten.at\/index.php?rest_route=\/wp\/v2\/posts\/849"}],"collection":[{"href":"https:\/\/wienernachrichten.at\/index.php?rest_route=\/wp\/v2\/posts"}],"about":[{"href":"https:\/\/wienernachrichten.at\/index.php?rest_route=\/wp\/v2\/types\/post"}],"author":[{"embeddable":true,"href":"https:\/\/wienernachrichten.at\/index.php?rest_route=\/wp\/v2\/users\/2"}],"replies":[{"embeddable":true,"href":"https:\/\/wienernachrichten.at\/index.php?rest_route=%2Fwp%2Fv2%2Fcomments&post=849"}],"version-history":[{"count":1,"href":"https:\/\/wienernachrichten.at\/index.php?rest_route=\/wp\/v2\/posts\/849\/revisions"}],"predecessor-version":[{"id":850,"href":"https:\/\/wienernachrichten.at\/index.php?rest_route=\/wp\/v2\/posts\/849\/revisions\/850"}],"wp:attachment":[{"href":"https:\/\/wienernachrichten.at\/index.php?rest_route=%2Fwp%2Fv2%2Fmedia&parent=849"}],"wp:term":[{"taxonomy":"category","embeddable":true,"href":"https:\/\/wienernachrichten.at\/index.php?rest_route=%2Fwp%2Fv2%2Fcategories&post=849"},{"taxonomy":"post_tag","embeddable":true,"href":"https:\/\/wienernachrichten.at\/index.php?rest_route=%2Fwp%2Fv2%2Ftags&post=849"}],"curies":[{"name":"wp","href":"https:\/\/api.w.org\/{rel}","templated":true}]}}