{"id":845,"date":"2023-02-06T16:28:25","date_gmt":"2023-02-06T15:28:25","guid":{"rendered":"http:\/\/wienernachrichten.at\/?p=845"},"modified":"2023-02-06T16:28:25","modified_gmt":"2023-02-06T15:28:25","slug":"bundesliga","status":"publish","type":"post","link":"https:\/\/wienernachrichten.at\/?p=845","title":{"rendered":"<strong><a href=\"https:\/\/www.sn.at\/sport\/fussball\/bundesliga\/\">BUNDESLIGA<\/a><\/strong>"},"content":{"rendered":"\n<h1>Red Bull Salzburg nimmt Lukas Ibertsberger unter Vertrag<\/h1>\n\n\n\n<p>Fu\u00dfballmeister Red Bull Salzburg hat Lukas Ibertsberger vom Kooperationsclub FC Liefering unter Vertrag genommen. Der 19-j\u00e4hrige Linksverteidiger unterschrieb bis Juni 2025, wird aber vorerst weiter f\u00fcr den Zweitligisten Liefering spielen.<\/p>\n\n\n\n<p>Lukas Ibertsberger ist bei den Salzburgern bereits der dritte aus der Ibertsberger-Familie. Vater Robert Ibertsberger, derzeit vereinsloser Trainer, spielte von 1996 bis 1999 f\u00fcr die Bullen und schaffte es in dieser Zeit auch ins Nationalteam. Onkel Andreas, der j\u00fcngere Bruder von Robert, war von 2001 bis 2004 f\u00fcr Salzburg im Einsatz.<\/p>\n\n\n\n<p>QUELLE : https:\/\/www.sn.at\/sport\/fussball\/bundesliga\/red-bull-salzburg-nimmt-lukas-ibertsberger-unter-vertrag-133648501<\/p>\n\n\n\n<p><\/p>\n\n\n\n<p><\/p>\n","protected":false},"excerpt":{"rendered":"<p>Red Bull Salzburg nimmt Lukas Ibertsberger unter Vertrag Fu\u00dfballmeister Red Bull Salzburg hat Lukas Ibertsberger vom Kooperationsclub FC Liefering unter Vertrag genommen. Der 19-j\u00e4hrige Linksverteidiger unterschrieb bis Juni 2025, wird aber vorerst weiter f\u00fcr den Zweitligisten Liefering spielen. Lukas Ibertsberger ist bei den Salzburgern bereits der dritte aus der Ibertsberger-Familie.<span class=\"more-link\"><a href=\"https:\/\/wienernachrichten.at\/?p=845\">Continue Reading<\/a><\/span><\/p>\n","protected":false},"author":2,"featured_media":0,"comment_status":"open","ping_status":"open","sticky":false,"template":"","format":"standard","meta":[],"categories":[1],"tags":[],"_links":{"self":[{"href":"https:\/\/wienernachrichten.at\/index.php?rest_route=\/wp\/v2\/posts\/845"}],"collection":[{"href":"https:\/\/wienernachrichten.at\/index.php?rest_route=\/wp\/v2\/posts"}],"about":[{"href":"https:\/\/wienernachrichten.at\/index.php?rest_route=\/wp\/v2\/types\/post"}],"author":[{"embeddable":true,"href":"https:\/\/wienernachrichten.at\/index.php?rest_route=\/wp\/v2\/users\/2"}],"replies":[{"embeddable":true,"href":"https:\/\/wienernachrichten.at\/index.php?rest_route=%2Fwp%2Fv2%2Fcomments&post=845"}],"version-history":[{"count":1,"href":"https:\/\/wienernachrichten.at\/index.php?rest_route=\/wp\/v2\/posts\/845\/revisions"}],"predecessor-version":[{"id":846,"href":"https:\/\/wienernachrichten.at\/index.php?rest_route=\/wp\/v2\/posts\/845\/revisions\/846"}],"wp:attachment":[{"href":"https:\/\/wienernachrichten.at\/index.php?rest_route=%2Fwp%2Fv2%2Fmedia&parent=845"}],"wp:term":[{"taxonomy":"category","embeddable":true,"href":"https:\/\/wienernachrichten.at\/index.php?rest_route=%2Fwp%2Fv2%2Fcategories&post=845"},{"taxonomy":"post_tag","embeddable":true,"href":"https:\/\/wienernachrichten.at\/index.php?rest_route=%2Fwp%2Fv2%2Ftags&post=845"}],"curies":[{"name":"wp","href":"https:\/\/api.w.org\/{rel}","templated":true}]}}