{"id":841,"date":"2023-02-05T16:58:20","date_gmt":"2023-02-05T15:58:20","guid":{"rendered":"http:\/\/wienernachrichten.at\/?p=841"},"modified":"2023-02-05T16:58:20","modified_gmt":"2023-02-05T15:58:20","slug":"tennis-auch-thiem-verlor-in-rijeka","status":"publish","type":"post","link":"https:\/\/wienernachrichten.at\/?p=841","title":{"rendered":"TENNIS : AUCH THIEM VERLOR IN RIJEKA"},"content":{"rendered":"\n<p>0<a href=\"https:\/\/www.wienerzeitung.at\/nachrichten\/sport\/mehr-sport\/2177304-Auch-Thiem-verlor-in-Rijeka.html#\">1<\/a>Novak unterlag Coric in zwei S\u00e4tzen. Thiem gegen hochklassigen Gojo ohne Satzgewinn.<\/p>\n\n\n\n<p id=\"absatz1\">eingeplanten 3:6,5:7-Niederlage von Dennis Novak gegen den Weltranglisten-23. Borna Coric, musste sich auch Dominic Thiem im zweiten Einzel geschlagen geben. Der Ex-US-Open-Sieger unterlag dem im Ranking 22 Pl\u00e4tze hinter ihm liegenden Borna Gojo vor rund 2.000 Fans mit 3:6,6:7(2).<\/p>\n\n\n\n<p>Damit ist der Traum vom zweiten Aufstieg in die Finalrunde der Weltgruppe nach 2021 in weite Ferne ger\u00fcckt. Denn die Truppe von Davis-Cup-Kapit\u00e4n J\u00fcrgen Melzer muss nun am Sonntag (ab 13.00 Uhr) sowohl das Doppel als auch die beiden ausst\u00e4ndigen Einzel gewinnen, um den Spie\u00df noch umzudrehen. Gelingt dies nicht, muss wie im Vorjahr im September gegen den Abstieg aus der Weltgruppe I gespielt werden.<\/p>\n\n\n\n<p>F\u00fcr Thiem begann sein Comeback nach fast dreieinhalb Jahren f\u00fcr den \u00d6TV schon nicht nach Wunsch: Zun\u00e4chst konnte er im Auftakt-Game einen Breakball nicht verwerten, dann musste er zum 1:3 selbst sein Service abgeben. Bei 2:4 fand Thiem zwei Rebreak-M\u00f6glichkeiten vor, doch es war Gojo, der auf 5:2 davonzog. Nach 41 Minuten stellte der Au\u00dfenseiter, der unter anderem mit krachendem Service beeindruckte, mit einem Zu-Null-Aufschlag-Game auf 6:3.<\/p>\n\n\n\n<h2>Verkrampft wirkender Thiem<\/h2>\n\n\n\n<p>Kompromisslos und mit enormem Druck war die Nummer 121 der Welt und nach dem Ausfall von Marin Cilic kroatische Nummer zwei gegen Thiem letztlich nie in Gefahr. Ein teilweise auch verkrampft wirkender Thiem fand in dem Match auf hohem Niveau kein Mittel gegen den 1,96-m-Mann, auch wenn Satz zwei weit enger verlief.<\/p>\n\n\n\n<p>W\u00e4hrend Gojo bei seinen Aufschlag-Spielen ungef\u00e4hrdet war, verhinderte Thiem bei 3:3 das Break gerade noch. Bis zum 5:5 ging es in der Tonart weiter, wobei Thiem bei einer 5:4-F\u00fchrung zumindest einmal in die N\u00e4he einer Breakchance, n\u00e4mlich auf Einstand, kam. Thiem wehrte bei 5:5 drei Breakballe ab und stellte das 6:5, her. Unbeeindruckt auch vom engeren Zwischenstand servierte sich Gojo ins Tiebreak, in dem Thiem nach einem Doppelfehler zum 1:3 in R\u00fcckstand geriet und sich bei 2:6 nach 1:45 Stunden vier Matchb\u00e4llen gegen\u00fcbersah. Gojo verwertete gleich den ersten mit einem krachenden Returnwinner.<\/p>\n\n\n\n<p>Im ersten Match hatte sich Dennis Novak gut verkauft. Nach 1:58 Stunden unterlag er dem favorisierten Weltranglisten-23. Borna Coric nach 1:58 Stunden mit 3:6,5:7.<\/p>\n\n\n\n<p>&#8222;Mit einer Niederlage kann man nie zufrieden sein, aber ich kann auf jeden Fall viel Positives mitnehmen&#8220;, bilanzierte Novak nach seinem ersten Duell mit Coric. &#8222;Es waren Kleinigkeiten, die heute den Ausschlag gegeben haben. Ein paar unerzwungene Fehler von mir zu viel, aber ich habe gewusst, ich muss das Risiko nehmen&#8220;, erkl\u00e4rte der Nieder\u00f6sterreicher seine Taktik.<\/p>\n\n\n\n<h2>Beinharter Schlagabtausch<\/h2>\n\n\n\n<p>Wenn er gleich wieder auf den Platz gehen w\u00fcrde, w\u00fcrde er nicht viel anders machen. &#8222;Ich kann mir nicht viel vorwerfen. Die paar unerzwungenen Fehler kommen bei so einem Spieler, weil der ist unglaublich in der Defensive, bewegt sich unmenschlich. Ich habe gewusst, ich muss zu den Linien gehen.&#8220;<\/p>\n\n\n\n<p>Ein beinharter Grundlinien-Schlagabtausch zwischen der Nummer 23 und der Nummer 144 der Welt stand von Beginn an auf der Tagesordnung. In seinem zw\u00f6lften L\u00e4nderkampf f\u00fcr \u00d6sterreich musste Novak aber zum 1:3 als erster Spieler den Aufschlag abgeben. Bei 1:4 wehrte der 29-j\u00e4hrige Nieder\u00f6sterreicher zwei Breakchancen des Kroaten ab und hatte dann bei 2:4 eine Rebreakchance. Doch letztlich war der erste Satz nicht mehr zu retten.<\/p>\n\n\n\n<p>Der zweite Durchgang verlief weit umk\u00e4mpfter. Bis zum 3:3 ging es mit dem Aufschlag, doch im siebenten Game drohte die Vorentscheidung, als der aufschlagende Novak mit 15:40 in R\u00fcckstand geriet. Der zweifache Familienvater wehrte diese beiden und auch noch einen weiteren Breakball aber ab und schaffte das 4:3. Bis zum 5:5 blieb es ausgeglichen, ehe Novak das Service zum 5:6 abgeben musste. Das war die Entscheidung zugunsten des Cincinnati-Siegers 2022.<\/p>\n\n\n\n<p>F\u00fcr Novak bedeutete der Auftritt gegen den Top-25-Mann auch einen Selbstvertrauenschub in Sachen Fitness. Er f\u00fchlt sich fit wie nie zuvor. &#8222;Ich habe mich in den letzten zwei, drei Monaten extrem verbessert. Ich habe f\u00fcnf Kilo abgenommen und habe meine Ern\u00e4hrung umgestellt.&#8220; Dieser Fitnessaufbau ist in der Vorbereitung auf Teneriffa auch in Zusammenarbeit mit dem Zehnk\u00e4mpfer Dominik Distelberger gelungen, erz\u00e4hlte Novak. (apa)<\/p>\n\n\n\n<p>QUELLE : https:\/\/www.wienerzeitung.at\/nachrichten\/sport\/mehr-sport\/2177304-Auch-Thiem-verlor-in-Rijeka.html<\/p>\n\n\n\n<p><\/p>\n\n\n\n<p><\/p>\n\n\n\n<p><\/p>\n","protected":false},"excerpt":{"rendered":"<p>01Novak unterlag Coric in zwei S\u00e4tzen. Thiem gegen hochklassigen Gojo ohne Satzgewinn. eingeplanten 3:6,5:7-Niederlage von Dennis Novak gegen den Weltranglisten-23. Borna Coric, musste sich auch Dominic Thiem im zweiten Einzel geschlagen geben. Der Ex-US-Open-Sieger unterlag dem im Ranking 22 Pl\u00e4tze hinter ihm liegenden Borna Gojo vor rund 2.000 Fans mit<span class=\"more-link\"><a href=\"https:\/\/wienernachrichten.at\/?p=841\">Continue Reading<\/a><\/span><\/p>\n","protected":false},"author":2,"featured_media":0,"comment_status":"open","ping_status":"open","sticky":false,"template":"","format":"standard","meta":[],"categories":[1],"tags":[],"_links":{"self":[{"href":"https:\/\/wienernachrichten.at\/index.php?rest_route=\/wp\/v2\/posts\/841"}],"collection":[{"href":"https:\/\/wienernachrichten.at\/index.php?rest_route=\/wp\/v2\/posts"}],"about":[{"href":"https:\/\/wienernachrichten.at\/index.php?rest_route=\/wp\/v2\/types\/post"}],"author":[{"embeddable":true,"href":"https:\/\/wienernachrichten.at\/index.php?rest_route=\/wp\/v2\/users\/2"}],"replies":[{"embeddable":true,"href":"https:\/\/wienernachrichten.at\/index.php?rest_route=%2Fwp%2Fv2%2Fcomments&post=841"}],"version-history":[{"count":1,"href":"https:\/\/wienernachrichten.at\/index.php?rest_route=\/wp\/v2\/posts\/841\/revisions"}],"predecessor-version":[{"id":842,"href":"https:\/\/wienernachrichten.at\/index.php?rest_route=\/wp\/v2\/posts\/841\/revisions\/842"}],"wp:attachment":[{"href":"https:\/\/wienernachrichten.at\/index.php?rest_route=%2Fwp%2Fv2%2Fmedia&parent=841"}],"wp:term":[{"taxonomy":"category","embeddable":true,"href":"https:\/\/wienernachrichten.at\/index.php?rest_route=%2Fwp%2Fv2%2Fcategories&post=841"},{"taxonomy":"post_tag","embeddable":true,"href":"https:\/\/wienernachrichten.at\/index.php?rest_route=%2Fwp%2Fv2%2Ftags&post=841"}],"curies":[{"name":"wp","href":"https:\/\/api.w.org\/{rel}","templated":true}]}}