{"id":1113,"date":"2023-04-05T17:25:53","date_gmt":"2023-04-05T16:25:53","guid":{"rendered":"http:\/\/wienernachrichten.at\/?p=1113"},"modified":"2023-04-05T17:25:53","modified_gmt":"2023-04-05T16:25:53","slug":"bildung-2","status":"publish","type":"post","link":"https:\/\/wienernachrichten.at\/?p=1113","title":{"rendered":"BILDUNG"},"content":{"rendered":"\n<h1>Bewerbungsfrist f\u00fcr Lehrpersonal angelaufen<\/h1>\n\n\n\n<p><strong>Im Burgenland ist die Bewerbungsfrist f\u00fcr neue Lehrerinnen und Lehrer angelaufen. Mehr als 30 Schulen in allen Bezirken des Landes suchen Personal.<\/strong>Online seit heute, 6.00 UhrTeilen<\/p>\n\n\n\n<p>Das Angebot richtet sich an Junglehrerinnen und -lehrer, aber auch an alle, die bereits unterrichten und ins Burgenland wechseln wollen. Lehrkr\u00e4fte f\u00fcr die Mittelschule und die Sonderschule sind besonders gefragt. Nach F\u00e4chern gesehen, gibt es einen verst\u00e4rkten Bedarf f\u00fcr Deutsch, Englisch, Mathematik, Kroatisch, Physik und Chemie. Die Ausschreibungsfrist f\u00fcr Pflichtschulen l\u00e4uft noch bis 16. April. F\u00fcr h\u00f6here und mittlere Schulen kann man sich vom 25. April bis 5. Mai bewerben.<\/p>\n\n\n\n<figure class=\"wp-block-image\"><img src=\"https:\/\/cdn2.movad.net\/outstream\/v3\/images\/icons\/close.svg\" alt=\"\"\/><\/figure>\n\n\n\n<figure class=\"wp-block-image\"><img src=\"https:\/\/cdn2.movad.net\/outstream\/v3\/images\/icons\/mute.svg\" alt=\"\"\/><\/figure>\n\n\n\n<p><video preload=\"metadata\"><\/video><\/p>\n\n\n\n<h2>Winkler: \u201eGut aufgestellt\u201c<\/h2>\n\n\n\n<p>Das Burgenland sei derzeit im Bildungsbereich personell im Vergleich zu den anderen Bundesl\u00e4ndern gut aufgestellt, so Bildungslandesr\u00e4tin Daniela Winkler (SP\u00d6). Man wolle nun rechtzeitig Vorsorge treffen, damit das auch so bleibe. Die Gewerkschaft der Pflichtschullehrer sieht das anders und kritisiert, dass es nur auf dem Papier gen\u00fcgend Lehrerinnen und Lehrer gebe \u2013 mehr dazu in&nbsp;<a href=\"https:\/\/burgenland.orf.at\/stories\/3201213\/\">Kritik: Zu wenig Lehrer, zu hohe Belastung<\/a><\/p>\n\n\n\n<p>Aktuell gibt es im Burgenland rund 2.500 Landeslehrerinnen und -lehrer sowie etwa 1.600 Bundeslehrerinnen und -lehrer. Sie unterrichten fast 34.000 Sch\u00fclerinnen und Sch\u00fcler an den 176 Volksschulen, 41 Mittelschulen, elf AHS, sieben allgemeinen Sonderschulen und 20 berufsbildenden mittleren und h\u00f6heren Schulen des Landes.<\/p>\n\n\n\n<p>red, burgenland.ORF.at<\/p>\n\n\n\n<h2>Link:<\/h2>\n\n\n\n<ul><li><a href=\"https:\/\/www.bildung-bgld.gv.at\/\">Bildungsdirektion Burgenland<\/a><\/li><\/ul>\n\n\n\n<p>QELLE :ORF.AT <\/p>\n\n\n\n<p><\/p>\n","protected":false},"excerpt":{"rendered":"<p>Bewerbungsfrist f\u00fcr Lehrpersonal angelaufen Im Burgenland ist die Bewerbungsfrist f\u00fcr neue Lehrerinnen und Lehrer angelaufen. Mehr als 30 Schulen in allen Bezirken des Landes suchen Personal.Online seit heute, 6.00 UhrTeilen Das Angebot richtet sich an Junglehrerinnen und -lehrer, aber auch an alle, die bereits unterrichten und ins Burgenland wechseln wollen.<span class=\"more-link\"><a href=\"https:\/\/wienernachrichten.at\/?p=1113\">Continue Reading<\/a><\/span><\/p>\n","protected":false},"author":2,"featured_media":0,"comment_status":"open","ping_status":"open","sticky":false,"template":"","format":"standard","meta":[],"categories":[1],"tags":[],"_links":{"self":[{"href":"https:\/\/wienernachrichten.at\/index.php?rest_route=\/wp\/v2\/posts\/1113"}],"collection":[{"href":"https:\/\/wienernachrichten.at\/index.php?rest_route=\/wp\/v2\/posts"}],"about":[{"href":"https:\/\/wienernachrichten.at\/index.php?rest_route=\/wp\/v2\/types\/post"}],"author":[{"embeddable":true,"href":"https:\/\/wienernachrichten.at\/index.php?rest_route=\/wp\/v2\/users\/2"}],"replies":[{"embeddable":true,"href":"https:\/\/wienernachrichten.at\/index.php?rest_route=%2Fwp%2Fv2%2Fcomments&post=1113"}],"version-history":[{"count":1,"href":"https:\/\/wienernachrichten.at\/index.php?rest_route=\/wp\/v2\/posts\/1113\/revisions"}],"predecessor-version":[{"id":1114,"href":"https:\/\/wienernachrichten.at\/index.php?rest_route=\/wp\/v2\/posts\/1113\/revisions\/1114"}],"wp:attachment":[{"href":"https:\/\/wienernachrichten.at\/index.php?rest_route=%2Fwp%2Fv2%2Fmedia&parent=1113"}],"wp:term":[{"taxonomy":"category","embeddable":true,"href":"https:\/\/wienernachrichten.at\/index.php?rest_route=%2Fwp%2Fv2%2Fcategories&post=1113"},{"taxonomy":"post_tag","embeddable":true,"href":"https:\/\/wienernachrichten.at\/index.php?rest_route=%2Fwp%2Fv2%2Ftags&post=1113"}],"curies":[{"name":"wp","href":"https:\/\/api.w.org\/{rel}","templated":true}]}}