{"id":1107,"date":"2023-04-05T17:22:22","date_gmt":"2023-04-05T16:22:22","guid":{"rendered":"http:\/\/wienernachrichten.at\/?p=1107"},"modified":"2023-04-05T17:22:22","modified_gmt":"2023-04-05T16:22:22","slug":"landwirtschaft","status":"publish","type":"post","link":"https:\/\/wienernachrichten.at\/?p=1107","title":{"rendered":"LANDWIRTSCHAFT"},"content":{"rendered":"\n<h1>Minusgrade setzen Obstb\u00e4umen zu<\/h1>\n\n\n\n<p><strong>Das derzeitige Aprilwetter macht den Obstbauern im Burgenland zu schaffen. Die n\u00e4chtlichen Minusgrade setzen den bl\u00fchenden B\u00e4umen zu, best\u00e4tigt der Pr\u00e4sident des Burgenl\u00e4ndischen Obstbauverbandes, Johann Plemenschits.<\/strong>Online seit heute, 12.22 Uhr&nbsp;(Update: 12.43 Uhr)Teilen<\/p>\n\n\n\n<p>Die Obstbauern seien in Sorge, dass bereits Sch\u00e4den passiert sein k\u00f6nnten und die kommenden N\u00e4chte sollen laut Wetterprognose auch kalt werden. \u201eDie Obstbauern leben momentan im Ungewissen\u201c, so Plemenschits im Interview mit ORF Burgenland-Reporter Thomas Prunner.<\/p>\n\n\n\n<figure class=\"wp-block-image\"><img src=\"https:\/\/oekastatic.orf.at\/mims\/2023\/14\/84\/crops\/w=1280,q=90\/1741470_bigpicture_645184_obst2.jpg?s=c8ea4224a646eaa5b98acd602a7875d3ef4e7da3\" alt=\"Obstgarten\"\/><figcaption>Die burgenl\u00e4ndischen Obstbauern bef\u00fcrchten weitere Frostn\u00e4chte, die zu Sch\u00e4den f\u00fchren k\u00f6nnen<\/figcaption><\/figure>\n\n\n\n<p><strong>Frostschutzberegnung<\/strong>: Obstbauern sch\u00fctzen die empfindlichen Bl\u00fcten vor Frostsch\u00e4den, indem sie Beregnungsanlagen einsetzen, die einen feinen Spr\u00fchnebel auf dem Baum verteilen. Gefriert das Wasser auf den Bl\u00fcten, wird sogenannte Kristallisationsw\u00e4rme freigesetzt.<\/p>\n\n\n\n<h2>Wind verhindert Ma\u00dfnahmen<\/h2>\n\n\n\n<p>Der starke Wind verhindert au\u00dferdem eine Frostschutzberegnung. Auch andere Ma\u00dfnahmen seien aufgrund des starken Windes nicht m\u00f6glich. \u201eDamit ist man der Natur hilflos ausgeliefert und wir m\u00fcssen der Dinge harren, wie sie kommen. Mit dem Ergebnis, dass durchaus schwere Sch\u00e4den sein k\u00f6nnen\u201c, so Plemenschits.<\/p>\n\n\n\n<h2>Versicherung kann Schaden nicht decken<\/h2>\n\n\n\n<p>Die meisten Obstbauern seien zwar versichert, aber die Versicherung kann nicht den vollst\u00e4ndigen Schaden abdecken, best\u00e4tigt der Obmann. \u201eEine Versicherung kann nur Ersatz f\u00fcr Produktionskosten sein. Aber niemals ein Ausfallersatz f\u00fcr volle Ertr\u00e4ge, das ist unm\u00f6glich.\u201cDatenschutz-Einstellungen \u00f6ffnen:Soziale Netzwerke vollst\u00e4ndig anzeigen<\/p>\n\n\n\n<blockquote class=\"wp-block-quote\"><p>\ud83e\udd76Das hat Marillen, Kirschen und Co. nicht gefallen. Und die kommende Nacht wird genauso frostig wie diese.&nbsp;<a href=\"https:\/\/twitter.com\/hashtag\/Sp%C3%A4tfrost?src=hash&amp;ref_src=twsrc%5Etfw\">#Sp\u00e4tfrost<\/a>&nbsp;<a href=\"https:\/\/t.co\/NbLB1bHRL3\">pic.twitter.com\/NbLB1bHRL3<\/a>\u2014 Daniel Schrott (@DanielSchrott)&nbsp;<a href=\"https:\/\/twitter.com\/DanielSchrott\/status\/1643550566881148929?ref_src=twsrc%5Etfw\">5. April 2023<\/a><\/p><\/blockquote>\n\n\n\n<h2>\u201eObst muss teurer werden\u201c<\/h2>\n\n\n\n<p>Insgesamt seien der Aufwand in der Obstproduktion und das Risiko enorm, sagt Plemenschits. Er pl\u00e4diert daher daf\u00fcr, dass Obst teurer werden muss: \u201eDer Produktpreis muss dieses Risiko am Ende auch bezahlen, sodass ich im Abstand von f\u00fcnf Jahren f\u00fcr schlechte Jahre einen Ersatz bekomme. Ansonsten ist wirtschaftlich ein Fortbestehen schwierig oder unm\u00f6glich.\u201c<\/p>\n\n\n\n<p>red, burgenland.ORF.at<\/p>\n\n\n\n<h2>Links:<\/h2>\n\n\n\n<ul><li><a href=\"https:\/\/burgenland.orf.at\/stories\/3200565\/\">Sp\u00e4ter Frost bedroht die Marillenernte<\/a><\/li><li><a href=\"https:\/\/burgenland.orf.at\/stories\/3198758\/\">Marillenbauern zittern vor Frostn\u00e4chten<\/a><\/li><\/ul>\n\n\n\n<p>QELLE : ORF.AT <\/p>\n\n\n\n<p><\/p>\n","protected":false},"excerpt":{"rendered":"<p>Minusgrade setzen Obstb\u00e4umen zu Das derzeitige Aprilwetter macht den Obstbauern im Burgenland zu schaffen. Die n\u00e4chtlichen Minusgrade setzen den bl\u00fchenden B\u00e4umen zu, best\u00e4tigt der Pr\u00e4sident des Burgenl\u00e4ndischen Obstbauverbandes, Johann Plemenschits.Online seit heute, 12.22 Uhr&nbsp;(Update: 12.43 Uhr)Teilen Die Obstbauern seien in Sorge, dass bereits Sch\u00e4den passiert sein k\u00f6nnten und die kommenden<span class=\"more-link\"><a href=\"https:\/\/wienernachrichten.at\/?p=1107\">Continue Reading<\/a><\/span><\/p>\n","protected":false},"author":2,"featured_media":0,"comment_status":"open","ping_status":"open","sticky":false,"template":"","format":"standard","meta":[],"categories":[1],"tags":[],"_links":{"self":[{"href":"https:\/\/wienernachrichten.at\/index.php?rest_route=\/wp\/v2\/posts\/1107"}],"collection":[{"href":"https:\/\/wienernachrichten.at\/index.php?rest_route=\/wp\/v2\/posts"}],"about":[{"href":"https:\/\/wienernachrichten.at\/index.php?rest_route=\/wp\/v2\/types\/post"}],"author":[{"embeddable":true,"href":"https:\/\/wienernachrichten.at\/index.php?rest_route=\/wp\/v2\/users\/2"}],"replies":[{"embeddable":true,"href":"https:\/\/wienernachrichten.at\/index.php?rest_route=%2Fwp%2Fv2%2Fcomments&post=1107"}],"version-history":[{"count":1,"href":"https:\/\/wienernachrichten.at\/index.php?rest_route=\/wp\/v2\/posts\/1107\/revisions"}],"predecessor-version":[{"id":1108,"href":"https:\/\/wienernachrichten.at\/index.php?rest_route=\/wp\/v2\/posts\/1107\/revisions\/1108"}],"wp:attachment":[{"href":"https:\/\/wienernachrichten.at\/index.php?rest_route=%2Fwp%2Fv2%2Fmedia&parent=1107"}],"wp:term":[{"taxonomy":"category","embeddable":true,"href":"https:\/\/wienernachrichten.at\/index.php?rest_route=%2Fwp%2Fv2%2Fcategories&post=1107"},{"taxonomy":"post_tag","embeddable":true,"href":"https:\/\/wienernachrichten.at\/index.php?rest_route=%2Fwp%2Fv2%2Ftags&post=1107"}],"curies":[{"name":"wp","href":"https:\/\/api.w.org\/{rel}","templated":true}]}}