{"id":1073,"date":"2023-04-05T16:56:01","date_gmt":"2023-04-05T15:56:01","guid":{"rendered":"http:\/\/wienernachrichten.at\/?p=1073"},"modified":"2023-04-05T16:56:01","modified_gmt":"2023-04-05T15:56:01","slug":"wirtschaft-6","status":"publish","type":"post","link":"https:\/\/wienernachrichten.at\/?p=1073","title":{"rendered":"WIRTSCHAFT"},"content":{"rendered":"\n<h1>Obstbauern sorgen sich vor Frost<\/h1>\n\n\n\n<p><strong>Bis inklusive Freitag muss in K\u00e4rnten noch mit Frost gerechnet werden. Die heimischen Obstbauern sorgen sich, denn Frost im falschen Moment kann die Ernte eines ganzen Jahres vernichten. Deshalb wird derzeit alles getan, um die Triebe zu sch\u00fctzen.<\/strong>Online seit gestern, 18.57 UhrTeilen<\/p>\n\n\n\n<p>Wegen des milden Wetters in den vergangenen Wochen trieben die ersten Obstb\u00e4ume bereits aus. Mit dem Frost drohen nun Totalausf\u00e4lle bei der Ernte. Auch diese Situation ist, wie auch schon in den vergangenen Jahren, eine Folge des Klimawandels. Die Pflanzen treiben fr\u00fcher aus und sind dann besonders frostempfindlich.<strong>Angst der Obstbauern vor Frost<\/strong>02:32<\/p>\n\n\n\n<h2>Frostberegnung unter minus zwei Grad<\/h2>\n\n\n\n<p>Auf dem Hof von Obstbauer Hans Innerhofer in Villach Landskron geben derzeit die Temperaturen den Takt vor. Fallen sie unter minus zwei Grad, beginnt die Frostberegnungs-Anlage zu arbeiten, so wie letzte Nacht. Stundenlang wurden die Apfelb\u00e4ume k\u00fcnstlich beregnet und vereist, mit dem Ziel, die austreibenden Bl\u00fctenknospen vor dem Frost zu sch\u00fctzen.<\/p>\n\n\n\n<p>\u201eWenn Wasser gefriert, entsteht W\u00e4rme\u201c, erkl\u00e4rt Obstbauer Hans Innerhofer die physikalische Wirkung der Vereisung: \u201eDiese W\u00e4rme, die durch den laufenden Gefrierprozess aktiviert wird, sch\u00fctzt die Bl\u00fcte.\u201c<\/p>\n\n\n\n<figure class=\"wp-block-image\"><img src=\"https:\/\/oekastatic.orf.at\/mims\/2023\/14\/42\/crops\/w=1280,q=90\/1740797_bigpicture_644842_20230404_kh_frost-angst_der_obstbauern_230404_00_00_35_06.jpg?s=bc598d508524b0e5bb54a7ce732324fb46d6436b\" alt=\"Obstbauer Hans Innerhofer\"\/><figcaption>Obstbauer Hans Innerhofer<\/figcaption><\/figure>\n\n\n\n<h2>45.000 Liter Wasser pro Hektar<\/h2>\n\n\n\n<p>Es ist eine kostenintensive Ma\u00dfnahme, die sich im Kampf gegen den Frost nicht jeder leisten kann. Pro Hektar werden 45.000 Liter Wasser ben\u00f6tigt, dank Tiefenbrunnen ist das hier m\u00f6glich, sagt Innerhofer. Die Anlage hat er vor drei Jahren gemeinsam mit seinem Sohn Georg angeschafft, sie soll ihn auch heuer wieder vor gr\u00f6\u00dferen Frostsch\u00e4den bewahren, die zu einer immer gr\u00f6\u00dferen Herausforderung werden.<\/p>\n\n\n\n<p>\u201eEs ist ein Existenzproblem. Wenn ich die Frostberegnung nicht h\u00e4tte, w\u00e4re in den n\u00e4chsten zwei bis drei N\u00e4chten sicher mit einem Totalausfall zu rechnen.\u201c<\/p>\n\n\n\n<figure class=\"wp-block-image\"><img src=\"https:\/\/oekastatic.orf.at\/mims\/2023\/14\/45\/crops\/w=1280,q=90\/1740795_bigpicture_644845_20230404_kh_frost-angst_der_obstbauern_230404_00_01_15_12.jpg?s=2075464fb72d7900adedbf4a942f493492092097\" alt=\"Meteorologe Gerhard Hohenwarter von der Geosphere Austria\"\/><figcaption>Gerhard Hohenwarter von Geosphere Austria<\/figcaption><\/figure>\n\n\n\n<h2>Problem ist die fr\u00fchere Bl\u00fcte<\/h2>\n\n\n\n<p>Dass Obstbauern wegen Frosts immer \u00f6fter um ihre Ernte bangen m\u00fcssen, hat auch mit dem Klimawandel zu tun. Das Problem sei nicht der Frost Anfang April, sagte der Meteorologe Gerhard Hohenwarter von GeoSphere Austria, diesen Frost seien wir eigentlich gewohnt: \u201eDas Problem ist, dass durch die milden Sp\u00e4twinter die Vegetation immer fr\u00fcher in Gang kommt und die Bl\u00fcte immer fr\u00fcher im Jahr kommt. Wenn dann nat\u00fcrlich ein Frosteinbruch kommt, ist das doppelt problematisch.\u201c<\/p>\n\n\n\n<figure class=\"wp-block-image\"><img src=\"https:\/\/oekastatic.orf.at\/mims\/2023\/14\/39\/crops\/w=1280,q=90\/1740806_bigpicture_644839_20230404_kh_frost-angst_der_obstbauern_230404_00_01_35_19.jpg?s=f2b352a2eb0758451cbd0b187e678ff5ec9c5443\" alt=\"Siegfried Quendler vom Obst- und Weinbauzentrum der Landwirtschaftskammer\"\/><figcaption>Siegfried Quendler vom Obst- und Weinbauzentrum der Landwirtschaftskammer K\u00e4rnten<\/figcaption><\/figure>\n\n\n\n<h2>Obstbauzentrum: Sind 14 Tage fr\u00fcher dran<\/h2>\n\n\n\n<p>Auch im Obstbauzentrum in St. Andr\u00e4 im Lavanttal kann man die Entwicklung best\u00e4tigen. Siegfried Quendler vom Obst- und Weinbauzentrum der Landwirtschaftskammer K\u00e4rnten: \u201eUm diese Zeit hat es immer schon Frostn\u00e4chte gegeben, nur war die Entwicklung der Pflanzen noch nicht so weit. Wir sind jetzt etwa zehn bis 14 Tage fr\u00fcher dran.\u201c Seit 2016 m\u00fcsse jedes Jahr wegen der Frostn\u00e4chte um die Pflanzen gezittert werden, sagte Quendler.<\/p>\n\n\n\n<p>Kosteng\u00fcnstige Ma\u00dfnahmen gegen den K\u00e4lteschaden gibt es nicht mehr. Auch bei Paraffinkerzen hat die Teuerung zugeschlagen, sagte Quendler: \u201eDie Preise sind jenseits von 14 Euro pro St\u00fcck. Auf die Fl\u00e4che umgerechnet brauche ich mindesten 200 bis 300 St\u00fcck, damit ich einen erkennbaren Erfolg habe. Das m\u00fcsste und sollte sich dann beim Verkauf im Preis niederschlagen.\u201c<\/p>\n\n\n\n<figure class=\"wp-block-image\"><img src=\"https:\/\/oekastatic.orf.at\/mims\/2023\/14\/40\/crops\/w=1280,q=90\/1740808_bigpicture_644840_20230404_kh_frost-angst_der_obstbauern_230404_00_02_32_10.jpg?s=e2cc3f7e23c50f9b9c637d28e8213703cceeaafd\" alt=\"Spargelernte mit Folientunnel\"\/><figcaption>Folientunnel sch\u00fctzen den Spargel nur bedingt<\/figcaption><\/figure>\n\n\n\n<h2>Auch Spargelernte gef\u00e4hrdet<\/h2>\n\n\n\n<p>Die anhaltende K\u00e4lte kann auch zur Gefahr f\u00fcr die bevorstehende Spargelernte werden. Folientunnel sch\u00fctzen nur bedingt, einzelne Frostsch\u00e4den gibt es auch hier schon. Nur eine zeitgerechte und rasche Ernte kann einen Wertverlust verhindern.<\/p>\n\n\n\n<p>red, kaernten.ORF.at<\/p>\n\n\n\n<h2>Links:<\/h2>\n\n\n\n<ul><li><a href=\"https:\/\/steiermark.orf.at\/stories\/3201673\/\">Frostn\u00e4chte: Landwirtschaft besorgt<\/a>&nbsp;(steiermark.ORF.at)<\/li><li><a href=\"https:\/\/noe.orf.at\/stories\/3201583\/\">Erste Frostsch\u00e4den an Marillenb\u00e4umen<\/a>&nbsp;(nieder\u00f6sterreich.ORF.at)<\/li><\/ul>\n\n\n\n<p>QELLE : ORF.AT <\/p>\n\n\n\n<p><\/p>\n","protected":false},"excerpt":{"rendered":"<p>Obstbauern sorgen sich vor Frost Bis inklusive Freitag muss in K\u00e4rnten noch mit Frost gerechnet werden. Die heimischen Obstbauern sorgen sich, denn Frost im falschen Moment kann die Ernte eines ganzen Jahres vernichten. Deshalb wird derzeit alles getan, um die Triebe zu sch\u00fctzen.Online seit gestern, 18.57 UhrTeilen Wegen des milden<span class=\"more-link\"><a href=\"https:\/\/wienernachrichten.at\/?p=1073\">Continue Reading<\/a><\/span><\/p>\n","protected":false},"author":2,"featured_media":0,"comment_status":"open","ping_status":"open","sticky":false,"template":"","format":"standard","meta":[],"categories":[1],"tags":[],"_links":{"self":[{"href":"https:\/\/wienernachrichten.at\/index.php?rest_route=\/wp\/v2\/posts\/1073"}],"collection":[{"href":"https:\/\/wienernachrichten.at\/index.php?rest_route=\/wp\/v2\/posts"}],"about":[{"href":"https:\/\/wienernachrichten.at\/index.php?rest_route=\/wp\/v2\/types\/post"}],"author":[{"embeddable":true,"href":"https:\/\/wienernachrichten.at\/index.php?rest_route=\/wp\/v2\/users\/2"}],"replies":[{"embeddable":true,"href":"https:\/\/wienernachrichten.at\/index.php?rest_route=%2Fwp%2Fv2%2Fcomments&post=1073"}],"version-history":[{"count":1,"href":"https:\/\/wienernachrichten.at\/index.php?rest_route=\/wp\/v2\/posts\/1073\/revisions"}],"predecessor-version":[{"id":1074,"href":"https:\/\/wienernachrichten.at\/index.php?rest_route=\/wp\/v2\/posts\/1073\/revisions\/1074"}],"wp:attachment":[{"href":"https:\/\/wienernachrichten.at\/index.php?rest_route=%2Fwp%2Fv2%2Fmedia&parent=1073"}],"wp:term":[{"taxonomy":"category","embeddable":true,"href":"https:\/\/wienernachrichten.at\/index.php?rest_route=%2Fwp%2Fv2%2Fcategories&post=1073"},{"taxonomy":"post_tag","embeddable":true,"href":"https:\/\/wienernachrichten.at\/index.php?rest_route=%2Fwp%2Fv2%2Ftags&post=1073"}],"curies":[{"name":"wp","href":"https:\/\/api.w.org\/{rel}","templated":true}]}}