{"id":1071,"date":"2023-04-05T16:54:45","date_gmt":"2023-04-05T15:54:45","guid":{"rendered":"http:\/\/wienernachrichten.at\/?p=1071"},"modified":"2023-04-05T16:54:45","modified_gmt":"2023-04-05T15:54:45","slug":"bildung","status":"publish","type":"post","link":"https:\/\/wienernachrichten.at\/?p=1071","title":{"rendered":"BILDUNG"},"content":{"rendered":"\n<h1>Matura fast wieder mit alten Regeln<\/h1>\n\n\n\n<p><strong>Anfang Mai steht rund 2.800 Maturantinnen und Maturanten von AHS und BHS die Reifepr\u00fcfung bevor. W\u00e4hrend der Coronavirus-Pandemie gab es einige Pr\u00fcfungs-Erleichterungen, was f\u00fcr bessere Noten und eine deutlich h\u00f6here Erfolgsquote gesorgt hatte. Heuer gelten fast wieder die alten Matura-Regeln.<\/strong>Online seit heute, 5.48 UhrTeilen<\/p>\n\n\n\n<p>Pandemiebedingt wurden 2020 neue CoV-Regeln eingef\u00fchrt: Die m\u00fcndliche Matura war nur mehr freiwillig. Schriftlich gab es maximal drei F\u00e4cher zu absolvieren und auch die Klausurzeit wurde um eine Stunde verl\u00e4ngert. Die Maturanten des heurigen Jahrgangs werden auf all das verzichten m\u00fcssen. Nur eine einzige Erleichterung bleibt, die Jahresnote spielt neben der Pr\u00fcfung weiter in die Matura-Note mit hinein.<\/p>\n\n\n\n<h2>Jahresnote nur bedingt ber\u00fccksichtigt<\/h2>\n\n\n\n<p>Es gebe aber eine entscheidenden \u00c4nderung, sagte Bildungsdirektorin Isabella Penz: \u201eEin entscheidender Punkt ist, dass die Jahresnote bei der Gesamtbeurteilung der Pr\u00fcfungen nur dann eingerechnet wird, wenn 30 Prozent der Aufgabenstellungen der Klausurpr\u00fcfungen bewerkstelligt werden. Bei der m\u00fcndlichen Pr\u00fcfung gilt, dass die Jahresnote nur dann eingerechnet wird, wenn eine Mitwirkung bei den Pr\u00fcfungen gegeben ist. Dadurch zeigt sich wirklich ein gesamtes Leistungsbild der Sch\u00fclerinnen und Sch\u00fcler im gesamten Abschlussjahr.\u201c<\/p>\n\n\n\n<p>Es wird also nicht m\u00f6glich mehr sein, gar nicht mehr zur Matura anzutreten oder bei der m\u00fcndlichen Pr\u00fcfung nicht mitzuwirken, wie es einige Maturantinnen und Maturanten w\u00e4hrend der Pandemie gemacht haben, weil sie durch die Jahresnote bereits positiv waren.<\/p>\n\n\n\n<h2>Bildungsdirektion: Matura wird wieder sehr gut ausfallen<\/h2>\n\n\n\n<p>Beim Blick zur\u00fcck auf die letzten Jahrg\u00e4nge zeigt sich, dass die sogenannte \u201eCorona-Matura\u201c auch f\u00fcr weitaus bessere Noten gesorgt hatte und viel weniger Sch\u00fcler durchfielen, als ohne Covid-Regelunge. Rund 99 Prozent absolvierten den Maturajahrgang 2021\/22 in K\u00e4rnten positiv.<\/p>\n\n\n\n<p>Durch die R\u00fcckkehr ins alte System werde sich daran aber nicht viel \u00e4ndern, sagte Penz: \u201eIch rechne damit, dass die Leistungen der Sch\u00fclerinnen und Sch\u00fcler bei der schriftlichen und bei der m\u00fcndlichen Matura wieder gleich gut ausfallen werden. Unsere Sch\u00fcler sind sehr gut vorbereitet, sie sind sehr lernwillig und sehr motiviert. Ich denke, dass das Jahr wieder sehr gut ausfallen wird.\u201c<\/p>\n\n\n\n<h2>Fast drei Viertel der Maturanten wollen studieren<\/h2>\n\n\n\n<p>Laut einer \u00f6sterreichweiten Studie des Bildungsministeriums wollen die meisten Maturanten (72 Prozent) nach der Reifepr\u00fcfung studieren, Akademikerkinder besonders h\u00e4ufig.<\/p>\n\n\n\n<p>Den sofortigen Berufseinstieg oder eine zus\u00e4tzliche Ausbildung w\u00e4hlen immerhin neun Prozent der befragten Maturanten nur deshalb, weil sie sich ein Studium nicht leisten k\u00f6nnen oder in ihrem sozialen Umfeld keine Unterst\u00fctzung daf\u00fcr erhalten (2,2 Prozent).<\/p>\n\n\n\n<p>red, kaernten.ORF.at<\/p>\n\n\n\n<p>QELLE : ORF.AT <\/p>\n\n\n\n<p><\/p>\n","protected":false},"excerpt":{"rendered":"<p>Matura fast wieder mit alten Regeln Anfang Mai steht rund 2.800 Maturantinnen und Maturanten von AHS und BHS die Reifepr\u00fcfung bevor. W\u00e4hrend der Coronavirus-Pandemie gab es einige Pr\u00fcfungs-Erleichterungen, was f\u00fcr bessere Noten und eine deutlich h\u00f6here Erfolgsquote gesorgt hatte. Heuer gelten fast wieder die alten Matura-Regeln.Online seit heute, 5.48 UhrTeilen<span class=\"more-link\"><a href=\"https:\/\/wienernachrichten.at\/?p=1071\">Continue Reading<\/a><\/span><\/p>\n","protected":false},"author":2,"featured_media":0,"comment_status":"open","ping_status":"open","sticky":false,"template":"","format":"standard","meta":[],"categories":[1],"tags":[],"_links":{"self":[{"href":"https:\/\/wienernachrichten.at\/index.php?rest_route=\/wp\/v2\/posts\/1071"}],"collection":[{"href":"https:\/\/wienernachrichten.at\/index.php?rest_route=\/wp\/v2\/posts"}],"about":[{"href":"https:\/\/wienernachrichten.at\/index.php?rest_route=\/wp\/v2\/types\/post"}],"author":[{"embeddable":true,"href":"https:\/\/wienernachrichten.at\/index.php?rest_route=\/wp\/v2\/users\/2"}],"replies":[{"embeddable":true,"href":"https:\/\/wienernachrichten.at\/index.php?rest_route=%2Fwp%2Fv2%2Fcomments&post=1071"}],"version-history":[{"count":1,"href":"https:\/\/wienernachrichten.at\/index.php?rest_route=\/wp\/v2\/posts\/1071\/revisions"}],"predecessor-version":[{"id":1072,"href":"https:\/\/wienernachrichten.at\/index.php?rest_route=\/wp\/v2\/posts\/1071\/revisions\/1072"}],"wp:attachment":[{"href":"https:\/\/wienernachrichten.at\/index.php?rest_route=%2Fwp%2Fv2%2Fmedia&parent=1071"}],"wp:term":[{"taxonomy":"category","embeddable":true,"href":"https:\/\/wienernachrichten.at\/index.php?rest_route=%2Fwp%2Fv2%2Fcategories&post=1071"},{"taxonomy":"post_tag","embeddable":true,"href":"https:\/\/wienernachrichten.at\/index.php?rest_route=%2Fwp%2Fv2%2Ftags&post=1071"}],"curies":[{"name":"wp","href":"https:\/\/api.w.org\/{rel}","templated":true}]}}