{"id":1069,"date":"2023-04-05T16:53:48","date_gmt":"2023-04-05T15:53:48","guid":{"rendered":"http:\/\/wienernachrichten.at\/?p=1069"},"modified":"2023-04-05T16:53:48","modified_gmt":"2023-04-05T15:53:48","slug":"politik-8","status":"publish","type":"post","link":"https:\/\/wienernachrichten.at\/?p=1069","title":{"rendered":"POLITIK"},"content":{"rendered":"\n<h1>Scheider: Jost-Verl\u00e4ngerung zur\u00fccknehmen<\/h1>\n\n\n\n<p><strong>Klagenfurts B\u00fcrgermeister Christian Scheider (Team K\u00e4rnten) h\u00e4tte den Vertrag von Magistratsdirektor Peter Jost nicht mittels Notfallparagrafen verl\u00e4ngern d\u00fcrfen, so die Gemeindeaufsicht in einem Bescheid. Scheider zieht Konsequenzen und will die umstrittene Bestellung r\u00fcckg\u00e4ngig machen. Juristisch werde der Bescheid aber weiterhin bek\u00e4mpft.<\/strong>Online seit heute, 12.27 UhrTeilen<\/p>\n\n\n\n<p>Bei der Pressekonferenz am Mittwoch kritisierte Scheider den Bescheid der Gemeindeaufsicht. Unterst\u00fctzt wurde er dabei vom zugeschalteten Juristen Bernd Wieser von der Universit\u00e4t Graz. Der Bescheid sei teilweise nicht nachvollziehbar und auch nicht unabh\u00e4ngig erstellt worden. Daher will die Stadt die Entscheidung der Gemeinde nun am Landesverwaltungsgericht bek\u00e4mpfen.<\/p>\n\n\n\n<h2>Gespr\u00e4ch mit Jost folgt<\/h2>\n\n\n\n<p>Auf politischer Ebene wird Scheider \u2013 wie angek\u00fcndigt \u2013 der Entscheidung der Gemeindeaufsicht nachkommen und die Bestellung des Magistratsdirektors Peter Jost r\u00fcckg\u00e4ngig machen. Der erste Schritt sei ein Gespr\u00e4ch zwischen ihm und Jost, ob die R\u00fcckg\u00e4ngigmachung auf gemeinsamem Wege m\u00f6glich sei, sagte Scheider. Das Gespr\u00e4ch soll direkt nach der Gemeinderatssitzung stattfinden.<\/p>\n\n\n\n<p>Laut Klagenfurter FP\u00d6 seien nunmehr alle Beteiligten aufgerufen, \u201ezur Vernunft zu kommen und zum Wohle der Stadt zu arbeiten\u201c, so FP\u00d6-Klubobmann Andreas Skorianz. Auch der Magistratsdirektor habe zur Kenntnis zu nehmen, \u201edass er das gesetzliche Pensionsalter erreicht\u201c. Es w\u00e4re unverantwortlich, wenn er die Stadt mit Rechtsstreitigkeiten weiter belaste.<\/p>\n\n\n\n<h2>Kritik an neuem Stellvertreter<\/h2>\n\n\n\n<p>Die FP\u00d6 hatte aber auch Kritik am neuen Stellvertreter des Magistratsdirektors, Stephane Binder ge\u00fcbt. Sein neuer Job sei mit der T\u00e4tigkeit im Stadtrechnungshof unvereinbar \u2013 mehr dazu in&nbsp;<a href=\"https:\/\/kaernten.orf.at\/stories\/3201693\/\">Neuer Stellvertreter f\u00fcr Magistratsdirektor<\/a>. Dazu sagte B\u00fcrgermeister Scheider, das sehe er anders, weil er aus der derzeitigen Funktion ausscheide. Binders Erfahrung im Kontrollbereich sei eine gute Verzahnung mit der jetzigen Position. Der neue Magistratsdirektor bzw. die neue Magistratsdirektorin soll nach einer Ausschreibung bis Oktober gefunden sein.<\/p>\n\n\n\n<p>red, kaernten.ORF.at<\/p>\n\n\n\n<h2>Links:<\/h2>\n\n\n\n<ul><li><a href=\"https:\/\/kaernten.orf.at\/stories\/3196797\/\">Gutachten: Jost-Abstimmung rechtswidrig<\/a><\/li><li><a href=\"https:\/\/kaernten.orf.at\/stories\/3194108\/\">Gemeinderat gegen Vertragsverl\u00e4ngerung<\/a><\/li><li><a href=\"https:\/\/kaernten.orf.at\/stories\/3191158\/\">Streit um Magistratsdirektor geht weiter<\/a><\/li><\/ul>\n\n\n\n<p>QELLE : ORF.AT <\/p>\n\n\n\n<p><\/p>\n","protected":false},"excerpt":{"rendered":"<p>Scheider: Jost-Verl\u00e4ngerung zur\u00fccknehmen Klagenfurts B\u00fcrgermeister Christian Scheider (Team K\u00e4rnten) h\u00e4tte den Vertrag von Magistratsdirektor Peter Jost nicht mittels Notfallparagrafen verl\u00e4ngern d\u00fcrfen, so die Gemeindeaufsicht in einem Bescheid. Scheider zieht Konsequenzen und will die umstrittene Bestellung r\u00fcckg\u00e4ngig machen. Juristisch werde der Bescheid aber weiterhin bek\u00e4mpft.Online seit heute, 12.27 UhrTeilen Bei der<span class=\"more-link\"><a href=\"https:\/\/wienernachrichten.at\/?p=1069\">Continue Reading<\/a><\/span><\/p>\n","protected":false},"author":2,"featured_media":0,"comment_status":"open","ping_status":"open","sticky":false,"template":"","format":"standard","meta":[],"categories":[1],"tags":[],"_links":{"self":[{"href":"https:\/\/wienernachrichten.at\/index.php?rest_route=\/wp\/v2\/posts\/1069"}],"collection":[{"href":"https:\/\/wienernachrichten.at\/index.php?rest_route=\/wp\/v2\/posts"}],"about":[{"href":"https:\/\/wienernachrichten.at\/index.php?rest_route=\/wp\/v2\/types\/post"}],"author":[{"embeddable":true,"href":"https:\/\/wienernachrichten.at\/index.php?rest_route=\/wp\/v2\/users\/2"}],"replies":[{"embeddable":true,"href":"https:\/\/wienernachrichten.at\/index.php?rest_route=%2Fwp%2Fv2%2Fcomments&post=1069"}],"version-history":[{"count":1,"href":"https:\/\/wienernachrichten.at\/index.php?rest_route=\/wp\/v2\/posts\/1069\/revisions"}],"predecessor-version":[{"id":1070,"href":"https:\/\/wienernachrichten.at\/index.php?rest_route=\/wp\/v2\/posts\/1069\/revisions\/1070"}],"wp:attachment":[{"href":"https:\/\/wienernachrichten.at\/index.php?rest_route=%2Fwp%2Fv2%2Fmedia&parent=1069"}],"wp:term":[{"taxonomy":"category","embeddable":true,"href":"https:\/\/wienernachrichten.at\/index.php?rest_route=%2Fwp%2Fv2%2Fcategories&post=1069"},{"taxonomy":"post_tag","embeddable":true,"href":"https:\/\/wienernachrichten.at\/index.php?rest_route=%2Fwp%2Fv2%2Ftags&post=1069"}],"curies":[{"name":"wp","href":"https:\/\/api.w.org\/{rel}","templated":true}]}}