{"id":1067,"date":"2023-04-05T16:52:43","date_gmt":"2023-04-05T15:52:43","guid":{"rendered":"http:\/\/wienernachrichten.at\/?p=1067"},"modified":"2023-04-05T16:52:43","modified_gmt":"2023-04-05T15:52:43","slug":"politik-7","status":"publish","type":"post","link":"https:\/\/wienernachrichten.at\/?p=1067","title":{"rendered":"POLITIK"},"content":{"rendered":"\n<h1>SP\u00d6-\u00d6VP-Koalitionsvertrag unterzeichnet<\/h1>\n\n\n\n<p><strong>Am Mittwoch ist der Koalitionsvertrag zwischen SP\u00d6 und \u00d6VP unterzeichnet worden. Auch das gemeinsame Regierungsprogramm wurde in groben Z\u00fcgen vorgestellt. Im Zentrum sollen Nachhaltigkeit stehen und die Verantwortung gegen\u00fcber der n\u00e4chsten Generation.<\/strong>Online seit heute, 11.19 Uhr&nbsp;(Update: 13.00 Uhr)Teilen<\/p>\n\n\n\n<p>Im Klagenfurter Lakesidepark, umrahmt von Blumen in den K\u00e4rntner Landesfarben, referierten Landeshauptmann Peter Kaiser (SP\u00d6) und \u00d6VP-Chef Martin Gruber inhaltliche Punkte aus dem Regierungsprogramm. Man werde als \u201eNachhaltigkeitskoalition\u201c in die 33. Legislaturperiode gehen und sich der gro\u00dfen Verpflichtung gegen\u00fcber den n\u00e4chsten Generationen zu stellen.<\/p>\n\n\n\n<figure class=\"wp-block-image\"><img src=\"https:\/\/oekastatic.orf.at\/mims\/2023\/14\/45\/crops\/w=1280,q=90\/1741409_bigpicture_645145_koalitionspakt_haimi03127_00_14_39_01.jpg?s=df9f7518b443864450353d92bc588c77533510ef\" alt=\"Peter Kaiser und Martin Gruber unterschreiben Koalitionsvertrag\"\/><figcaption>Unterschrift des Vertrags<\/figcaption><\/figure>\n\n\n\n<h2>Viersprachig verfasste Pr\u00e4ambel<\/h2>\n\n\n\n<p>In der viersprachig verfassten Pr\u00e4ambel des Regierungsprogramms verpflichte sich die Regierung, \u201euns den Herausforderungen einer rasant im Umbruch befindlichen Welt zu stellen\u201c, sagte Kaiser. K\u00e4rnten soll sich zu einem f\u00fchrenden Wirtschafts- und Industriestandort, aber auch Lebensstandort weiterentwickeln, die Energiewende verst\u00e4rkt umgesetzt werden. Die 17 Nachhaltigkeitsziele der Vereinten Nationen wurden als Messlatte f\u00fcr alle Ma\u00dfnahmen im Regierungsprogramm verankert. Kaiser: \u201eSie sind Ma\u00dfstab und Bekenntnis, um unsere eigenen T\u00e4tigkeiten zu messen, ob wir den Nachhaltigkeitszielen entsprechen.\u201c<\/p>\n\n\n\n<figure class=\"wp-block-image\"><img src=\"https:\/\/oekastatic.orf.at\/mims\/2023\/14\/47\/crops\/w=1280,q=90\/1741415_bigpicture_645147_koalitionspakt_haimi03128_00_00_30_19.jpg?s=1ee5872c420921184115e6ca25e8f425a81251b9\" alt=\"Regierungsteam der SP\u00d6\"\/><figcaption>SP\u00d6-Team<\/figcaption><\/figure>\n\n\n\n<p>Gruber meinte: \u201eWir wollen etwas f\u00fcr die n\u00e4chsten Generationen aufbauen und die Weichen f\u00fcr einen Zeitraum weit \u00fcber die Legislaturperiode hinaus stellen.\u201c Als koalitionsfreie R\u00e4ume wurden Europa- und Bundespolitik definiert, \u201esofern sie nicht K\u00e4rnten direkt tangieren\u201c, erkl\u00e4rte Kaiser. Au\u00dferdem k\u00f6nne der Koalitionsausschuss jederzeit solche R\u00e4ume definieren.<\/p>\n\n\n\n<h2>Von Windkraft bis Arbeitspl\u00e4tze<\/h2>\n\n\n\n<p>Konkret soll es mehr Windkraft und Photovoltaik auf Freifl\u00e4chen geben. Man brauche mehr Verordnungen, die erneuerbare Energie erm\u00f6glichen, statt sie zu verbieten. Auch sollen eigene Fl\u00e4chen f\u00fcr Windkraft ausgewiesen werden. Vor allem im l\u00e4ndlichen Raum soll es bessere \u00d6ffi-Anbindungen an Hauptstrecken geben. Im Kampf gegen den Fachkr\u00e4ftemangel soll es eine Standortagentur f\u00fcr Arbeitskr\u00e4fte geben. So sollen Fachkr\u00e4fte auf der EU angezogen, aber auch ausgewanderte K\u00e4rntnerinnen und K\u00e4rntner zur\u00fcckgeholt werden.<\/p>\n\n\n\n<p>Einen sogenannten Sideletter, also Nebenvereinbarungen etwa \u00fcber Postenbesetzungen, gebe es nicht, versicherten die Koalitionspartner.<\/p>\n\n\n\n<h2>Team K\u00e4rnten: Das Erreichte z\u00e4hlt<\/h2>\n\n\n\n<p>In einer Reaktion vom Team K\u00e4rnten sagte Parteichef Gerhard K\u00f6fer, nicht das Erz\u00e4hlte reiche, sondern das Erreichte z\u00e4hle. Man werde die Koalition in der Zukunft an ihren Taten messen und daran, was tats\u00e4chlich umgesetzt werde. K\u00f6fer fehlen die klaren Zukunftsvisionen und Leuchtturmprojekte, die von SP und VP in den kommenden Jahren forciert werden sollen. K\u00e4rnten stehe in vielen gro\u00dfen Bereichen, von der Pflege \u00fcber die medizinische Versorgung bis zur Bildung und der gef\u00e4hrlichen Entwicklung am Arbeitsmarkt, vor entscheidenden Herausforderungen, die umgehend angegangen werden m\u00fcssen, so K\u00f6fer.<\/p>\n\n\n\n<h2>FP\u00d6: Gegen Windr\u00e4der zur Wehr setzen<\/h2>\n\n\n\n<p>In einer Reaktion der FP\u00d6 am Mittwoch hei\u00dft es, Gruber habe schon sein zentrales Wahlversprechen gebrochen. Monatelang habe er einen R\u00fcckkauf der Flughafenanteile versprochen, nun ist vom Ziehen der Call-Option keine Rede mehr, so FP\u00d6-Landesparteiobmann Erwin Angerer. Angerer k\u00fcndigt auch weiter einen massiven Widerstand der FP\u00d6 gegen die Zerst\u00f6rung der K\u00e4rntner Berge und Almen durch Windr\u00e4der an.<\/p>\n\n\n\n<p>red, kaernten.ORF.at<\/p>\n\n\n\n<h2>Links:<\/h2>\n\n\n\n<ul><li><a href=\"https:\/\/kaernten.orf.at\/stories\/3201017\/\">SP\u00d6 und \u00d6VP bilden wieder Koalition<\/a><\/li><li><a href=\"https:\/\/kaernten.orf.at\/stories\/3201486\/\">So ist die SP\u00d6 k\u00fcnftig personell aufgestellt<\/a><\/li><\/ul>\n\n\n\n<p>QELLE : ORF.AT <\/p>\n\n\n\n<p><\/p>\n","protected":false},"excerpt":{"rendered":"<p>SP\u00d6-\u00d6VP-Koalitionsvertrag unterzeichnet Am Mittwoch ist der Koalitionsvertrag zwischen SP\u00d6 und \u00d6VP unterzeichnet worden. Auch das gemeinsame Regierungsprogramm wurde in groben Z\u00fcgen vorgestellt. Im Zentrum sollen Nachhaltigkeit stehen und die Verantwortung gegen\u00fcber der n\u00e4chsten Generation.Online seit heute, 11.19 Uhr&nbsp;(Update: 13.00 Uhr)Teilen Im Klagenfurter Lakesidepark, umrahmt von Blumen in den K\u00e4rntner Landesfarben,<span class=\"more-link\"><a href=\"https:\/\/wienernachrichten.at\/?p=1067\">Continue Reading<\/a><\/span><\/p>\n","protected":false},"author":2,"featured_media":0,"comment_status":"open","ping_status":"open","sticky":false,"template":"","format":"standard","meta":[],"categories":[1],"tags":[],"_links":{"self":[{"href":"https:\/\/wienernachrichten.at\/index.php?rest_route=\/wp\/v2\/posts\/1067"}],"collection":[{"href":"https:\/\/wienernachrichten.at\/index.php?rest_route=\/wp\/v2\/posts"}],"about":[{"href":"https:\/\/wienernachrichten.at\/index.php?rest_route=\/wp\/v2\/types\/post"}],"author":[{"embeddable":true,"href":"https:\/\/wienernachrichten.at\/index.php?rest_route=\/wp\/v2\/users\/2"}],"replies":[{"embeddable":true,"href":"https:\/\/wienernachrichten.at\/index.php?rest_route=%2Fwp%2Fv2%2Fcomments&post=1067"}],"version-history":[{"count":1,"href":"https:\/\/wienernachrichten.at\/index.php?rest_route=\/wp\/v2\/posts\/1067\/revisions"}],"predecessor-version":[{"id":1068,"href":"https:\/\/wienernachrichten.at\/index.php?rest_route=\/wp\/v2\/posts\/1067\/revisions\/1068"}],"wp:attachment":[{"href":"https:\/\/wienernachrichten.at\/index.php?rest_route=%2Fwp%2Fv2%2Fmedia&parent=1067"}],"wp:term":[{"taxonomy":"category","embeddable":true,"href":"https:\/\/wienernachrichten.at\/index.php?rest_route=%2Fwp%2Fv2%2Fcategories&post=1067"},{"taxonomy":"post_tag","embeddable":true,"href":"https:\/\/wienernachrichten.at\/index.php?rest_route=%2Fwp%2Fv2%2Ftags&post=1067"}],"curies":[{"name":"wp","href":"https:\/\/api.w.org\/{rel}","templated":true}]}}