{"id":1065,"date":"2023-04-05T16:51:42","date_gmt":"2023-04-05T15:51:42","guid":{"rendered":"http:\/\/wienernachrichten.at\/?p=1065"},"modified":"2023-04-05T16:51:42","modified_gmt":"2023-04-05T15:51:42","slug":"chronik-8","status":"publish","type":"post","link":"https:\/\/wienernachrichten.at\/?p=1065","title":{"rendered":"CHRONIK"},"content":{"rendered":"\n<h1>Neuer Anlauf f\u00fcr zweite Eishalle in Villach<\/h1>\n\n\n\n<p><strong>Seit Jahren wird in Villach der Bau einer zweiten Eishalle neben der Stadthalle diskutiert. Heuer k\u00f6nnte es f\u00fcr das Projekt tats\u00e4chlich ernst werden, wenn der Gemeinderat im Juni seine Zustimmung erteilt. Bereits im Sommer k\u00f6nnten die Abrissarbeiten auf dem Areal starten. Auch in der bestehenden Stadthalle sind Sanierungen vorgesehen.<\/strong>Online seit heute, 17.48 UhrTeilen<\/p>\n\n\n\n<p>Bereits seit 1997 verf\u00fcgt der KAC mit der Sepp-Puschnig-Halle in Klagenfurt \u00fcber eine zweite Eishalle. Jetzt soll auch Villach eine bekommen. Der Spatenstich h\u00e4tte urspr\u00fcnglich bereits 2021 erfolgen sollen. Bund und Land gaben damals F\u00f6rdergelder frei. 23 Millionen Euro wurden als Gesamtinvestitionssumme genannt. Doch im Zuge der Pandemie lagen die Pl\u00e4ne wieder auf Eis.<\/p>\n\n\n\n<p>Nun wird ein neuer Anlauf unternommen. In den n\u00e4chsten Wochen wird der Bebauungsplan im Villacher Rathaus ausgeh\u00e4ngt. Am 28. Juni wird das Vorhaben schlie\u00dflich dem Gemeinderat zur Beschlussfassung vorgelegt. Gibt es gr\u00fcnes Licht, k\u00f6nnte noch im Herbst mit dem Vergabeverfahren begonnen werden. Dieser Zeitplan wurde am Mittwoch gemeinsam von B\u00fcrgermeister G\u00fcnther Albel (SP\u00d6) sowie den Stadtr\u00e4ten Erwin Baumann (FP\u00d6) und Christian Pober (\u00d6VP) bekanntgegeben.<\/p>\n\n\n\n<h2>Bessere Trainingsbedingungen<\/h2>\n\n\n\n<p>Die zweite Eishalle k\u00f6nnte vor allem die Trainingsbedingungen f\u00fcr den VSV und die Nachwuchsteams verbessern. Auch ein Bundesleistungszentrum f\u00fcr Dameneishockey soll im Zuge des neuen Projekts auf dem Standort in Villach aufgebaut werden. Bereits im Sommer k\u00f6nnten die Vorbereitungen neben der Stadthalle beginnen: Die Stadt w\u00fcrde die bestehenden Lagerhallen und Garagen am Areal abrei\u00dfen, um Platz f\u00fcr die zweite Trainingshalle zu schaffen.<\/p>\n\n\n\n<h2>Sanierung der Stadthalle<\/h2>\n\n\n\n<p>Auch in der bestehenden Stadthalle werden in diesem Jahr erste Sanierungsma\u00dfnahmen umgesetzt. So wird in den kommenden Monaten die Bestuhlung optimiert, die Betonpiste unter der Eisfl\u00e4che saniert und das Fluchtweg-System verbessert.<\/p>\n\n\n\n<p>red, kaernten.ORF.at<\/p>\n\n\n\n<h2>Link<\/h2>\n\n\n\n<ul><li><a href=\"https:\/\/kaernten.orf.at\/stories\/3114640\/\">Siegerprojekt f\u00fcr Eishalle Villach gek\u00fcrt<\/a>&nbsp;(kaernten.ORF.at, 28.7.2021)<\/li><\/ul>\n\n\n\n<p>QELLE : ORF.AT <\/p>\n\n\n\n<p><\/p>\n","protected":false},"excerpt":{"rendered":"<p>Neuer Anlauf f\u00fcr zweite Eishalle in Villach Seit Jahren wird in Villach der Bau einer zweiten Eishalle neben der Stadthalle diskutiert. Heuer k\u00f6nnte es f\u00fcr das Projekt tats\u00e4chlich ernst werden, wenn der Gemeinderat im Juni seine Zustimmung erteilt. Bereits im Sommer k\u00f6nnten die Abrissarbeiten auf dem Areal starten. Auch in<span class=\"more-link\"><a href=\"https:\/\/wienernachrichten.at\/?p=1065\">Continue Reading<\/a><\/span><\/p>\n","protected":false},"author":2,"featured_media":0,"comment_status":"open","ping_status":"open","sticky":false,"template":"","format":"standard","meta":[],"categories":[1],"tags":[],"_links":{"self":[{"href":"https:\/\/wienernachrichten.at\/index.php?rest_route=\/wp\/v2\/posts\/1065"}],"collection":[{"href":"https:\/\/wienernachrichten.at\/index.php?rest_route=\/wp\/v2\/posts"}],"about":[{"href":"https:\/\/wienernachrichten.at\/index.php?rest_route=\/wp\/v2\/types\/post"}],"author":[{"embeddable":true,"href":"https:\/\/wienernachrichten.at\/index.php?rest_route=\/wp\/v2\/users\/2"}],"replies":[{"embeddable":true,"href":"https:\/\/wienernachrichten.at\/index.php?rest_route=%2Fwp%2Fv2%2Fcomments&post=1065"}],"version-history":[{"count":1,"href":"https:\/\/wienernachrichten.at\/index.php?rest_route=\/wp\/v2\/posts\/1065\/revisions"}],"predecessor-version":[{"id":1066,"href":"https:\/\/wienernachrichten.at\/index.php?rest_route=\/wp\/v2\/posts\/1065\/revisions\/1066"}],"wp:attachment":[{"href":"https:\/\/wienernachrichten.at\/index.php?rest_route=%2Fwp%2Fv2%2Fmedia&parent=1065"}],"wp:term":[{"taxonomy":"category","embeddable":true,"href":"https:\/\/wienernachrichten.at\/index.php?rest_route=%2Fwp%2Fv2%2Fcategories&post=1065"},{"taxonomy":"post_tag","embeddable":true,"href":"https:\/\/wienernachrichten.at\/index.php?rest_route=%2Fwp%2Fv2%2Ftags&post=1065"}],"curies":[{"name":"wp","href":"https:\/\/api.w.org\/{rel}","templated":true}]}}