{"id":1063,"date":"2023-04-05T16:50:18","date_gmt":"2023-04-05T15:50:18","guid":{"rendered":"http:\/\/wienernachrichten.at\/?p=1063"},"modified":"2023-04-05T16:50:18","modified_gmt":"2023-04-05T15:50:18","slug":"dfb-pokal","status":"publish","type":"post","link":"https:\/\/wienernachrichten.at\/?p=1063","title":{"rendered":"DFB-POKAL"},"content":{"rendered":"\n<h1>Dortmund gastiert zum Schlager in Leipzig<\/h1>\n\n\n\n<p><strong>Die Abfuhr gegen Bayern M\u00fcnchen in der Liga hat Borussia Dortmund schnell verdaut, die Saisonziele haben sich durch die 2:4-Abfuhr kaum ge\u00e4ndert. \u201eWir wissen, dass es noch ein paar Wochen gibt, in denen wir ein paar Dinge gutmachen k\u00f6nnen\u201c, betonte Trainer Edin Terzic vor dem Gastspiel am Mittwoch (20.45 Uhr) im Viertelfinale des DFB-Pokals bei RB Leipzig. Allerdings m\u00f6chte auch der Titelverteidiger aus Sachsen im Cup Selbstvertrauen f\u00fcr den Saisonendspurt tanken.<\/strong>Online seit heute, 12.33 UhrTeilen<\/p>\n\n\n\n<p>\u201eWir haben immer gesagt, dass Borussia Dortmund um Titel spielen will. Und der DFB-Pokal bietet den k\u00fcrzesten Weg\u201c, sagte Terzic. \u201eEs ist f\u00fcr uns diese Saison nicht einfach, weil wir bisher komplett ausw\u00e4rts spielen mussten. Aber wenn wir den Titel holen wollen, m\u00fcssen wir auch schwere Aufgaben l\u00f6sen\u201c, sagte er vor der Reise nach Leipzig. Terzic gewann als Interimscoach 2021 mit Dortmund den Pokal durch ein 4:1 gegen Leipzig mit Trainer Julian Nagelsmann, wurde dann aber von Marco Rose abgel\u00f6st, den er wiederum nach einer Spielzeit beerbte und der heute RB-Trainer ist.<\/p>\n\n\n\n<figure class=\"wp-block-image\"><img src=\"https:\/\/cdn2.movad.net\/outstream\/v3\/images\/icons\/close.svg\" alt=\"\"\/><\/figure>\n\n\n\n<figure class=\"wp-block-image\"><img src=\"https:\/\/cdn2.movad.net\/outstream\/v3\/images\/icons\/mute.svg\" alt=\"\"\/><\/figure>\n\n\n\n<p><video preload=\"metadata\"><\/video><\/p>\n\n\n\n<p>\u201eVor zwei Jahren den Pokal zu gewinnen, war unbeschreiblich, aber nicht vollst\u00e4ndig. Weil unsere Fans nicht dabei waren\u201c, sagte Terzic mit Blick auf das pandemiebedingt ohne Zuschauerinnen und Zuschauer ausgetragene Endspiel: \u201eDas wollen wir dieses Jahr vervollst\u00e4ndigen.\u201c Trotz der teilweise frustrierenden Leistung in M\u00fcnchen sieht Terzic auch \u201eabsolut keinen Grund, negativ oder pessimistisch in die n\u00e4chsten Aufgaben zu gehen. Wir sind weiter eine der formst\u00e4rksten Mannschaften in der Bundesliga und vielleicht in Europa.\u201cDatenschutz-Einstellungen \u00f6ffnen:Soziale Netzwerke vollst\u00e4ndig anzeigen<\/p>\n\n\n\n<blockquote class=\"wp-block-quote\"><p>Bis zum&nbsp;<a href=\"https:\/\/twitter.com\/DFB_Pokal?ref_src=twsrc%5Etfw\">@dfb_pokal<\/a>-Endspiel in Berlin sind es nur noch zwei Siege!<br>Und Siege gegen den&nbsp;<a href=\"https:\/\/twitter.com\/BVB?ref_src=twsrc%5Etfw\">@bvb<\/a>, besonders zu hause, K\u00d6NNEN WIR!<a href=\"https:\/\/twitter.com\/hashtag\/RBLBVB?src=hash&amp;ref_src=twsrc%5Etfw\">#RBLBVB<\/a>&nbsp;<a href=\"https:\/\/t.co\/LEaDcqnu2e\">pic.twitter.com\/LEaDcqnu2e<\/a>\u2014 RB Leipzig (@RBLeipzig)&nbsp;<a href=\"https:\/\/twitter.com\/RBLeipzig\/status\/1642950340340228097?ref_src=twsrc%5Etfw\">3. April 2023<\/a><\/p><\/blockquote>\n\n\n\n<h2>Rose nimmt Leipziger \u201ein die Pflicht\u201c<\/h2>\n\n\n\n<p>Im Gegensatz zu den Leipzigern, die zuletzt drei Spiele hintereinander verloren haben. Der Krise sind sich Trainer und Spieler, die sich zu Wochenbeginn ohne ihren Coach ausgesprochen haben, durchaus bewusst. \u201eWir haben zu wenige Erfolgserlebnisse, entsprechend sind Stimmung und Atmosph\u00e4re\u201c, sagte Rose. Die L\u00f6sung sei nun, die Dinge klar anzusprechen. \u201eDie Mannschaft ist kein aufgeschreckter Haufen, der nicht wei\u00df, wo hinten und vorne ist. Sie ist nicht in eine Depression verfallen\u201c, betonte Rose.<a href=\"https:\/\/sport.orf.at\/fussball\/competitions\/group\/cup\/comp\/231\/\">DFB-POKALSpielplan und Ergebnisse<\/a><\/p>\n\n\n\n<p>Auf Erinnerungen an den Pokalsieg im vergangenen Mai will Rose zur Motivation verzichten. Das passe nicht zur Lage. \u201eIch muss die Mannschaft in die Pflicht nehmen\u201c, sagte der 46-J\u00e4hrige. \u201eNur sch\u00f6ne Bilder zeigen und daran erinnern zu lassen, wie cool alles war, das hilft uns nicht weiter\u201c, sagte der ehemalige Salzburg-Trainer. Von der aktuellen Misere der Leipziger will sich Terzic nicht blenden lassen. \u201eF\u00fcr sie ist es wohl die einzige Chance, diese Saison einen Titel zu holen. Deshalb werden sie als Titelverteidiger alles tun, um ins Finale zu kommen\u201c, sagte er. \u201eAber wir wissen, was wir tun m\u00fcssen, um zu gewinnen.\u201c<\/p>\n\n\n\n<h2>Stuttgart hofft auf Trainereffekt<\/h2>\n\n\n\n<p>Im zweiten Mittwoch-Spiel (18.00 Uhr) gibt Sebastian Hoene\u00df sein Deb\u00fct als Trainer des VfB Stuttgart. Der Tabellenletzte hat am Montag Bruno Labbadia entlassen, das Pokalspiel bei Zweitligist 1. FC N\u00fcrnberg ist f\u00fcr den 40-J\u00e4hrigen der Start in eine schwierige Aufgabe. Hoene\u00df ist nach Pellegrino Matarazzo, dem Intermezzo des aktuellen Austria-Wien-Trainers Michael Wimmer als Interimsl\u00f6sung sowie Labbadia schon der vierte Coach der Schwaben seit Saisonbeginn.<\/p>\n\n\n\n<p>\u201eEs gibt nat\u00fcrlich einen Plan. Es ist aber extrem wichtig, dass wir mit einem gewissen Schuss Pragmatismus an die Sache rangehen\u201c, sagte Hoene\u00df, der an die Qualit\u00e4t des Teams glaubt. \u201eDieses Spiel ist eine Riesenchance f\u00fcr uns als Club. Wir wollen dort einen n\u00e4chsten Step in Richtung Berlin machen.\u201c In der Hauptstadt findet am 3. Juni das Endspiel statt. Ein weiteres \u2013 und wichtigeres \u2013 Ziel ist das Erreichen des Klassenverbleibs. Zwei Punkte betr\u00e4gt der R\u00fcckstand des VfB auf den Relegationsplatz 16, jedoch schon f\u00fcnf auf den rettenden 15. Rang.<\/p>\n\n\n\n<p>Ein Viertelfinal-Aus im DFB-Pokal w\u00e4re f\u00fcr die Stuttgarter demnach kein Beinbruch. Dennoch gibt es f\u00fcr N\u00fcrnberg-Trainer Dieter Hecking keine Zweifel an der Rollenverteilung. \u201eIch glaube, dass der VfB Stuttgart morgen sehr, sehr viel zu verlieren hat. Wir k\u00f6nnen sehr viel gewinnen\u201c, meinte der 58-J\u00e4hrige. \u201eDie Situation k\u00f6nnte uns bei entsprechendem Spielverlauf in die Karten spielen. Wenn wir es schaffen, Stuttgart auf ein gewisses Niveau runterzuziehen, dann sind wir nicht chancenlos.\u201c<\/p>\n\n\n\n<p>red, ORF.at\/<a href=\"https:\/\/orf.at\/stories\/impressum-nachrichtenagenturen\/\">Agenturen<\/a><\/p>\n\n\n\n<h2>Link:<\/h2>\n\n\n\n<ul><li><a href=\"http:\/\/www.dfb.de\/\">DFB<\/a><\/li><\/ul>\n\n\n\n<p>QELLE : ORF.AT <\/p>\n\n\n\n<p><\/p>\n","protected":false},"excerpt":{"rendered":"<p>Dortmund gastiert zum Schlager in Leipzig Die Abfuhr gegen Bayern M\u00fcnchen in der Liga hat Borussia Dortmund schnell verdaut, die Saisonziele haben sich durch die 2:4-Abfuhr kaum ge\u00e4ndert. \u201eWir wissen, dass es noch ein paar Wochen gibt, in denen wir ein paar Dinge gutmachen k\u00f6nnen\u201c, betonte Trainer Edin Terzic vor<span class=\"more-link\"><a href=\"https:\/\/wienernachrichten.at\/?p=1063\">Continue Reading<\/a><\/span><\/p>\n","protected":false},"author":2,"featured_media":0,"comment_status":"open","ping_status":"open","sticky":false,"template":"","format":"standard","meta":[],"categories":[1],"tags":[],"_links":{"self":[{"href":"https:\/\/wienernachrichten.at\/index.php?rest_route=\/wp\/v2\/posts\/1063"}],"collection":[{"href":"https:\/\/wienernachrichten.at\/index.php?rest_route=\/wp\/v2\/posts"}],"about":[{"href":"https:\/\/wienernachrichten.at\/index.php?rest_route=\/wp\/v2\/types\/post"}],"author":[{"embeddable":true,"href":"https:\/\/wienernachrichten.at\/index.php?rest_route=\/wp\/v2\/users\/2"}],"replies":[{"embeddable":true,"href":"https:\/\/wienernachrichten.at\/index.php?rest_route=%2Fwp%2Fv2%2Fcomments&post=1063"}],"version-history":[{"count":1,"href":"https:\/\/wienernachrichten.at\/index.php?rest_route=\/wp\/v2\/posts\/1063\/revisions"}],"predecessor-version":[{"id":1064,"href":"https:\/\/wienernachrichten.at\/index.php?rest_route=\/wp\/v2\/posts\/1063\/revisions\/1064"}],"wp:attachment":[{"href":"https:\/\/wienernachrichten.at\/index.php?rest_route=%2Fwp%2Fv2%2Fmedia&parent=1063"}],"wp:term":[{"taxonomy":"category","embeddable":true,"href":"https:\/\/wienernachrichten.at\/index.php?rest_route=%2Fwp%2Fv2%2Fcategories&post=1063"},{"taxonomy":"post_tag","embeddable":true,"href":"https:\/\/wienernachrichten.at\/index.php?rest_route=%2Fwp%2Fv2%2Ftags&post=1063"}],"curies":[{"name":"wp","href":"https:\/\/api.w.org\/{rel}","templated":true}]}}