{"id":1043,"date":"2023-03-31T16:47:42","date_gmt":"2023-03-31T15:47:42","guid":{"rendered":"http:\/\/wienernachrichten.at\/?p=1043"},"modified":"2023-03-31T16:47:42","modified_gmt":"2023-03-31T15:47:42","slug":"live-aus-dem-radiokulturhaus-und-zum-nachsehen","status":"publish","type":"post","link":"https:\/\/wienernachrichten.at\/?p=1043","title":{"rendered":"Live aus dem RadioKulturhaus und zum Nachsehen"},"content":{"rendered":"\n<h1>\u201eKeine Panik\u201c: Ein \u201eClub 2\u201c f\u00fcr Mutige<\/h1>\n\n\n\n<p>\u201eKeine Panik\u201c: Ein \u201eClub 2\u201c f\u00fcr Mutige teilen<a href=\"https:\/\/topos.orf.at\/filter?tags=Kultur\/B%C3%BChne\">B\u00fchne<\/a><\/p>\n\n\n\n<p>31. Januar 2023, 18:13 Uhr<\/p>\n\n\n\n<p>Nur Mut, hat sich \u00d61-Moderatorin Kristin Gruber wohl gedacht, als sie ein neues Format zwischen Late-Night-Show und journalistischem Talk ersann. \u201eKeine Panik\u201c hei\u00dft die Serie, die \u00fcber ORF Topos live zu erleben ist. In diesem \u201eClub 2\u201c der roaring 2020er prallen diesmal Migrationserfahrungen auf kulturelle Stereotypen und Schablonen. Zu Gast sind Malarina und die kanadische Experimentalmusikerin Kasho Chualan.<a href=\"https:\/\/topos.orf.at\/filter?authors=Gerald+Heidegger\">Gerald Heidegger<\/a><\/p>\n\n\n\n<p>Formate mit unvorhersehbarer Gespr\u00e4chsentwicklung k\u00f6nnten f\u00fcr den ORF seit dem \u201eClub 2\u201c, der ja bereits in den 1970er Jahren gestartet war, Tradition haben. Doch Traditionen halten sich gerade im Meer der \u00dcberangebote von Gespr\u00e4chsformaten nicht immer. Deshalb probiert das RadioKulturhaus gemeinsam mit der \u00d61-Journalistin Kristin Gruber ein neues Format aus: Late-Night-Talk trifft offenes Gespr\u00e4ch trifft Journalismus. Diesmal mit Fragen zu Identit\u00e4t und dem Brechen von Erwartungen. Zu Gast sind Marina Lackovi\u0107, die als Malarina seit drei Jahren die Comedy-Szene aufmischt, und die kanadische Pianistin Kasho Chualan, die sich mit ihren musikalischen Experimenten in Wien niedergelassen hat.<\/p>\n\n\n\n<figure class=\"wp-block-image\"><img src=\"https:\/\/soph-assets.orf.at\/sis\/image\/9285420c-c86f-4ab7-a1b7-184841a538ea\/AAABhgfCoX4\/AAABhKSyzMw\/topos_body_16_9\/radiokulturhaus-keine-panik112.jpeg\" alt=\"Journalistin, Autorin und Performance-K\u00fcnstlerin Kristin Gruber \" title=\"Journalistin, Autorin und Performance-K\u00fcnstlerin Kristin Gruber \"\/><figcaption>Journalistin, Autorin und Performance-K\u00fcnstlerin Kristin Gruber<\/figcaption><\/figure>\n\n\n\n<h2>Ran ans Eingemachte<\/h2>\n\n\n\n<p>Ans Eingemachte wolle man gehen, verspricht Moderatorin Gruber, die mit ihren G\u00e4sten heute Abend im RadioKulturhaus und live via ORF Topos schnell am Punkt landen k\u00f6nnte. Malarina, das Alter Ego von Lackovi\u0107 auf der B\u00fchne, ist ja das Gegenteil der ehemaligen ORF.at-Mitarbeiterin, Komparatistik-Studentin und sozialisierten Tirolerin. Malarina ist rechts, weint Heinz-Christian Strache nach, hat einen fernerotischen Bezug zur Haider-\u00c4ra und ist in allem deutlich rechts eingestellt, was man der Autorin eher nicht unterstellen wird. Gerade mit der Ausrichtung ihres Programms trifft sie den Nerv der Irritation und ist auch, wie man seit verschiedenen Auftritten mitverfolgen kann, zahlreichen Anfeindungen ausgesetzt.<\/p>\n\n\n\n<p>Malarina ist Salzburger-Stier-Preistr\u00e4gerin 2023. Es ist eine der traditionsreichsten Auszeichnungen des Genres, die seit 1982 an Kabarettistinnen und Kabarettisten aus \u00d6sterreich, Deutschland und der Schweiz verliehen wird. Vergeben wird der Salzburger Stier 2023 am 5. und 6. Mai in Linz bereits zum 42. Mal.<\/p>\n\n\n\n<p>In ihrer politischen Satire st\u00fcrzt sich Malarina auf die Triggerpunkte der \u00f6sterreichischen Geschichte gerade in der Auseinandersetzung mit dem ehemaligen Jugoslawien. Ihr Programm \u201eSerben sterben langsam\u201c beginnt eigentlich dort, wo Christopher Clarks \u201eSchlafwandler\u201c-Buch aufh\u00f6rt: bei den Sch\u00fcssen von Sarajevo und den vielen Unvers\u00f6hnlichkeiten der Geschichte, die im Alltag gebrochen werden \u2013 und im Bedarfsfall aus gar nicht so tiefen Schubladen hervorgekramt werden k\u00f6nnen.<\/p>\n\n\n\n<figure class=\"wp-block-image\"><img src=\"https:\/\/soph-assets.orf.at\/sis\/image\/e71a6d37-32e0-4cef-933c-6c28f35fb0ff\/AAABhgfDZec\/AAABhKSyzMw\/topos_body_16_9\/radiokulturhaus-keine-panik110.jpeg\" alt=\"Kabarettistin Malarina auf der B\u00fchne\" title=\"Kabarettistin Malarina\"\/><figcaption>Kabarettistin Malarina<\/figcaption><\/figure>\n\n\n\n<p>Wenn man immer gerne daran erinnert, die Deutschen seien die gr\u00f6\u00dfte Ausl\u00e4ndergruppe im Land \u2013 so ist diese Statistik ja schon ein Ergebnis des auseinandergefallenen Jugoslawiens und seines Vielv\u00f6lkerkonglomerats, das am Anfang der Gastarbeiterbewegung nicht ausreichend differenziert in der Alpenrepublik wahrgenommen wurde. Im Verh\u00e4ltnis von \u00d6sterreich und Serbien lassen sich verschiedene Daten der \u00e4lteren und j\u00fcngeren Zeitgeschichte f\u00fcr eine aufbl\u00fchende Vorurteilskultur mischen \u2013 und mit diesem Amalgam spielt Malarina so provokant wie wenige vor ihr. Als in Serbien Geborene hat sie beim Aufwachsen in Tirol als Kind einer Gastarbeiterin hinreichende Erfahrungen im nicht immer so verst\u00e4ndnisvollen Umgang mit dem Anderen.<\/p>\n\n\n\n<figure class=\"wp-block-image\"><img src=\"https:\/\/soph-assets.orf.at\/sis\/image\/7ffe2dd8-fdeb-428c-a857-9595034a8e70\/AAABhgfCyf8\/AAABhKSyzMw\/topos_body_16_9\/radiokulturhaus-keine-panik104.jpeg\" alt=\"Pianistin Kasho Chualan\" title=\"Pianistin Kasho Chualan\"\/><figcaption>Pianistin Kasho Chualan<\/figcaption><\/figure>\n\n\n\n<h2>Eine Antichristin gegen\u00fcber der Klassik<\/h2>\n\n\n\n<p>Wie sehr kulturelle Br\u00fcche in der Konstruktion von Identit\u00e4t eine Rolle spielen k\u00f6nnen, wird auch die kanadisch-kurdische Pianistin Chualan reflektieren. Nicht zuletzt \u00fcber ihre experimentelle Arbeit im Musikbereich, bei der sie, wie das Programm verspricht, als experimentell, traumhaft und als Antichristin der klassischen Musik auf der B\u00fchne einfahren werde: traumhaft und mit dem Mut, das Neue in ihrer Sprache zu formulieren.<\/p>\n\n\n\n<p><em>Gerald Heidegger (Text), ORF Topos<\/em><\/p>\n\n\n\n<p><strong>Links:<\/strong><br><\/p>\n\n\n\n<ul><li><a href=\"https:\/\/radiokulturhaus.orf.at\/artikel\/698052\/Malarina-Kasho-Chualan-in-Keine-Panik\">RadioKulturhaus<\/a><\/li><li><a href=\"https:\/\/malarina.com\/\">Homepage von Malarina<\/a><\/li><li><a href=\"https:\/\/kasho.bandcamp.com\/releases\">Kasho Chualan auf Band Camp<\/a><\/li><\/ul>\n\n\n\n<p>v1.0.4-production (14. March 2023, 10:02:17)<\/p>\n\n\n\n<p>QELLE : ORF.AT TOPOS<\/p>\n\n\n\n<p><\/p>\n","protected":false},"excerpt":{"rendered":"<p>\u201eKeine Panik\u201c: Ein \u201eClub 2\u201c f\u00fcr Mutige \u201eKeine Panik\u201c: Ein \u201eClub 2\u201c f\u00fcr Mutige teilenB\u00fchne 31. Januar 2023, 18:13 Uhr Nur Mut, hat sich \u00d61-Moderatorin Kristin Gruber wohl gedacht, als sie ein neues Format zwischen Late-Night-Show und journalistischem Talk ersann. \u201eKeine Panik\u201c hei\u00dft die Serie, die \u00fcber ORF Topos live<span class=\"more-link\"><a href=\"https:\/\/wienernachrichten.at\/?p=1043\">Continue Reading<\/a><\/span><\/p>\n","protected":false},"author":2,"featured_media":0,"comment_status":"open","ping_status":"open","sticky":false,"template":"","format":"standard","meta":[],"categories":[1],"tags":[],"_links":{"self":[{"href":"https:\/\/wienernachrichten.at\/index.php?rest_route=\/wp\/v2\/posts\/1043"}],"collection":[{"href":"https:\/\/wienernachrichten.at\/index.php?rest_route=\/wp\/v2\/posts"}],"about":[{"href":"https:\/\/wienernachrichten.at\/index.php?rest_route=\/wp\/v2\/types\/post"}],"author":[{"embeddable":true,"href":"https:\/\/wienernachrichten.at\/index.php?rest_route=\/wp\/v2\/users\/2"}],"replies":[{"embeddable":true,"href":"https:\/\/wienernachrichten.at\/index.php?rest_route=%2Fwp%2Fv2%2Fcomments&post=1043"}],"version-history":[{"count":1,"href":"https:\/\/wienernachrichten.at\/index.php?rest_route=\/wp\/v2\/posts\/1043\/revisions"}],"predecessor-version":[{"id":1044,"href":"https:\/\/wienernachrichten.at\/index.php?rest_route=\/wp\/v2\/posts\/1043\/revisions\/1044"}],"wp:attachment":[{"href":"https:\/\/wienernachrichten.at\/index.php?rest_route=%2Fwp%2Fv2%2Fmedia&parent=1043"}],"wp:term":[{"taxonomy":"category","embeddable":true,"href":"https:\/\/wienernachrichten.at\/index.php?rest_route=%2Fwp%2Fv2%2Fcategories&post=1043"},{"taxonomy":"post_tag","embeddable":true,"href":"https:\/\/wienernachrichten.at\/index.php?rest_route=%2Fwp%2Fv2%2Ftags&post=1043"}],"curies":[{"name":"wp","href":"https:\/\/api.w.org\/{rel}","templated":true}]}}