{"id":1041,"date":"2023-03-31T16:45:57","date_gmt":"2023-03-31T15:45:57","guid":{"rendered":"http:\/\/wienernachrichten.at\/?p=1041"},"modified":"2023-03-31T16:45:57","modified_gmt":"2023-03-31T15:45:57","slug":"dresscodes","status":"publish","type":"post","link":"https:\/\/wienernachrichten.at\/?p=1041","title":{"rendered":"Dresscodes"},"content":{"rendered":"\n<h1>Politoutfits unter der Lupe<\/h1>\n\n\n\n<p>Politoutfits unter der Lupe teilen<a href=\"https:\/\/topos.orf.at\/filter?tags=Lifestyle\/Mode\">Mode<\/a><a href=\"https:\/\/topos.orf.at\/filter?tags=Politik\/Au%C3%9Fenpolitik\">Au\u00dfenpolitik<\/a><a href=\"https:\/\/topos.orf.at\/filter?tags=Politik\/Innenpolitik\">Innenpolitik<\/a><\/p>\n\n\n\n<p>01. Februar 2023, 13:15 Uhr<\/p>\n\n\n\n<p>In Zeiten von Message-Control m\u00fcssen Politikerinnen und Politiker auch mit der Mode gehen \u2013 oder den ein oder anderen Tabubruch wagen. Von der Tracht als Symboltr\u00e4ger \u00fcber die Handtasche als Knalleffekt bis zum Muskelspiel unter dem Slim-Fit-Anzug: Der Modejournalist Daniel Kalt analysiert in seinem neuen Buch die Outfits von Machthabenden.<a href=\"https:\/\/topos.orf.at\/filter?authors=Nicola+Eller\">Nicola Eller<\/a><\/p>\n\n\n\n<p>Es war der 30. Mai 2019, als Kalt die Vorstellung der ersten Bundeskanzlerin im Fernsehen mitverfolgte. Brigitte Bierlein, Pr\u00e4sidentin des Verfassungsgerichtshofs, w\u00fcrde bis zu den Neuwahlen an der Spitze der \u00dcbergangsregierung stehen. Der \u201eIbiza-Skandal\u201c hatte das Vertrauen der Bev\u00f6lkerung in die Politik zutiefst ersch\u00fcttert. Was Kalt sofort auffiel, war der wei\u00dfe R\u00fcschenkragen, den die damals 69-J\u00e4hrige Juristin f\u00fcr ihren Auftritt gew\u00e4hlt hatte. Er erinnerte ihn an den Jabot, den manche richterliche Talare beinhalten, und an die ber\u00fchmten Kr\u00e4gen der amerikanischen H\u00f6chstrichterin Ruth Bader Ginsburg.<\/p>\n\n\n\n<p>Bierleins Outfit war f\u00fcr Kalt \u201eein Verweis auf ihr richterliches Amtsverst\u00e4ndnis\u201c. Seine Stilkritik \u00fcber das Outfit der neuen Bundeskanzlerin f\u00fcr die Tageszeitung \u201eDie Presse\u201c ging sehr fr\u00fch online und \u201ehat unter den Leserinnen und Lesern ein bisschen f\u00fcr Unmut gesorgt\u201c. \u00dcber die erste Frau an der Spitze einer Regierung schreiben und dann gleich ihr \u00e4u\u00dferes Erscheinungsbild analysieren? Dabei erz\u00e4hlen die Bekleidungsformen in der Politik und vor allem die Kleidercodes, die Frauen lange Zeit vorgeschrieben waren, auch viel \u00fcber Machtverh\u00e4ltnisse und Diskriminierung.<\/p>\n\n\n\n<h2>Revolution im Anzug<\/h2>\n\n\n\n<p>F\u00fcr sein Buch \u201eStaat tragen. \u00dcber das Verh\u00e4ltnis von Mode und Politik\u201c nahm sich Kalt die Garderobe von Staatsm\u00e4nnern und -frauen der vergangenen Jahrzehnte vor und fand dabei spannende gesellschaftliche und kulturwissenschaftliche Hintergr\u00fcnde. In Deutschland etwa l\u00f6ste die Politikerin Lenelotte von Bothmer einen Skandal aus, als sie im Oktober 1970 in einem Hosenanzug eine Rede im deutschen Bundestag hielt. Kost\u00fcme und Kleider waren f\u00fcr weibliche Kongressabgeordnete auch in den USA bis Ende der 1980er Jahre obligatorisch.<\/p>\n\n\n\n<ul><li>J\u00f6rg Schmitt \/ dpa \/ picturedesk.com<img loading=\"lazy\" src=\"https:\/\/soph-assets.orf.at\/sis\/image\/3fa18bfe-084b-40da-ab39-169f492298fd\/AAABhggnAiw\/AAABhKSzRtc\/topos_bigpicture_3_2\/mode-politik110.jpeg\" alt=\"Joschka Fischer in Sneakers\" width=\"2746\" height=\"1831\">Joschka Fischer leitete mit seinen wei\u00dfen Turnschuhen eine modische Zeitenwende in der Politik ein<\/li><li>IMAGO\/Thomas Trutschel<img loading=\"lazy\" src=\"https:\/\/soph-assets.orf.at\/sis\/image\/1fed7ba1-faaa-4b6d-848e-a09b920d16f3\/AAABhhFQqsU\/AAABhKSzRtc\/topos_bigpicture_3_2\/mode-politik118.jpeg\" alt=\"Angela Merkel mit einf\u00e4rbigen Blazer und schwarzer Hose\" width=\"4680\" height=\"3120\">Angela Merkel pr\u00e4gte ihren eigenen Stil: Stets mit schwarzer Stoffhose und einf\u00e4rbigem Blazer<\/li><li>ORF.at\/Roland Winkler<img loading=\"lazy\" src=\"https:\/\/soph-assets.orf.at\/sis\/image\/d186a9cf-38ed-4d9c-a2ce-8a4f9f1c74c3\/AAABhhFQXCc\/AAABhKSzRtc\/topos_bigpicture_3_2\/mode-politik112.jpeg\" alt=\"Ex-\u00d6VP-Chef Sebastian Kurz im Slim-Fit-Anzug\" width=\"3877\" height=\"2585\">Die Generation Slim Fit zeigt, wie trainiert sie ist. Hier: Ex-Kanzler und Ex-\u00d6VP-Chef Sebastian Kurz.<\/li><li>IMAGO\/ZUMA Press<img loading=\"lazy\" src=\"https:\/\/soph-assets.orf.at\/sis\/image\/53504386-d32a-4038-9d66-50a0dcf42f0c\/AAABhggnAKQ\/AAABhKSzRtc\/topos_bigpicture_3_2\/mode-politik116.jpeg\" alt=\"Margaret Thatcher mit K\u00f6nig Fahd von Saudi Arabien mit Tasche in der Hand\" width=\"2033\" height=\"1355\">Maggie Thatcher zeigte mit ihren Handtaschen nicht nur Stil \u2013 sondern knallte sie vor allem gerne auf den Tisch, um Argumente zu unterstreichen<\/li><li>APA\/Herbert Pfarrhofer<img loading=\"lazy\" src=\"https:\/\/soph-assets.orf.at\/sis\/image\/c7253201-1312-4296-8d72-cc13725bfe95\/AAABhhFQNvk\/AAABhKSzRtc\/topos_bigpicture_3_2\/mode-politik106.jpeg\" alt=\"Archivaufnahme von Alt-Kanzler Wolfgang Sch\u00fcssel mit Mascherl\" width=\"2415\" height=\"1610\">Das Markenzeichen von Ex-Kanzler Wolfgang Sch\u00fcssel war sein Mascherl \u2013 ein Alleinstellungsmerkmal auf der Politb\u00fchne<\/li><li>IMAGO\/Peter Hartenfelser<img loading=\"lazy\" src=\"https:\/\/soph-assets.orf.at\/sis\/image\/b6808b7c-8b47-4ac6-b28d-c313e2a9d5c2\/AAABhggnB9A\/AAABhKSzRtc\/topos_bigpicture_3_2\/mode-politik114.jpeg\" alt=\"Johanna Mikl-Leitner im Dirndl mit Landeshauptmann der Steiermark Hermann Sch\u00fctzenh\u00f6fer\" width=\"4016\" height=\"2677\">Nicht schwer zu dechiffrieren: Das Dirndl als volksnahe Alternative zum Hosenanzug, hier bei Nieder\u00f6sterreichs Landeshauptfrau Johanna Mikl-Leitner<\/li><li>REUTERS\/RIA Novosti\/Pool\/Alexei Druzhinin<img loading=\"lazy\" src=\"https:\/\/soph-assets.orf.at\/sis\/image\/ee105d5d-c629-45eb-86c4-a816aa0bcb83\/AAABhggm_CQ\/AAABhKSzRtc\/topos_bigpicture_3_2\/mode-politik108.jpeg\" alt=\"Wladimir Putin mit nacktem Oberk\u00f6rper auf einem Pferd sitzend\" width=\"3378\" height=\"2252\">Wladimir Putin versucht, mit Maskulinit\u00e4t zu punkten und seinen autorit\u00e4ren Machtanspruch zu manifestieren<\/li><\/ul>\n\n\n\n<p>Als sich Hillary Clinton als demokratische Pr\u00e4sidentschaftskandidatin der \u00d6ffentlichkeit pr\u00e4sentierte, trug sie einen wei\u00dfen Hosenanzug. Damit stach sie nicht nur aus einem Meer aus blau-wei\u00df gestreiften Flaggen heraus. Die Farbe Wei\u00df war auch ein Zeichen der Solidarit\u00e4t mit den Frauen. Kalt: \u201eBesonders in der politischen Tradition der USA verweist die Farbe Wei\u00df auf den Marsch der Suffragetten, also der Frauen, die sich f\u00fcr das Wahlrecht eingesetzt haben.\u201c 1918 demonstrierten in Washington, aber auch in London Tausende Frauen in wei\u00dfen Kleidern auf den Stra\u00dfen.<\/p>\n\n\n\n<p>Vor allem demokratische Politikerinnen wie die Vizepr\u00e4sidentin Kamala Harris trugen in den letzten Jahren bei ihren \u00f6ffentlichen Auftritten oft einen wei\u00dfen Hosenanzug. \u201eEine stille, wenn doch sehr beredte Kleiderform\u201c, so Kalt.<\/p>\n\n\n\n<p><strong>Sendungshinweis:<\/strong>&nbsp;Eine Langfassung zu \u201eStaat tragen\u201c ebenfalls zu sehen im kulturMontag am 30.1., 22.28 Uhr und bis 6.2. in der&nbsp;<a href=\"https:\/\/tvthek.orf.at\/profile\/kulturMontag\/13886866\/kulturMontag\/14166074\">TVthek<\/a>&nbsp;abrufbar.<\/p>\n\n\n\n<h2>Von der F\u00f6hnfrisur bis zum Turnschuh<\/h2>\n\n\n\n<p>Zu einem erfolgreichen Auftritt in der Politik ist Wiedererkennbarkeit ein wichtiges Element. Politikerinnen wie Margaret Thatcher wussten das genau. Als erste Frau an der Spitze der britischen Regierung z\u00e4hlte zu ihren wenigen modischen Vorbildern Queen Elizabeth II. Die Frisur der britischen Premierministerin wurde ebenso zu ihrem Markenzeichen wie ihre Handtasche.<\/p>\n\n\n\n<p>Darin verstaute sie nicht nur ihre Unterlagen, erz\u00e4hlt Kalt. \u201eIm Gespr\u00e4chsverlauf mit politischen Gegnerinnen und Gegnern, aber zum Teil wohl auch mit Parteikolleginnen und -kollegen, hat sie gewisse Punkte dadurch unterstrichen, dass sie mit der Handtasche relativ vehement auf den Tisch geschlagen hat.\u201c Das Verb \u201eto handbag\u201c hat es daraufhin in das Oxford Dictionary geschafft.<\/p>\n\n\n\n<h2>Regelbrecher auf leisen Sohlen<\/h2>\n\n\n\n<p>Von einer \u201eVerturnschuhung\u201c der Politik war die Rede, als der Arzt und Gr\u00fcnen-Politiker Wolfgang M\u00fcckstein 2021 sein Amt als Gesundheitsminister antrat. Mit wei\u00dfen Sneakers schritt er in der Wiener Hofburg zur Angelobung. Zufall oder nicht, hatte sich das ein Gr\u00fcnen-Politiker schon 36 Jahre vorher erlaubt. Joschka Fischer w\u00e4hlte f\u00fcr seine Angelobung zum hessischen Umweltminister 1985 wei\u00dfe Turnschuhe.<\/p>\n\n\n\n<p>Kalt sagt dazu: \u201eDas war damals nat\u00fcrlich ein unglaublicher Bruch mit den Konventionen und eigentlich ein sehr vorhersehbares Kalk\u00fcl. Aber das hat auch ausgereicht, um ihn einerseits als Politiker in Deutschland ganz klar zu verorten, als Tabubrecher, als Regelbrecher, und andererseits eben auch, um ihn zur Stilvorlage zu machen, bis in die Gegenwart.\u201c Fischers Turnschuhe seien in einem Augenblick, der als Beginn einer neuen \u00c4ra in der deutschen Innenpolitik gedeutet werden konnte, nur eines von vielen bedeutungstragenden Fragmenten gewesen.<\/p>\n\n\n\n<h2>Generation Slim Fit<\/h2>\n\n\n\n<p>Meist gekleidet in Dreiteiler und Stecktuch ist es dem SP\u00d6-Politiker Bruno Kreisky mit seinem \u00e4u\u00dferen Erscheinungsbild gelungen, auch b\u00fcrgerliche W\u00e4hlerschichten anzusprechen. Ebenso lie\u00df sich der Kanzler im Skianzug und Tennisoutfit filmen, obwohl Slim-Fit-Politiker zu diesem Zeitpunkt noch nicht auf der Politb\u00fchne aktiv waren. In den vergangenen 15 Jahren habe sich, so Kalt, ein Generationswechsel vollzogen.<\/p>\n\n\n\n<p>Kalt: \u201eWer einen Anzug tr\u00e4gt, der die K\u00f6rperform erahnen l\u00e4sst, ist wahrscheinlich etwas sportlicher als ein Kollege, der einen weit geschnittenen Anzug bevorzugt. Da geht es auch um das Bekenntnis, eine gewisse Fitness oder Leistungsf\u00e4higkeit auszustrahlen, die sowohl im modernen Gesch\u00e4ftsleben wie eben auch im politischen Leben von immer gr\u00f6\u00dferer Bedeutung sein kann.\u201c<\/p>\n\n\n\n<p>Daher wird \u00f6ffentlich gewandert und gejoggt, in moderner Active Wear oder traditionsbewusst in der Lederhose, und das Bildmaterial dieser Aktionen via eigenem Social-Media-Kanal in die Welt hinausgetragen. Viral ging das Video von Kamala Harris im sportlichen Outfit, als sie Joe Biden am Telefon den Wahlsieg verk\u00fcndete: \u201eWe did it, Joe!\u201c<\/p>\n\n\n\n<h2>Sakkopflicht im franz\u00f6sischen Parlament<\/h2>\n\n\n\n<p>Beim Abschlussfoto des G-7-Gipfels vergangenen Sommer im deutschen Elmau verzichteten die Staatsoberh\u00e4upter \u2013 abgesprochen oder nicht \u2013 alle auf das Tragen einer Krawatte. Kurz vor den franz\u00f6sischen Parlamentswahlen posierte der Spitzenkandidat Emmanuel Macron f\u00fcr ein Foto seines Instagram-Accounts mit offenem Hemd und \u00fcppiger Brustbehaarung.<\/p>\n\n\n\n<p>Bei offiziellen Anl\u00e4ssen ist Macron stets adrett gekleidet, im Slim-Fit-Anzug von der Stange, aber die Parlamentarier sind f\u00fcr ihren legeren Umgang mit modischen Benimmregeln bekannt. Die franz\u00f6sische Nationalversammlung hat daher im November die modische Rei\u00dfleine gezogen und eine Sakkopflicht f\u00fcr m\u00e4nnliche Abgeordnete angeordnet.<\/p>\n\n\n\n<p><em>Nicola Eller (Text, Gestaltung), ORF TV Kultur, Bernhard H\u00f6fer (Kamera), f\u00fcr ORF Topos, Paul Krehan (Schnitt), f\u00fcr ORF Topos<\/em><\/p>\n\n\n\n<h2>Link:<\/h2>\n\n\n\n<ul><li><a href=\"https:\/\/www.kremayr-scheriau.at\/bucher-e-books\/titel\/staat-tragen\/\">Staat tragen<\/a>&nbsp;(Kremayr &amp; Scheriau)<\/li><\/ul>\n\n\n\n<p>v1.0.4-production (14. March 2023, 10:02:17)<\/p>\n\n\n\n<p>QELLE : ORF.AT TOPOS <\/p>\n\n\n\n<p><\/p>\n","protected":false},"excerpt":{"rendered":"<p>Politoutfits unter der Lupe Politoutfits unter der Lupe teilenModeAu\u00dfenpolitikInnenpolitik 01. Februar 2023, 13:15 Uhr In Zeiten von Message-Control m\u00fcssen Politikerinnen und Politiker auch mit der Mode gehen \u2013 oder den ein oder anderen Tabubruch wagen. Von der Tracht als Symboltr\u00e4ger \u00fcber die Handtasche als Knalleffekt bis zum Muskelspiel unter dem<span class=\"more-link\"><a href=\"https:\/\/wienernachrichten.at\/?p=1041\">Continue Reading<\/a><\/span><\/p>\n","protected":false},"author":2,"featured_media":0,"comment_status":"open","ping_status":"open","sticky":false,"template":"","format":"standard","meta":[],"categories":[1],"tags":[],"_links":{"self":[{"href":"https:\/\/wienernachrichten.at\/index.php?rest_route=\/wp\/v2\/posts\/1041"}],"collection":[{"href":"https:\/\/wienernachrichten.at\/index.php?rest_route=\/wp\/v2\/posts"}],"about":[{"href":"https:\/\/wienernachrichten.at\/index.php?rest_route=\/wp\/v2\/types\/post"}],"author":[{"embeddable":true,"href":"https:\/\/wienernachrichten.at\/index.php?rest_route=\/wp\/v2\/users\/2"}],"replies":[{"embeddable":true,"href":"https:\/\/wienernachrichten.at\/index.php?rest_route=%2Fwp%2Fv2%2Fcomments&post=1041"}],"version-history":[{"count":1,"href":"https:\/\/wienernachrichten.at\/index.php?rest_route=\/wp\/v2\/posts\/1041\/revisions"}],"predecessor-version":[{"id":1042,"href":"https:\/\/wienernachrichten.at\/index.php?rest_route=\/wp\/v2\/posts\/1041\/revisions\/1042"}],"wp:attachment":[{"href":"https:\/\/wienernachrichten.at\/index.php?rest_route=%2Fwp%2Fv2%2Fmedia&parent=1041"}],"wp:term":[{"taxonomy":"category","embeddable":true,"href":"https:\/\/wienernachrichten.at\/index.php?rest_route=%2Fwp%2Fv2%2Fcategories&post=1041"},{"taxonomy":"post_tag","embeddable":true,"href":"https:\/\/wienernachrichten.at\/index.php?rest_route=%2Fwp%2Fv2%2Ftags&post=1041"}],"curies":[{"name":"wp","href":"https:\/\/api.w.org\/{rel}","templated":true}]}}