{"id":1021,"date":"2023-03-31T16:23:11","date_gmt":"2023-03-31T15:23:11","guid":{"rendered":"http:\/\/wienernachrichten.at\/?p=1021"},"modified":"2023-03-31T16:23:11","modified_gmt":"2023-03-31T15:23:11","slug":"die-letzte-verschwoerung","status":"publish","type":"post","link":"https:\/\/wienernachrichten.at\/?p=1021","title":{"rendered":"\u201eDie letzte Verschw\u00f6rung\u201c"},"content":{"rendered":"\n<h1>Staatsoperette \u00d6sterreich<\/h1>\n\n\n\n<p>Staatsoperette \u00d6sterreich teilen<a href=\"https:\/\/topos.orf.at\/filter?tags=Kultur\/B%C3%BChne\">B\u00fchne<\/a><a href=\"https:\/\/topos.orf.at\/filter?tags=Kultur\/Musik\">Musik<\/a><\/p>\n\n\n\n<p>24. M\u00e4rz 2023, 16:44 Uhr<\/p>\n\n\n\n<p>Eine Operettenurauff\u00fchrung im Jahr 2023? Man darf sich dieser Tage in Wien die Augen reiben, wenn der deutsche Komponist und auch Entertainer Moritz Eggert dem ganzen Land eine Operette auf den Leib schneidert \u2013 und vom ORF bis zu Andr\u00e9 Heller niemanden verschont. Ein bisschen Sorge habe er schon, als \u201ePiefke\u201c an der Volksoper ein wahres Theater zu machen.<a href=\"https:\/\/topos.orf.at\/filter?authors=Gerald+Heidegger\">Gerald Heidegger<\/a><\/p>\n\n\n\n<p>Die Frage, wie Musiktheater im Jahr 2023 funktionieren k\u00f6nne, beantwortet Komponist und Conf\u00e9rencier Eggert im Video mit Topos knapp: \u201eFlott!\u201c F\u00fcr Ouvert\u00fcren, so sch\u00f6n sie seien m\u00f6gen, ist bei Eggert kein Platz mehr \u2013 und er erinnert dabei an die Plot-\u00d6konomie eines Giacomo Puccini: \u201eTosca, da f\u00e4llt sie runter, zack, tot, aus \u2013 super!\u201c Bei Eggerts Auftragswerk \u201eDie letzte Verschw\u00f6rung\u201c f\u00fcr die Wiener Volksoper, inszeniert von Chefin Lotte de Beer, funktioniert Operette als flotte Tour de Force, die aber, so sagt er, diesmal nicht den Spoiler-Alert auf Opernprogrammb\u00fcchern habe, wo man von Anfang bis zum Ende die gesamte Handlung dargelegt bekommt.<\/p>\n\n\n\n<figure class=\"wp-block-image\"><img src=\"https:\/\/soph-assets.orf.at\/sis\/image\/c292891f-2835-421b-bcda-0898771a725d\/AAABhxQtQVI\/AAABhKSyzMw\/topos_body_16_9\/moritz-eggert-die-letzte-verschwoerung116.jpeg\" alt=\"Moritz Eggert in blau-rot gestreiftem Anzug und mit schwarzem Hut vor einer Backsteinmauer\" title=\"Moritz Eggert\"\/><figcaption>Moritz Eggert<\/figcaption><\/figure>\n\n\n\n<blockquote class=\"wp-block-quote\"><p>Man kann sagen, dass die Operette in einem Dornr\u00f6schenschlaf war, weswegen ich mich da eigentlich ganz unbek\u00fcmmert an diese Aufgabe gemacht habe.<\/p><\/blockquote>\n\n\n\n<h2>Das Publikum soll in die Geschichte kippen<\/h2>\n\n\n\n<p>\u201eIch m\u00f6chte ein Publikum, das sich auf die Geschichte einlassen und sie auch ohne Zusatztexte, auf Deutsch, verstehen kann.\u201c Eggerts Kniff ist ein f\u00fcr das Musiktheater ungew\u00f6hnlicher auktorialer Erz\u00e4hler, der am Beispiel eines \u00f6sterreichischen Showmasters f\u00fcr das, wie er sagt, \u201e\u00f6ffentlich-rechtliche Fernsehen\u201c in den Sog von Verschw\u00f6rungstheorien ger\u00e4t, gegen die er sich noch am Anfang zu wehren k\u00f6nnen meint. Friedrich Quant (Timothy Fallon), der in seinen Sendungen gern gegen alle austeilt, sieht sich in den \u201eKaninchenbau\u201c der Verschw\u00f6rungsmythen rund um den \u201eFlat Earther\u201c Dieter Urban (Orhan Yildiz) und seine Freundin Lara Lechner (Rebecca Nelsen) gezogen.<\/p>\n\n\n\n<figure class=\"wp-block-image\"><img src=\"https:\/\/soph-assets.orf.at\/sis\/image\/c292891f-2835-421b-bcda-0898771a725d\/AAABhxQtQVI\/AAABhKSydMQ\/topos_body_3_4\/moritz-eggert-die-letzte-verschwoerung116.jpeg\" alt=\"Moritz Eggert in blau-rot gestreiftem Anzug und mit schwarzem Hut vor einer Backsteinmauer\" title=\"Moritz Eggert | Juergen Bauer\"\/><\/figure>\n\n\n\n<h2>Helene Breisach, \u00d61, im Gespr\u00e4ch mit Moritz Eggert<\/h2>\n\n\n\n<p>Was sind die Unterschiede zwischen Operette, Musical und Oper?Audio<\/p>\n\n\n\n<p>Man trifft sich im Stadtpark, und dann geht es hinunter in einen abenteuerlichen Sog an Verschw\u00f6rungen, in denen auch der Universalk\u00fcnstler Dunkler kein Licht hinter den Rahmen der Weltkonstruktion zu bringen vermag. Ufos und Pizzen fliegen durch den Raum, und Quant wird zunehmend zum Getriebenen seiner selbst, der einen Mythos nach dem anderen aufkl\u00e4ren mag, bis er vor der \u201eletzten Verschw\u00f6rung\u201c steht.<\/p>\n\n\n\n<p><strong>Das ist Moritz Eggert<br><\/strong><br>F\u00fcr Hausherrin Lotte de Beer ist er nicht nur Komponist, sondern so etwas wie ein Neuerfinder und Conf\u00e9rencier des Musiktheaters. In der Szene ist Eggert durch das Format \u201eOper f\u00fcr Ungeduldige\u201c bekannt, das in einer Minute die gro\u00dfen Werke der Opernliteratur erz\u00e4hlt. Diese Serie schreit dringend nach einer Fortf\u00fchrung. Der 1965 in Heidelberg geborene Eggert komponierte auch die Musik f\u00fcr die Er\u00f6ffnungszeremonie der Fu\u00dfballweltmeisterschaft 2006.<\/p>\n\n\n\n<ul><li>Barbara P\u00e1lffy\/Volksoper Wien<img loading=\"lazy\" src=\"https:\/\/soph-assets.orf.at\/sis\/image\/ce50f0bc-e800-4769-93db-78b417114089\/AAABhxQ0FEo\/AAABhKSy4UM\/topos_bigpicture_16_9\/moritz-eggert-die-letzte-verschwoerung108.jpeg\" alt=\"Szenenfoto aus der Operette, auf dem man den Darsteller Timothy Fallon zwischen Ballettt\u00e4nzerinnen in glitzernden Kost\u00fcmen sieht\" width=\"5577\" height=\"3137\">Timothy Fallon (Friedrich Quant) und das Wiener Staatsballett<\/li><li>Barbara P\u00e1lffy\/Volksoper Wien<img loading=\"lazy\" src=\"https:\/\/soph-assets.orf.at\/sis\/image\/eef36d1e-c4f0-4dd9-9f0f-58b2d2c87f03\/AAABhxMcw6c\/AAABhKSy4UM\/topos_bigpicture_16_9\/moritz-eggert-die-letzte-verschwoerung110.jpeg\" alt=\"Szenenfoto aus der Operette, bei der man eine Menschenmenge sieht, die Schilder mit der Aufschrift \u201eMenschheit First!\u201c in die H\u00f6he h\u00e4lt\" width=\"5439\" height=\"3059\">Timothy Fallon (Friedrich Quant) mit Ensemble<\/li><li>Barbara P\u00e1lffy\/Volksoper Wien<img loading=\"lazy\" src=\"https:\/\/soph-assets.orf.at\/sis\/image\/de689a57-0c38-44b5-8129-5652e06eeb3b\/AAABhxMdAt8\/AAABhKSy4UM\/topos_bigpicture_16_9\/moritz-eggert-die-letzte-verschwoerung104.jpeg\" alt=\"Szenenfoto aus der Operette, auf der zwei Darsteller auf einer Couch liegen, beide in schwarzem Gewand\" width=\"5079\" height=\"2857\">Wallis Giunta (Natalya Ostrova) und Daniel Schmutzhard (Der Kanzler)<\/li><li>Barbara P\u00e1lffy\/Volksoper Wien<img loading=\"lazy\" src=\"https:\/\/soph-assets.orf.at\/sis\/image\/d95345f6-5fe5-44a9-8f05-426459be4444\/AAABhxQzeBQ\/AAABhKSy4UM\/topos_bigpicture_16_9\/moritz-eggert-die-letzte-verschwoerung106.jpeg\" alt=\"Szenenfoto aus der Operette mit Menschenmenge vor Darstellern mit blutverschmierten Fleischhauerkost\u00fcmen\" width=\"5527\" height=\"3109\">Rebecca Nelsen (Lara Lechner), Timothy Fallon (Friedrich Quant), Jakob Semotan (Alois Dunkler), Ensemble<\/li><\/ul>\n\n\n\n<h2>Der vorsichtige \u201ePiefke\u201c<\/h2>\n\n\n\n<p>Dass er als \u201ePiefke\u201c seine Weltkom\u00f6die in \u00d6sterreich ansiedelt, hat f\u00fcr Eggert zwei Gr\u00fcnde, wie er im Gespr\u00e4ch erz\u00e4hlt. Einerseits sei nirgendwo auf der Welt, schon gar nicht in Deutschland, noch eine Operette platzierbar. Und dass man der Realit\u00e4t als \u201eWeltkom\u00f6die\u201c begegne, sei in Wien einer offenen Haltung und Tradition geschuldet, so Eggert, der freilich vermeidet, als Frankfurter die Wienerinnen und Wiener zu schulmeistern. Die Claus-Peymann-Zeit ist bei Eggert vorbei \u2013 wohl ist aber auch bei ihm wie zuletzt bei Barrie Kosky die Oper ins Fahrwasser von Serienplattformen gezogen. Das sehen wenige in dem Metier als Chance.<\/p>\n\n\n\n<p><strong>Hinweis:<\/strong>&nbsp;Eine k\u00fcrzere Version des Gespr\u00e4chs mit Moritz Eggert war am 22.3. um 23.03 Uhr im&nbsp;<a href=\"https:\/\/oe1.orf.at\/programm\/20230322\/712938\/Zeit-Ton-Magazin\">Zeit-Ton-Magazin<\/a>&nbsp;auf \u00d61 zu h\u00f6ren, ein Kurzbeitrag ist in &#8222;<a href=\"https:\/\/oe1.orf.at\/player\/20230324\/713026\">DesCis<\/a>&#8220; am 24.3. ab 11.30 Uhr verf\u00fcgbar.<\/p>\n\n\n\n<blockquote class=\"wp-block-quote\"><p>Wir haben Spoileralarm bei Netflix, aber im Opernhaus wird uns minuti\u00f6s vorher erz\u00e4hlt, was passieren wird \u2013 und das finde ich eigentlich schade.<\/p><\/blockquote>\n\n\n\n<p>Zu erwarten ist bei der Auff\u00fchrung, die am Samstag ihre Weltpremiere erlebt, ein flotter Gang durch die musikalischen Formen, die der in der klassischen Kompositionslehre geschulte Eggert flott um sich wirft. \u201eJedes Musiktheater ist immer auch ein Gang durch die Musikgeschichte\u201c, so Eggert. Entscheidend sei, dass alles f\u00fcr die Wirkung und f\u00fcr den Zusammenhalt der Dramaturgie funktioniere. So habe sich ja auch Wolfgang Amadeus Mozart an seine Werke gesetzt. \u201eDie Zauberfl\u00f6te ist doch ein St\u00fcck, bei dem man eigentlich nie so genau wei\u00df, worum es exakt geht, aber stets haben wir dabei eine intuitive Vorstellung\u201c, so der Komponist.<\/p>\n\n\n\n<p>Dass man mit einem Ohrwurm aus der Oper in die Nacht zieht, glaubt Eggert nicht, doch schon jetzt darf man wetten: Die Nummer \u201eIm Stadtpark\u201c hat Gassenhauerpotenzial.<\/p>\n\n\n\n<p><em>Gerald Heidegger (Text und Gestaltung), ORF Topos, Helene Breisach (Audio), \u00d61, f\u00fcr ORF Topos, Bernie Schmidt (Kamera), f\u00fcr ORF Topos, Marlene Mayer (Schnitt), f\u00fcr ORF Topos<\/em><\/p>\n\n\n\n<h2>Links:<\/h2>\n\n\n\n<ul><li><a href=\"https:\/\/www.volksoper.at\/produktion\/die-letzte-verschworung-2023.de.html\">\u201eDie letzte Verschw\u00f6rung\u201c, Volksoper Wien<\/a><\/li><li><a href=\"https:\/\/www.moritzeggert.de\/\">Moritz Eggert<\/a><\/li><\/ul>\n\n\n\n<p>v1.0.4-production (14. March 2023, 10:02:17)<\/p>\n\n\n\n<p>QELLE : ORF.AT TOPOS <\/p>\n\n\n\n<p><\/p>\n","protected":false},"excerpt":{"rendered":"<p>Staatsoperette \u00d6sterreich Staatsoperette \u00d6sterreich teilenB\u00fchneMusik 24. M\u00e4rz 2023, 16:44 Uhr Eine Operettenurauff\u00fchrung im Jahr 2023? Man darf sich dieser Tage in Wien die Augen reiben, wenn der deutsche Komponist und auch Entertainer Moritz Eggert dem ganzen Land eine Operette auf den Leib schneidert \u2013 und vom ORF bis zu Andr\u00e9<span class=\"more-link\"><a href=\"https:\/\/wienernachrichten.at\/?p=1021\">Continue Reading<\/a><\/span><\/p>\n","protected":false},"author":2,"featured_media":0,"comment_status":"open","ping_status":"open","sticky":false,"template":"","format":"standard","meta":[],"categories":[1],"tags":[],"_links":{"self":[{"href":"https:\/\/wienernachrichten.at\/index.php?rest_route=\/wp\/v2\/posts\/1021"}],"collection":[{"href":"https:\/\/wienernachrichten.at\/index.php?rest_route=\/wp\/v2\/posts"}],"about":[{"href":"https:\/\/wienernachrichten.at\/index.php?rest_route=\/wp\/v2\/types\/post"}],"author":[{"embeddable":true,"href":"https:\/\/wienernachrichten.at\/index.php?rest_route=\/wp\/v2\/users\/2"}],"replies":[{"embeddable":true,"href":"https:\/\/wienernachrichten.at\/index.php?rest_route=%2Fwp%2Fv2%2Fcomments&post=1021"}],"version-history":[{"count":1,"href":"https:\/\/wienernachrichten.at\/index.php?rest_route=\/wp\/v2\/posts\/1021\/revisions"}],"predecessor-version":[{"id":1022,"href":"https:\/\/wienernachrichten.at\/index.php?rest_route=\/wp\/v2\/posts\/1021\/revisions\/1022"}],"wp:attachment":[{"href":"https:\/\/wienernachrichten.at\/index.php?rest_route=%2Fwp%2Fv2%2Fmedia&parent=1021"}],"wp:term":[{"taxonomy":"category","embeddable":true,"href":"https:\/\/wienernachrichten.at\/index.php?rest_route=%2Fwp%2Fv2%2Fcategories&post=1021"},{"taxonomy":"post_tag","embeddable":true,"href":"https:\/\/wienernachrichten.at\/index.php?rest_route=%2Fwp%2Fv2%2Ftags&post=1021"}],"curies":[{"name":"wp","href":"https:\/\/api.w.org\/{rel}","templated":true}]}}