{"id":1013,"date":"2023-03-31T16:12:05","date_gmt":"2023-03-31T15:12:05","guid":{"rendered":"http:\/\/wienernachrichten.at\/?p=1013"},"modified":"2023-03-31T16:12:05","modified_gmt":"2023-03-31T15:12:05","slug":"technik-it","status":"publish","type":"post","link":"https:\/\/wienernachrichten.at\/?p=1013","title":{"rendered":"TECHNIK &amp; IT"},"content":{"rendered":"\n<h1>Jeder F\u00fcnfte verzichtet auf Datensicherung<\/h1>\n\n\n\n<p><strong>Am 31. M\u00e4rz ist \u201eWorldBackupDay\u201c \u2013 der internationale Tag der Datensicherung. Der kuriose Feiertag soll daran erinnern, Daten nicht nur auf einem Ger\u00e4t zu belassen, sondern eine Sicherheitskopie anzulegen.<\/strong>Online seit heute, 10.00 UhrTeilen<\/p>\n\n\n\n<p>Familien- und Urlaubsfotos, Chats und Kontakte: Handys, Laptops und sonstige digitale Endger\u00e4te sind voll mit pers\u00f6nlichen Daten. Trotzdem wird der Datensicherung kein gro\u00dfer Stellenwert zugemessen. Laut den Initiatoren des \u201eWorldBackupDay\u201c haben 21 Prozent der Nutzerinnen und Nutzern noch nie ein Backup gemacht. Und das obwohl 113 Handys min\u00fctlich verloren gehen oder gestohlen werden. Kein Backup bedeutet dabei ein gro\u00dfes Risiko: Ist n\u00e4mlich etwa das Handy weg, sind oftmals auch alle darauf gespeicherten Daten weg.<\/p>\n\n\n\n<h2>Notwendigkeit von Backups wird untersch\u00e4tzt<\/h2>\n\n\n\n<p>Doch warum machen trotzdem so viele Userinnen und User kein Backup? \u201eIch denke, dass viele Menschen sich nicht \u00fcber die Notwendigkeit von Backups bewusst sind, beziehungsweise nicht wissen, wie sie ein Backup durchf\u00fchren k\u00f6nnen\u201c, sagt Computerexperte Kurt Nemec von der VHS Gro\u00df Enzersdorf.<\/p>\n\n\n\n<p>Wer seine Daten sichern m\u00f6chte, h\u00e4tte jedoch gleich mehrere M\u00f6glichkeiten. \u201eEinerseits mit Hardware, zum Beispiel mit externer Festplatte, USB-Laufwerken oder Speicherkarten. Andererseits mit Software-L\u00f6sungen wie zum Beispiel Cloud-Speichern oder einer speziellen Backup-Software\u201c, erkl\u00e4rt Nemec im Gespr\u00e4ch mit noe.ORF.at. Wer seine Daten etwa in einer Cloud sichert, kann auch einrichten, dass diese Sicherung regelm\u00e4\u00dfig automatisch im Hintergrund passiert.<\/p>\n\n\n\n<h2>Gesicherte Daten ebenfalls sichern<\/h2>\n\n\n\n<p>Mit der Erstellung einer Sicherheitskopie ist es jedoch noch nicht ganz abgetan, meint der Experte, denn auch gesicherte Daten m\u00fcssten gesichert werden. \u201eOnline kann ich meine Daten am besten mit einem starken Zugangspasswort oder einer Zwei-Faktoren-Authentifizierung sichern\u201c, so Nemec. Auf einer Festplatte lohne es sich, Verschl\u00fcsselungsprogramme zu verwenden, um den Zugriff darauf noch sicherer zu machen.<\/p>\n\n\n\n<p>QELLE : ORF.AT<\/p>\n\n\n\n<p><\/p>\n\n\n\n<p><\/p>\n","protected":false},"excerpt":{"rendered":"<p>Jeder F\u00fcnfte verzichtet auf Datensicherung Am 31. M\u00e4rz ist \u201eWorldBackupDay\u201c \u2013 der internationale Tag der Datensicherung. Der kuriose Feiertag soll daran erinnern, Daten nicht nur auf einem Ger\u00e4t zu belassen, sondern eine Sicherheitskopie anzulegen.Online seit heute, 10.00 UhrTeilen Familien- und Urlaubsfotos, Chats und Kontakte: Handys, Laptops und sonstige digitale Endger\u00e4te<span class=\"more-link\"><a href=\"https:\/\/wienernachrichten.at\/?p=1013\">Continue Reading<\/a><\/span><\/p>\n","protected":false},"author":2,"featured_media":0,"comment_status":"open","ping_status":"open","sticky":false,"template":"","format":"standard","meta":[],"categories":[1],"tags":[],"_links":{"self":[{"href":"https:\/\/wienernachrichten.at\/index.php?rest_route=\/wp\/v2\/posts\/1013"}],"collection":[{"href":"https:\/\/wienernachrichten.at\/index.php?rest_route=\/wp\/v2\/posts"}],"about":[{"href":"https:\/\/wienernachrichten.at\/index.php?rest_route=\/wp\/v2\/types\/post"}],"author":[{"embeddable":true,"href":"https:\/\/wienernachrichten.at\/index.php?rest_route=\/wp\/v2\/users\/2"}],"replies":[{"embeddable":true,"href":"https:\/\/wienernachrichten.at\/index.php?rest_route=%2Fwp%2Fv2%2Fcomments&post=1013"}],"version-history":[{"count":1,"href":"https:\/\/wienernachrichten.at\/index.php?rest_route=\/wp\/v2\/posts\/1013\/revisions"}],"predecessor-version":[{"id":1014,"href":"https:\/\/wienernachrichten.at\/index.php?rest_route=\/wp\/v2\/posts\/1013\/revisions\/1014"}],"wp:attachment":[{"href":"https:\/\/wienernachrichten.at\/index.php?rest_route=%2Fwp%2Fv2%2Fmedia&parent=1013"}],"wp:term":[{"taxonomy":"category","embeddable":true,"href":"https:\/\/wienernachrichten.at\/index.php?rest_route=%2Fwp%2Fv2%2Fcategories&post=1013"},{"taxonomy":"post_tag","embeddable":true,"href":"https:\/\/wienernachrichten.at\/index.php?rest_route=%2Fwp%2Fv2%2Ftags&post=1013"}],"curies":[{"name":"wp","href":"https:\/\/api.w.org\/{rel}","templated":true}]}}